{"id":11122,"date":"2025-09-30T20:27:14","date_gmt":"2025-09-30T23:27:14","guid":{"rendered":"https:\/\/focotocantinense.com.br\/?p=11122"},"modified":"2025-09-30T20:29:57","modified_gmt":"2025-09-30T23:29:57","slug":"escritora-ana-marcia-barros-leva-projeto-leia-mulheres-negras-a-escola-municipal-ilza-borges","status":"publish","type":"post","link":"https:\/\/focotocantinense.com.br\/?p=11122","title":{"rendered":"Escritora Ana M\u00e1rcia Barros Leva Projeto Leia Mulheres Negras \u00e0 Escola Municipal Ilza Borges"},"content":{"rendered":"\n<figure class=\"wp-block-image size-large is-resized\"><img loading=\"lazy\" decoding=\"async\" width=\"1024\" height=\"768\" src=\"https:\/\/focotocantinense.com.br\/wp-content\/uploads\/2025\/09\/3-ANA-MARCIA-DA-PALESTRA-EM-ESCOLA-DE-GURUPI-1024x768.jpeg\" alt=\"\" class=\"wp-image-11123\" style=\"width:390px;height:auto\" srcset=\"https:\/\/focotocantinense.com.br\/wp-content\/uploads\/2025\/09\/3-ANA-MARCIA-DA-PALESTRA-EM-ESCOLA-DE-GURUPI-1024x768.jpeg 1024w, https:\/\/focotocantinense.com.br\/wp-content\/uploads\/2025\/09\/3-ANA-MARCIA-DA-PALESTRA-EM-ESCOLA-DE-GURUPI-300x225.jpeg 300w, https:\/\/focotocantinense.com.br\/wp-content\/uploads\/2025\/09\/3-ANA-MARCIA-DA-PALESTRA-EM-ESCOLA-DE-GURUPI-768x576.jpeg 768w, https:\/\/focotocantinense.com.br\/wp-content\/uploads\/2025\/09\/3-ANA-MARCIA-DA-PALESTRA-EM-ESCOLA-DE-GURUPI-1536x1152.jpeg 1536w, https:\/\/focotocantinense.com.br\/wp-content\/uploads\/2025\/09\/3-ANA-MARCIA-DA-PALESTRA-EM-ESCOLA-DE-GURUPI.jpeg 1600w\" sizes=\"auto, (max-width: 1024px) 100vw, 1024px\" \/><\/figure>\n\n\n\n<p><\/p>\n\n\n\n<p>Titular da Academia Gurupiense de Letras (AGL), a escritora Ana M\u00e1rcia Barros, esteve nesta segunda-feira (25), na Escola Municipal Ilza Borges, em Gurupi, onde colocou em pr\u00e1tica o Projeto Leia Mulheres Negras, que foi contemplado pelo Edital da Pol\u00edtica Aldir Blanc 2024, com recursos do Minist\u00e9rio da Cultura (MinC), operacionalizados pela Secretaria de Cultura do Tocantins (Secult).<\/p>\n\n\n\n<figure class=\"wp-block-image size-large is-resized\"><img loading=\"lazy\" decoding=\"async\" width=\"1024\" height=\"768\" src=\"https:\/\/focotocantinense.com.br\/wp-content\/uploads\/2025\/09\/2-ANA-MARCIA-DA-PALESTRA-EM-ESCOLA-DE-GURUPI-1024x768.jpeg\" alt=\"\" class=\"wp-image-11125\" style=\"width:404px;height:auto\" srcset=\"https:\/\/focotocantinense.com.br\/wp-content\/uploads\/2025\/09\/2-ANA-MARCIA-DA-PALESTRA-EM-ESCOLA-DE-GURUPI-1024x768.jpeg 1024w, https:\/\/focotocantinense.com.br\/wp-content\/uploads\/2025\/09\/2-ANA-MARCIA-DA-PALESTRA-EM-ESCOLA-DE-GURUPI-300x225.jpeg 300w, https:\/\/focotocantinense.com.br\/wp-content\/uploads\/2025\/09\/2-ANA-MARCIA-DA-PALESTRA-EM-ESCOLA-DE-GURUPI-768x576.jpeg 768w, https:\/\/focotocantinense.com.br\/wp-content\/uploads\/2025\/09\/2-ANA-MARCIA-DA-PALESTRA-EM-ESCOLA-DE-GURUPI-1536x1152.jpeg 1536w, https:\/\/focotocantinense.com.br\/wp-content\/uploads\/2025\/09\/2-ANA-MARCIA-DA-PALESTRA-EM-ESCOLA-DE-GURUPI.jpeg 1600w\" sizes=\"auto, (max-width: 1024px) 100vw, 1024px\" \/><\/figure>\n\n\n\n<p><\/p>\n\n\n\n<p>A autora explica que o foco do projeto \u00e9 incentivar a literatura da mulher afro-brasileira e fomentar a discuss\u00e3o e a aprecia\u00e7\u00e3o de textos de escritoras negras que muitas vezes foram invisibilizadas n\u00e3o s\u00f3 nas escolas, mas tamb\u00e9m na literatura brasileira em geral.<\/p>\n\n\n\n<figure class=\"wp-block-image size-large\"><img loading=\"lazy\" decoding=\"async\" width=\"1024\" height=\"768\" src=\"https:\/\/focotocantinense.com.br\/wp-content\/uploads\/2025\/09\/1-ANA-MARCIA-DA-PALESTRA-EM-ESCOLA-DE-GURUPI-1024x768.jpg\" alt=\"\" class=\"wp-image-11127\" srcset=\"https:\/\/focotocantinense.com.br\/wp-content\/uploads\/2025\/09\/1-ANA-MARCIA-DA-PALESTRA-EM-ESCOLA-DE-GURUPI-1024x768.jpg 1024w, https:\/\/focotocantinense.com.br\/wp-content\/uploads\/2025\/09\/1-ANA-MARCIA-DA-PALESTRA-EM-ESCOLA-DE-GURUPI-300x225.jpg 300w, https:\/\/focotocantinense.com.br\/wp-content\/uploads\/2025\/09\/1-ANA-MARCIA-DA-PALESTRA-EM-ESCOLA-DE-GURUPI-768x576.jpg 768w, https:\/\/focotocantinense.com.br\/wp-content\/uploads\/2025\/09\/1-ANA-MARCIA-DA-PALESTRA-EM-ESCOLA-DE-GURUPI-1536x1152.jpg 1536w, https:\/\/focotocantinense.com.br\/wp-content\/uploads\/2025\/09\/1-ANA-MARCIA-DA-PALESTRA-EM-ESCOLA-DE-GURUPI.jpg 1600w\" sizes=\"auto, (max-width: 1024px) 100vw, 1024px\" \/><\/figure>\n\n\n\n<p><\/p>\n\n\n\n<p>Na oportunidade, Ana M\u00e1rcia divulgou a segunda edi\u00e7\u00e3o de seu livro de poemas \u201cPelo retrovisor\u201d, publicado pela Editora Veloso.<\/p>\n\n\n\n<figure class=\"wp-block-image size-large\"><img loading=\"lazy\" decoding=\"async\" width=\"1024\" height=\"768\" src=\"https:\/\/focotocantinense.com.br\/wp-content\/uploads\/2025\/09\/4-ANA-MARCIA-DA-PALESTRA-EM-ESCOLA-DE-GURUPI-1024x768.jpeg\" alt=\"\" class=\"wp-image-11128\" srcset=\"https:\/\/focotocantinense.com.br\/wp-content\/uploads\/2025\/09\/4-ANA-MARCIA-DA-PALESTRA-EM-ESCOLA-DE-GURUPI-1024x768.jpeg 1024w, https:\/\/focotocantinense.com.br\/wp-content\/uploads\/2025\/09\/4-ANA-MARCIA-DA-PALESTRA-EM-ESCOLA-DE-GURUPI-300x225.jpeg 300w, https:\/\/focotocantinense.com.br\/wp-content\/uploads\/2025\/09\/4-ANA-MARCIA-DA-PALESTRA-EM-ESCOLA-DE-GURUPI-768x576.jpeg 768w, https:\/\/focotocantinense.com.br\/wp-content\/uploads\/2025\/09\/4-ANA-MARCIA-DA-PALESTRA-EM-ESCOLA-DE-GURUPI-1536x1152.jpeg 1536w, https:\/\/focotocantinense.com.br\/wp-content\/uploads\/2025\/09\/4-ANA-MARCIA-DA-PALESTRA-EM-ESCOLA-DE-GURUPI.jpeg 1600w\" sizes=\"auto, (max-width: 1024px) 100vw, 1024px\" \/><\/figure>\n\n\n\n<p><\/p>\n\n\n\n<p><strong>PERFIL DA AUTORA<\/strong><br>Ana M\u00e1rcia Barros \u00e9 poeta, estreou oficialmente no mundo da literatura, em meados de 1998, quando participou da Antologia Liter\u00e1ria Internacional Del&#8217;Secchi, organizada em Vassouras (RJ), por Roberto de Castro Del&#8217;Secch. Nesse mesmo ano, participou da Antologia Mensageiro em Prosa &amp; Verso, publicada em Porto Alegre (RS), pelo editor Arthur Filho. J\u00e1 em 1999, participou do livro 2\u00ba Encontro de Escritores, publicado pela Livraria e Editora Borkc, da cidade ga\u00facha de S\u00e3o Luiz Gonzaga. Tamb\u00e9m nesse mesmo ano, teve trabalhos inseridos no primeiro volume da Antologia Liter\u00e1ria da Universidade do Paran\u00e1 &#8211; Unipar e no Anu\u00e1rio de Poetas e Escritores de Gurupi. \u00c9 verbete no Dicion\u00e1rio Biobibliogr\u00e1fico de Autores Brasileiros Contempor\u00e2neos, publicado em 1997 em Teresina (PI), sob a organiza\u00e7\u00e3o de Adri\u00e3o Neto, da Academia Piauiense de Letras. Tamb\u00e9m se encontra presente no Endere\u00e7\u00e1rio Cultural, publicado em Santa Catarina pelo ativista cultural Abel Pereira. \u00c9 titular da Academia Gurupiense de Letras, onde ocupa a Cadeira de n\u00ba 05. Pertence ainda, a Academia Petropolitana de Poesia Raul de Leoni (RJ), Associa\u00e7\u00e3o de Escritores do Amazonas, Casa do Poeta Belmiro Braga, de Juiz de Fora (MG), Casa do Poeta e do Escritor de Ribeiro Preto (SP) e Sociedade de Cultura Latina do Brasil. Integrou o Col\u00e9gio Eleitoral do Pr\u00eamio Multicultural Estad\u00e3o 2000. \u00c9 autora do livro Caminhos (poesias), publicado em 2000, dentre outros.<\/p>\n\n\n\n<figure class=\"wp-block-image size-full is-resized\"><img loading=\"lazy\" decoding=\"async\" width=\"727\" height=\"184\" src=\"https:\/\/focotocantinense.com.br\/wp-content\/uploads\/2025\/09\/SHOW-DE-HUMOR-DE-VINICIUS-MARTINS-8.jpeg\" alt=\"\" class=\"wp-image-11129\" style=\"width:840px;height:auto\" srcset=\"https:\/\/focotocantinense.com.br\/wp-content\/uploads\/2025\/09\/SHOW-DE-HUMOR-DE-VINICIUS-MARTINS-8.jpeg 727w, https:\/\/focotocantinense.com.br\/wp-content\/uploads\/2025\/09\/SHOW-DE-HUMOR-DE-VINICIUS-MARTINS-8-300x76.jpeg 300w\" sizes=\"auto, (max-width: 727px) 100vw, 727px\" \/><\/figure>\n","protected":false},"excerpt":{"rendered":"<p>Titular da Academia Gurupiense de Letras (AGL), a escritora Ana M\u00e1rcia Barros, esteve nesta segunda-feira (25), na Escola Municipal Ilza Borges, em Gurupi, onde colocou em pr\u00e1tica o Projeto Leia Mulheres Negras, que foi contemplado pelo Edital da Pol\u00edtica Aldir Blanc 2024, com recursos do Minist\u00e9rio da Cultura (MinC), operacionalizados pela Secretaria de Cultura do &hellip;<\/p>\n","protected":false},"author":5,"featured_media":11123,"comment_status":"open","ping_status":"open","sticky":false,"template":"","format":"standard","meta":{"footnotes":""},"categories":[38],"tags":[],"class_list":["post-11122","post","type-post","status-publish","format-standard","has-post-thumbnail","","category-gurupi"],"_links":{"self":[{"href":"https:\/\/focotocantinense.com.br\/index.php?rest_route=\/wp\/v2\/posts\/11122","targetHints":{"allow":["GET"]}}],"collection":[{"href":"https:\/\/focotocantinense.com.br\/index.php?rest_route=\/wp\/v2\/posts"}],"about":[{"href":"https:\/\/focotocantinense.com.br\/index.php?rest_route=\/wp\/v2\/types\/post"}],"author":[{"embeddable":true,"href":"https:\/\/focotocantinense.com.br\/index.php?rest_route=\/wp\/v2\/users\/5"}],"replies":[{"embeddable":true,"href":"https:\/\/focotocantinense.com.br\/index.php?rest_route=%2Fwp%2Fv2%2Fcomments&post=11122"}],"version-history":[{"count":3,"href":"https:\/\/focotocantinense.com.br\/index.php?rest_route=\/wp\/v2\/posts\/11122\/revisions"}],"predecessor-version":[{"id":11130,"href":"https:\/\/focotocantinense.com.br\/index.php?rest_route=\/wp\/v2\/posts\/11122\/revisions\/11130"}],"wp:featuredmedia":[{"embeddable":true,"href":"https:\/\/focotocantinense.com.br\/index.php?rest_route=\/wp\/v2\/media\/11123"}],"wp:attachment":[{"href":"https:\/\/focotocantinense.com.br\/index.php?rest_route=%2Fwp%2Fv2%2Fmedia&parent=11122"}],"wp:term":[{"taxonomy":"category","embeddable":true,"href":"https:\/\/focotocantinense.com.br\/index.php?rest_route=%2Fwp%2Fv2%2Fcategories&post=11122"},{"taxonomy":"post_tag","embeddable":true,"href":"https:\/\/focotocantinense.com.br\/index.php?rest_route=%2Fwp%2Fv2%2Ftags&post=11122"}],"curies":[{"name":"wp","href":"https:\/\/api.w.org\/{rel}","templated":true}]}}