{"id":11119,"date":"2025-09-29T09:44:17","date_gmt":"2025-09-29T12:44:17","guid":{"rendered":"https:\/\/focotocantinense.com.br\/?p=11119"},"modified":"2025-09-29T09:44:18","modified_gmt":"2025-09-29T12:44:18","slug":"toinho-andrade-entrega-trator-a-associacao-da-grota-da-pedra-em-monte-santo-do-tocantins","status":"publish","type":"post","link":"https:\/\/focotocantinense.com.br\/?p=11119","title":{"rendered":"Toinho Andrade entrega trator \u00e0 Associa\u00e7\u00e3o da Grota da Pedra em Monte Santo do Tocantins"},"content":{"rendered":"\n<p>A Associa\u00e7\u00e3o dos Assentados da Fazenda Grota da Pedra, em Monte Santo do Tocantins, comemorou a entrega de um trator com grade doado pelo deputado federal Toinho Andrade (Republicanos-TO). O equipamento chega para impulsionar a produ\u00e7\u00e3o agr\u00edcola local e melhorar as condi\u00e7\u00f5es de trabalho no campo.<\/p>\n\n\n\n<figure class=\"wp-block-image size-large is-resized\"><img loading=\"lazy\" decoding=\"async\" width=\"1024\" height=\"768\" src=\"https:\/\/focotocantinense.com.br\/wp-content\/uploads\/2025\/09\/WhatsApp-Image-2025-09-29-at-09.36.21-1024x768.jpeg\" alt=\"\" class=\"wp-image-11120\" style=\"width:393px;height:auto\" srcset=\"https:\/\/focotocantinense.com.br\/wp-content\/uploads\/2025\/09\/WhatsApp-Image-2025-09-29-at-09.36.21-1024x768.jpeg 1024w, https:\/\/focotocantinense.com.br\/wp-content\/uploads\/2025\/09\/WhatsApp-Image-2025-09-29-at-09.36.21-300x225.jpeg 300w, https:\/\/focotocantinense.com.br\/wp-content\/uploads\/2025\/09\/WhatsApp-Image-2025-09-29-at-09.36.21-768x576.jpeg 768w, https:\/\/focotocantinense.com.br\/wp-content\/uploads\/2025\/09\/WhatsApp-Image-2025-09-29-at-09.36.21.jpeg 1280w\" sizes=\"auto, (max-width: 1024px) 100vw, 1024px\" \/><\/figure>\n\n\n\n<p>O evento contou com a presen\u00e7a de lideran\u00e7as pol\u00edticas, como Ailton Contador, e do presidente da associa\u00e7\u00e3o, Waldimiro Araujo, que ressaltaram a import\u00e2ncia do maquin\u00e1rio para o desenvolvimento do assentamento e o fortalecimento da agricultura familiar.<\/p>\n\n\n\n<p>Toinho Andrade reafirmou seu compromisso com o setor rural. \u201cApoiar quem vive e trabalha no campo \u00e9 garantir dignidade, renda e futuro. Podem contar comigo para continuar buscando melhorias para Monte Santo e toda a regi\u00e3o\u201d, destacou.<\/p>\n\n\n\n<p>A entrega do trator representa um avan\u00e7o importante para a comunidade e refor\u00e7a a necessidade de investimentos p\u00fablicos que valorizem a agricultura familiar, fundamental para a economia e a seguran\u00e7a alimentar do estado.<\/p>\n","protected":false},"excerpt":{"rendered":"<p>A Associa\u00e7\u00e3o dos Assentados da Fazenda Grota da Pedra, em Monte Santo do Tocantins, comemorou a entrega de um trator com grade doado pelo deputado federal Toinho Andrade (Republicanos-TO). O equipamento chega para impulsionar a produ\u00e7\u00e3o agr\u00edcola local e melhorar as condi\u00e7\u00f5es de trabalho no campo. O evento contou com a presen\u00e7a de lideran\u00e7as pol\u00edticas, &hellip;<\/p>\n","protected":false},"author":5,"featured_media":11120,"comment_status":"open","ping_status":"open","sticky":false,"template":"","format":"standard","meta":{"footnotes":""},"categories":[1],"tags":[],"class_list":["post-11119","post","type-post","status-publish","format-standard","has-post-thumbnail","","category-sem-categoria"],"_links":{"self":[{"href":"https:\/\/focotocantinense.com.br\/index.php?rest_route=\/wp\/v2\/posts\/11119","targetHints":{"allow":["GET"]}}],"collection":[{"href":"https:\/\/focotocantinense.com.br\/index.php?rest_route=\/wp\/v2\/posts"}],"about":[{"href":"https:\/\/focotocantinense.com.br\/index.php?rest_route=\/wp\/v2\/types\/post"}],"author":[{"embeddable":true,"href":"https:\/\/focotocantinense.com.br\/index.php?rest_route=\/wp\/v2\/users\/5"}],"replies":[{"embeddable":true,"href":"https:\/\/focotocantinense.com.br\/index.php?rest_route=%2Fwp%2Fv2%2Fcomments&post=11119"}],"version-history":[{"count":1,"href":"https:\/\/focotocantinense.com.br\/index.php?rest_route=\/wp\/v2\/posts\/11119\/revisions"}],"predecessor-version":[{"id":11121,"href":"https:\/\/focotocantinense.com.br\/index.php?rest_route=\/wp\/v2\/posts\/11119\/revisions\/11121"}],"wp:featuredmedia":[{"embeddable":true,"href":"https:\/\/focotocantinense.com.br\/index.php?rest_route=\/wp\/v2\/media\/11120"}],"wp:attachment":[{"href":"https:\/\/focotocantinense.com.br\/index.php?rest_route=%2Fwp%2Fv2%2Fmedia&parent=11119"}],"wp:term":[{"taxonomy":"category","embeddable":true,"href":"https:\/\/focotocantinense.com.br\/index.php?rest_route=%2Fwp%2Fv2%2Fcategories&post=11119"},{"taxonomy":"post_tag","embeddable":true,"href":"https:\/\/focotocantinense.com.br\/index.php?rest_route=%2Fwp%2Fv2%2Ftags&post=11119"}],"curies":[{"name":"wp","href":"https:\/\/api.w.org\/{rel}","templated":true}]}}