{"id":11115,"date":"2025-09-26T20:27:56","date_gmt":"2025-09-26T23:27:56","guid":{"rendered":"https:\/\/focotocantinense.com.br\/?p=11115"},"modified":"2025-09-26T20:27:57","modified_gmt":"2025-09-26T23:27:57","slug":"presidente-da-associacao-gurupiense-de-artesaos-ministra-oficina-de-flor-artesanal-em-ipueiras","status":"publish","type":"post","link":"https:\/\/focotocantinense.com.br\/?p=11115","title":{"rendered":"Presidente da Associa\u00e7\u00e3o Gurupiense de Artes\u00e3os ministra oficina de flor artesanal em Ipueiras"},"content":{"rendered":"\n<p>A convite da Assistente Social Leila Novais a Presidente da Associa\u00e7\u00e3o dos Artes\u00e3os de Gurupi Maria do Socorro Sousa Barros, que al\u00e9m de Presidente \u00e9 tamb\u00e9m, Coordenadora do Comit\u00ea de cultura no Tocantins em parceria com o Governo do Tocantins, veio a Ipueiras para ministrar uma Oficina com o tema Transmiss\u00e3o de saberes.A Secret\u00e1ria de Assist\u00eancia Social Franc\u00e9lia Guida Soares juntamente com a Prefeitura Municipal deram o maior suporte para que o evento pudesse acontecer.<\/p>\n\n\n\n<figure class=\"wp-block-image size-large is-resized\"><img loading=\"lazy\" decoding=\"async\" width=\"1024\" height=\"768\" src=\"https:\/\/focotocantinense.com.br\/wp-content\/uploads\/2025\/09\/1-AAAAA-1024x768.jpg\" alt=\"\" class=\"wp-image-11116\" style=\"width:393px;height:auto\" srcset=\"https:\/\/focotocantinense.com.br\/wp-content\/uploads\/2025\/09\/1-AAAAA-1024x768.jpg 1024w, https:\/\/focotocantinense.com.br\/wp-content\/uploads\/2025\/09\/1-AAAAA-300x225.jpg 300w, https:\/\/focotocantinense.com.br\/wp-content\/uploads\/2025\/09\/1-AAAAA-768x576.jpg 768w, https:\/\/focotocantinense.com.br\/wp-content\/uploads\/2025\/09\/1-AAAAA-1536x1152.jpg 1536w, https:\/\/focotocantinense.com.br\/wp-content\/uploads\/2025\/09\/1-AAAAA.jpg 1600w\" sizes=\"auto, (max-width: 1024px) 100vw, 1024px\" \/><\/figure>\n\n\n\n<p><\/p>\n\n\n\n<p><br>Para Maria do Socorro, o evento foi gratificante, \u201cA oficina foi gratificante por ver o interesse das mulheres, a participa\u00e7\u00e3o de todas, a aten\u00e7\u00e3o, a troca de saberes entre umas com as outras, o apoio do CRAS foi importante por proporcionar esse espa\u00e7o para as mulheres para esse momento de aprendizado e conhecimento, essa participa\u00e7\u00e3o que poder\u00e1 gerar outros artesanatos onde elas poder\u00e3o ter a sua renda pr\u00f3pria com a economia criativa, podem juntar um grupo mobilizar e fomentar mais ainda a economia local tendo esse apoio da Prefeitura, das secretarias e elas podem participar de v\u00e1rios projetos para fomentar economia local\u201d.<\/p>\n\n\n\n<p>Tamb\u00e9m esteve presente Rumana Pereira da Silva, artes\u00e3 h\u00e1 20 anos. Faz Bordados, croch\u00ea, pano de prato, doce entre outras artes, e o artes\u00e3o Lucio Lira tamb\u00e9m de Gurupi.O evento contou com a participa\u00e7\u00e3o e colabora\u00e7\u00e3o da Equipe do CRAS, Psic\u00f3loga La\u00eds Regina Damacena Ramalho, a Coordenadora dos Idosos Solange Martins e a Coordenadora do CRAS S\u00f4nia Nunes Carvalho.<\/p>\n\n\n\n<p>Marlene Ferreira dos Santos, ressaltou que: \u201cquero agradecer a equipe do CRAS pelo a oficina de hoje, pois foi muito importante pra n\u00f3s do Servi\u00e7o de Prote\u00e7\u00e3o e Atendimento Integral \u00e1 Fam\u00edlia \u2013 PAIF. Onde gente pode ter uma renda extra com artesanato feito de coisas que muitas vezes jogamos fora, podemos reciclar e usar no artesanato.<\/p>\n\n\n\n<p>J\u00e1 a Sra. Ilma de Fran\u00e7a de Ara\u00fajo n\u00f3s disse: Eu gostei muito do nosso curso de flores, a professora foi muito atenciosa, explicou direitinho foi muito proveitoso o curso, gostei pois nos presenteou com as apostilas, tamb\u00e9m podemos ver v\u00e1rios outros tipos de artesanato que ela trouxe, al\u00e9m do que a gente j\u00e1 confecciona, e eu quero parabenizar o pessoal do CRAS n\u00e9 todo mundo e tamb\u00e9m nossos Prefeito por estar proporcionando essa oportunidade para n\u00f3s\u201d.<\/p>\n\n\n\n<figure class=\"wp-block-image size-large\"><img loading=\"lazy\" decoding=\"async\" width=\"1024\" height=\"768\" src=\"https:\/\/focotocantinense.com.br\/wp-content\/uploads\/2025\/09\/2-SOCORRO-1024x768.jpeg\" alt=\"\" class=\"wp-image-11117\" srcset=\"https:\/\/focotocantinense.com.br\/wp-content\/uploads\/2025\/09\/2-SOCORRO-1024x768.jpeg 1024w, https:\/\/focotocantinense.com.br\/wp-content\/uploads\/2025\/09\/2-SOCORRO-300x225.jpeg 300w, https:\/\/focotocantinense.com.br\/wp-content\/uploads\/2025\/09\/2-SOCORRO-768x576.jpeg 768w, https:\/\/focotocantinense.com.br\/wp-content\/uploads\/2025\/09\/2-SOCORRO-1536x1152.jpeg 1536w, https:\/\/focotocantinense.com.br\/wp-content\/uploads\/2025\/09\/2-SOCORRO.jpeg 1600w\" sizes=\"auto, (max-width: 1024px) 100vw, 1024px\" \/><\/figure>\n\n\n\n<p><br>Para a Assistente Social do CRAS Leila Novais essa oficina \u00e9 muito importante, pois al\u00e9m de aprimorar as habilidades motoras e criativas, tamb\u00e9m melhora a sa\u00fade mental e o bem-estar, onde os membros da comunidade possam aprender v\u00e1rias coisas e trazer mais novidades para a cidade\u201d Finalizou.&nbsp;<em><strong>(Leila Novais)<\/strong><\/em><\/p>\n\n\n\n<figure class=\"wp-block-image size-full is-resized\"><img loading=\"lazy\" decoding=\"async\" width=\"727\" height=\"184\" src=\"https:\/\/focotocantinense.com.br\/wp-content\/uploads\/2025\/09\/SHOW-DE-HUMOR-DE-VINICIUS-MARTINS-7.jpeg\" alt=\"\" class=\"wp-image-11107\" style=\"width:840px;height:auto\" srcset=\"https:\/\/focotocantinense.com.br\/wp-content\/uploads\/2025\/09\/SHOW-DE-HUMOR-DE-VINICIUS-MARTINS-7.jpeg 727w, https:\/\/focotocantinense.com.br\/wp-content\/uploads\/2025\/09\/SHOW-DE-HUMOR-DE-VINICIUS-MARTINS-7-300x76.jpeg 300w\" sizes=\"auto, (max-width: 727px) 100vw, 727px\" \/><\/figure>\n","protected":false},"excerpt":{"rendered":"<p>A convite da Assistente Social Leila Novais a Presidente da Associa\u00e7\u00e3o dos Artes\u00e3os de Gurupi Maria do Socorro Sousa Barros, que al\u00e9m de Presidente \u00e9 tamb\u00e9m, Coordenadora do Comit\u00ea de cultura no Tocantins em parceria com o Governo do Tocantins, veio a Ipueiras para ministrar uma Oficina com o tema Transmiss\u00e3o de saberes.A Secret\u00e1ria de &hellip;<\/p>\n","protected":false},"author":5,"featured_media":11116,"comment_status":"open","ping_status":"open","sticky":false,"template":"","format":"standard","meta":{"footnotes":""},"categories":[38],"tags":[],"class_list":["post-11115","post","type-post","status-publish","format-standard","has-post-thumbnail","","category-gurupi"],"_links":{"self":[{"href":"https:\/\/focotocantinense.com.br\/index.php?rest_route=\/wp\/v2\/posts\/11115","targetHints":{"allow":["GET"]}}],"collection":[{"href":"https:\/\/focotocantinense.com.br\/index.php?rest_route=\/wp\/v2\/posts"}],"about":[{"href":"https:\/\/focotocantinense.com.br\/index.php?rest_route=\/wp\/v2\/types\/post"}],"author":[{"embeddable":true,"href":"https:\/\/focotocantinense.com.br\/index.php?rest_route=\/wp\/v2\/users\/5"}],"replies":[{"embeddable":true,"href":"https:\/\/focotocantinense.com.br\/index.php?rest_route=%2Fwp%2Fv2%2Fcomments&post=11115"}],"version-history":[{"count":1,"href":"https:\/\/focotocantinense.com.br\/index.php?rest_route=\/wp\/v2\/posts\/11115\/revisions"}],"predecessor-version":[{"id":11118,"href":"https:\/\/focotocantinense.com.br\/index.php?rest_route=\/wp\/v2\/posts\/11115\/revisions\/11118"}],"wp:featuredmedia":[{"embeddable":true,"href":"https:\/\/focotocantinense.com.br\/index.php?rest_route=\/wp\/v2\/media\/11116"}],"wp:attachment":[{"href":"https:\/\/focotocantinense.com.br\/index.php?rest_route=%2Fwp%2Fv2%2Fmedia&parent=11115"}],"wp:term":[{"taxonomy":"category","embeddable":true,"href":"https:\/\/focotocantinense.com.br\/index.php?rest_route=%2Fwp%2Fv2%2Fcategories&post=11115"},{"taxonomy":"post_tag","embeddable":true,"href":"https:\/\/focotocantinense.com.br\/index.php?rest_route=%2Fwp%2Fv2%2Ftags&post=11115"}],"curies":[{"name":"wp","href":"https:\/\/api.w.org\/{rel}","templated":true}]}}