{"id":1110,"date":"2021-04-16T17:21:33","date_gmt":"2021-04-16T20:21:33","guid":{"rendered":"http:\/\/focotocantinense.com.br\/?p=1110"},"modified":"2021-04-16T17:22:31","modified_gmt":"2021-04-16T20:22:31","slug":"parlamentares-aprovam-prioridade-para-profissionais-da-imprensa-na-vacinacao-contra-a-covid-19","status":"publish","type":"post","link":"https:\/\/focotocantinense.com.br\/?p=1110","title":{"rendered":"Parlamentares aprovam prioridade para profissionais da imprensa na vacina\u00e7\u00e3o contra a Covid-19"},"content":{"rendered":"\n<p>A urg\u00eancia de um requerimento que pede inclus\u00e3o da categoria de jornalistas, radialistas e demais trabalhadores da imprensa no grupo priorit\u00e1rio da vacina\u00e7\u00e3o contra a Covid-19 foi aprovada pelos deputados na sess\u00e3o matutina desta ter\u00e7a-feira,13. A mat\u00e9ria deve ser votada na pr\u00f3xima sess\u00e3o, prevista para a sess\u00e3o vespertina desta ter\u00e7a.<\/p>\n\n\n\n<p>A deputada Claudia Lelis (PV), autora da mat\u00e9ria, alega que as empresas que atuam como ve\u00edculos de comunica\u00e7\u00e3o n\u00e3o cessam suas fun\u00e7\u00f5es nem mesmo em per\u00edodo de suspens\u00e3o de atividades n\u00e3o essenciais.<\/p>\n\n\n\n<p>O documento aponta que desde 16 de mar\u00e7o de 2020, 908 jornalistas morreram em decorr\u00eancia da doen\u00e7a, em todo o mundo, sendo que desse total, 505 v\u00edtimas pertenciam aos 18 pa\u00edses da Am\u00e9rica Latina. Ou seja, 55% do total de \u00f3bitos ocorreram na &nbsp;regi\u00e3o.<\/p>\n\n\n\n<p>Mais duas proposituras, em regime de ur\u00eancia, da deputada, foram aprovadas em plen\u00e1rio. Ela solicita a Ag\u00eancia Tocantinense de Regula\u00e7\u00e3o (ATR) que determina \u00e0 Empresa Pipes que disponibilize uma balsa exclusiva para a travessia de ve\u00edculos destinados ao transporte de passageiros, no Rio Tocantins, em Porto Nacional.<\/p>\n\n\n\n<p>Em outro requerimento a parlamentar pede \u00e0 Secretaria de Infraestrutura que promova a manuten\u00e7\u00e3o e recupera\u00e7\u00e3o da TO-235, que liga os munic\u00edpios de Pedro Afonso e Tupirama \u00e0 BR 153.<\/p>\n\n\n\n<p>Ao todo, os deputados aprovaram mais 45 requerimentos constantes na Ordem do Dia. Eles s\u00e3o de autoria dos deputados Am\u00e9lio Cayres (Solidariedade), Ant\u00f4nio Andrade (PTB), Elenil da Penha (MDB), Issam Saado (PV), Ivory Lira (PCdoB), Jair Farias (MDB), Jorge Frederico (MDB) e Junior Geo (PROS). Todos solicitam obras e servi\u00e7os para diversos munic\u00edpios tocantinenses.<\/p>\n\n\n\n<figure class=\"wp-block-image\"><img decoding=\"async\" src=\"http:\/\/n1to.com.br\/img\/uploads\/claudia_lelis.jpg\" alt=\"\"\/><\/figure>\n","protected":false},"excerpt":{"rendered":"<p>A urg\u00eancia de um requerimento que pede inclus\u00e3o da categoria de jornalistas, radialistas e demais trabalhadores da imprensa no grupo priorit\u00e1rio da vacina\u00e7\u00e3o contra a Covid-19 foi aprovada pelos deputados na sess\u00e3o matutina desta ter\u00e7a-feira,13. A mat\u00e9ria deve ser votada na pr\u00f3xima sess\u00e3o, prevista para a sess\u00e3o vespertina desta ter\u00e7a. A deputada Claudia Lelis (PV), &hellip;<\/p>\n","protected":false},"author":5,"featured_media":1112,"comment_status":"open","ping_status":"open","sticky":false,"template":"","format":"standard","meta":{"footnotes":""},"categories":[39,1],"tags":[],"class_list":["post-1110","post","type-post","status-publish","format-standard","has-post-thumbnail","","category-estado","category-sem-categoria"],"_links":{"self":[{"href":"https:\/\/focotocantinense.com.br\/index.php?rest_route=\/wp\/v2\/posts\/1110","targetHints":{"allow":["GET"]}}],"collection":[{"href":"https:\/\/focotocantinense.com.br\/index.php?rest_route=\/wp\/v2\/posts"}],"about":[{"href":"https:\/\/focotocantinense.com.br\/index.php?rest_route=\/wp\/v2\/types\/post"}],"author":[{"embeddable":true,"href":"https:\/\/focotocantinense.com.br\/index.php?rest_route=\/wp\/v2\/users\/5"}],"replies":[{"embeddable":true,"href":"https:\/\/focotocantinense.com.br\/index.php?rest_route=%2Fwp%2Fv2%2Fcomments&post=1110"}],"version-history":[{"count":1,"href":"https:\/\/focotocantinense.com.br\/index.php?rest_route=\/wp\/v2\/posts\/1110\/revisions"}],"predecessor-version":[{"id":1111,"href":"https:\/\/focotocantinense.com.br\/index.php?rest_route=\/wp\/v2\/posts\/1110\/revisions\/1111"}],"wp:featuredmedia":[{"embeddable":true,"href":"https:\/\/focotocantinense.com.br\/index.php?rest_route=\/wp\/v2\/media\/1112"}],"wp:attachment":[{"href":"https:\/\/focotocantinense.com.br\/index.php?rest_route=%2Fwp%2Fv2%2Fmedia&parent=1110"}],"wp:term":[{"taxonomy":"category","embeddable":true,"href":"https:\/\/focotocantinense.com.br\/index.php?rest_route=%2Fwp%2Fv2%2Fcategories&post=1110"},{"taxonomy":"post_tag","embeddable":true,"href":"https:\/\/focotocantinense.com.br\/index.php?rest_route=%2Fwp%2Fv2%2Ftags&post=1110"}],"curies":[{"name":"wp","href":"https:\/\/api.w.org\/{rel}","templated":true}]}}