{"id":11099,"date":"2025-09-23T11:20:45","date_gmt":"2025-09-23T14:20:45","guid":{"rendered":"https:\/\/focotocantinense.com.br\/?p=11099"},"modified":"2025-09-23T11:21:30","modified_gmt":"2025-09-23T14:21:30","slug":"governo-do-tocantins-apoia-1a-edicao-do-sertoes-series-que-define-campeoes-brasileiros-de-rally-raid","status":"publish","type":"post","link":"https:\/\/focotocantinense.com.br\/?p=11099","title":{"rendered":"Governo do Tocantins apoia 1\u00aa edi\u00e7\u00e3o do Sert\u00f5es Series, que define campe\u00f5es brasileiros de rally raid"},"content":{"rendered":"\n<p>O Tocantins ser\u00e1 palco da 1\u00aa edi\u00e7\u00e3o do Sert\u00f5es Series Tocantins entre 23 e 27 de setembro, reunindo motos, UTVs e carros para as disputas que definir\u00e3o os campe\u00f5es brasileiros de<em>&nbsp;rally raid<\/em>&nbsp;2025. O evento \u00e9 realizado pelo Instituto Sert\u00f5es, com apoio do Governo do Tocantins, por meio da Secretaria de Estado do Turismo (Setur).<\/p>\n\n\n\n<figure class=\"wp-block-image size-full is-resized\"><img loading=\"lazy\" decoding=\"async\" width=\"1024\" height=\"585\" src=\"https:\/\/focotocantinense.com.br\/wp-content\/uploads\/2025\/09\/aaaaaaaaaaaaa.jpeg\" alt=\"\" class=\"wp-image-11100\" style=\"width:359px;height:auto\" srcset=\"https:\/\/focotocantinense.com.br\/wp-content\/uploads\/2025\/09\/aaaaaaaaaaaaa.jpeg 1024w, https:\/\/focotocantinense.com.br\/wp-content\/uploads\/2025\/09\/aaaaaaaaaaaaa-300x171.jpeg 300w, https:\/\/focotocantinense.com.br\/wp-content\/uploads\/2025\/09\/aaaaaaaaaaaaa-768x439.jpeg 768w\" sizes=\"auto, (max-width: 1024px) 100vw, 1024px\" \/><\/figure>\n\n\n\n<p><\/p>\n\n\n\n<p>Os competidores enfrentar\u00e3o terrenos variados, com serras, trilhas sinuosas, pedras, pi\u00e7arras e trechos de areia pesada, exigindo habilidade de navega\u00e7\u00e3o e resist\u00eancia.<\/p>\n\n\n\n<p>A programa\u00e7\u00e3o come\u00e7a nesta segunda-feira, 22, em Palmas, com a abertura da Vila Sert\u00f5es, no Centro de Conven\u00e7\u00f5es Arnaud Rodrigues. Nesta ter\u00e7a-feira, 23, ocorrem o Shakedown, o briefing e a largada promocional, \u00e0s 20 horas, na Praia da Graciosa.<\/p>\n\n\n\n<p><strong>As etapas seguem conforme o cronograma:<\/strong><\/p>\n\n\n\n<p>24 de setembro \u2013 Palmas \u2192 Ponte Alta (361 km);<br>25 de setembro \u2013 Ponte Alta (la\u00e7o, 271 km);<br>26 de setembro \u2013 Ponte Alta \u2192 Dian\u00f3polis (244 km);<br>27 de setembro \u2013 Dian\u00f3polis (212 km) \u2013 etapa final.<\/p>\n\n\n\n<p><strong>A\u00e7\u00f5es socioambientais<\/strong><\/p>\n\n\n\n<p>O evento promover\u00e1 coleta seletiva com apoio a cooperativas, instala\u00e7\u00e3o de coletores de bitucas de cigarro, reaproveitamento de \u00f3leo lubrificante e limpeza das trilhas ap\u00f3s a passagem dos ve\u00edculos.<\/p>\n\n\n\n<p>Alunos da rede municipal de Palmas, Ponte Alta e Dian\u00f3polis participam do Concurso de Artes Sert\u00f5es, com premia\u00e7\u00e3o nas Vilas Sert\u00f5es. Tamb\u00e9m ser\u00e3o realizadas oficinas para produ\u00e7\u00e3o de brinquedos e instrumentos musicais com material recicl\u00e1vel.<\/p>\n\n\n\n<p>Todas as emiss\u00f5es de carbono ser\u00e3o compensadas com cr\u00e9ditos destinados \u00e0 preserva\u00e7\u00e3o de \u00e1reas de floresta, em parceria com a Pontos Ecoa e a Greener Tokens.<\/p>\n\n\n\n<p><strong>Sert\u00f5es Series Tocantins<\/strong><\/p>\n\n\n\n<p>Com o DNA do Sert\u00f5es, o maior rally das Am\u00e9ricas, o Sert\u00f5es Series Tocantins faz sua estreia no calend\u00e1rio nacional em 2025. A prova tem um percurso total de 1.088 km, divididos em quatro etapas, que levar\u00e3o motos, carros e UTVs de Palmas a Ponte Alta do Tocantins e Dian\u00f3polis, onde ser\u00e3o premiados os vencedores, no s\u00e1bado, 27. A disputa \u00e9 v\u00e1lida pelo Campeonato Brasileiro de Rally Raid.<\/p>\n\n\n\n<figure class=\"wp-block-image size-full is-resized\"><img loading=\"lazy\" decoding=\"async\" width=\"727\" height=\"184\" src=\"https:\/\/focotocantinense.com.br\/wp-content\/uploads\/2025\/09\/SHOW-DE-HUMOR-DE-VINICIUS-MARTINS-6.jpeg\" alt=\"\" class=\"wp-image-11096\" style=\"width:840px;height:auto\" srcset=\"https:\/\/focotocantinense.com.br\/wp-content\/uploads\/2025\/09\/SHOW-DE-HUMOR-DE-VINICIUS-MARTINS-6.jpeg 727w, https:\/\/focotocantinense.com.br\/wp-content\/uploads\/2025\/09\/SHOW-DE-HUMOR-DE-VINICIUS-MARTINS-6-300x76.jpeg 300w\" sizes=\"auto, (max-width: 727px) 100vw, 727px\" \/><\/figure>\n","protected":false},"excerpt":{"rendered":"<p>O Tocantins ser\u00e1 palco da 1\u00aa edi\u00e7\u00e3o do Sert\u00f5es Series Tocantins entre 23 e 27 de setembro, reunindo motos, UTVs e carros para as disputas que definir\u00e3o os campe\u00f5es brasileiros de&nbsp;rally raid&nbsp;2025. O evento \u00e9 realizado pelo Instituto Sert\u00f5es, com apoio do Governo do Tocantins, por meio da Secretaria de Estado do Turismo (Setur). Os &hellip;<\/p>\n","protected":false},"author":5,"featured_media":11100,"comment_status":"open","ping_status":"open","sticky":false,"template":"","format":"standard","meta":{"footnotes":""},"categories":[38],"tags":[],"class_list":["post-11099","post","type-post","status-publish","format-standard","has-post-thumbnail","","category-gurupi"],"_links":{"self":[{"href":"https:\/\/focotocantinense.com.br\/index.php?rest_route=\/wp\/v2\/posts\/11099","targetHints":{"allow":["GET"]}}],"collection":[{"href":"https:\/\/focotocantinense.com.br\/index.php?rest_route=\/wp\/v2\/posts"}],"about":[{"href":"https:\/\/focotocantinense.com.br\/index.php?rest_route=\/wp\/v2\/types\/post"}],"author":[{"embeddable":true,"href":"https:\/\/focotocantinense.com.br\/index.php?rest_route=\/wp\/v2\/users\/5"}],"replies":[{"embeddable":true,"href":"https:\/\/focotocantinense.com.br\/index.php?rest_route=%2Fwp%2Fv2%2Fcomments&post=11099"}],"version-history":[{"count":2,"href":"https:\/\/focotocantinense.com.br\/index.php?rest_route=\/wp\/v2\/posts\/11099\/revisions"}],"predecessor-version":[{"id":11102,"href":"https:\/\/focotocantinense.com.br\/index.php?rest_route=\/wp\/v2\/posts\/11099\/revisions\/11102"}],"wp:featuredmedia":[{"embeddable":true,"href":"https:\/\/focotocantinense.com.br\/index.php?rest_route=\/wp\/v2\/media\/11100"}],"wp:attachment":[{"href":"https:\/\/focotocantinense.com.br\/index.php?rest_route=%2Fwp%2Fv2%2Fmedia&parent=11099"}],"wp:term":[{"taxonomy":"category","embeddable":true,"href":"https:\/\/focotocantinense.com.br\/index.php?rest_route=%2Fwp%2Fv2%2Fcategories&post=11099"},{"taxonomy":"post_tag","embeddable":true,"href":"https:\/\/focotocantinense.com.br\/index.php?rest_route=%2Fwp%2Fv2%2Ftags&post=11099"}],"curies":[{"name":"wp","href":"https:\/\/api.w.org\/{rel}","templated":true}]}}