{"id":11086,"date":"2025-09-22T15:37:30","date_gmt":"2025-09-22T18:37:30","guid":{"rendered":"https:\/\/focotocantinense.com.br\/?p=11086"},"modified":"2025-09-22T15:40:54","modified_gmt":"2025-09-22T18:40:54","slug":"aleto-empossa-novos-servidores-e-chega-perto-da-meta-estabelecida-para2025","status":"publish","type":"post","link":"https:\/\/focotocantinense.com.br\/?p=11086","title":{"rendered":"Aleto empossa novos servidores e chega perto da meta estabelecida para2025"},"content":{"rendered":"\n<p>A Assembleia Legislativa do Tocantins (Aleto) realizou, nessa<br>ter\u00e7a-feira, 16, uma nova cerim\u00f4nia de posse dos servidores aprovados no<br>concurso p\u00fablico da Casa de Leis. Dessa vez, nove dos 18 nomeados em 1\u00ba<br>de setembro foram empossados. Parlamentares, servidores e familiares dos<br>novos efetivos participaram da solenidade.<\/p>\n\n\n\n<figure class=\"wp-block-image size-large is-resized\"><img loading=\"lazy\" decoding=\"async\" width=\"1024\" height=\"640\" src=\"https:\/\/focotocantinense.com.br\/wp-content\/uploads\/2025\/09\/Tecnica-legislativo-Amanda-Borges-foto-Silvio-Santos-1-1024x640.jpg\" alt=\"\" class=\"wp-image-11091\" style=\"width:372px;height:auto\" srcset=\"https:\/\/focotocantinense.com.br\/wp-content\/uploads\/2025\/09\/Tecnica-legislativo-Amanda-Borges-foto-Silvio-Santos-1-1024x640.jpg 1024w, https:\/\/focotocantinense.com.br\/wp-content\/uploads\/2025\/09\/Tecnica-legislativo-Amanda-Borges-foto-Silvio-Santos-1-300x188.jpg 300w, https:\/\/focotocantinense.com.br\/wp-content\/uploads\/2025\/09\/Tecnica-legislativo-Amanda-Borges-foto-Silvio-Santos-1-768x480.jpg 768w, https:\/\/focotocantinense.com.br\/wp-content\/uploads\/2025\/09\/Tecnica-legislativo-Amanda-Borges-foto-Silvio-Santos-1-1536x960.jpg 1536w, https:\/\/focotocantinense.com.br\/wp-content\/uploads\/2025\/09\/Tecnica-legislativo-Amanda-Borges-foto-Silvio-Santos-1.jpg 2000w\" sizes=\"auto, (max-width: 1024px) 100vw, 1024px\" \/><\/figure>\n\n\n\n<p>At\u00e9 o momento, a Aleto empossou 46 novos servidores das diversas<br>carreiras de t\u00e9cnico, analista legislativo e policial legislativo II. A<br>previs\u00e3o \u00e9 que neste ano sejam empossados pelos menos 50% dos 105<br>candidatos aprovados no certame.<\/p>\n\n\n\n<p>Durante seu pronunciamento na solenidade, o presidente da Aleto,<br>deputado Am\u00e9lio Cayres (Republicanos), disse que a execu\u00e7\u00e3o do<br>cronograma para a convoca\u00e7\u00e3o dos aprovados e a posse demonstram o<br>compromisso da institui\u00e7\u00e3o com a valoriza\u00e7\u00e3o do servi\u00e7o p\u00fablico. \u201cA<br>posse desses servidores foi uma miss\u00e3o cumprida, como parte de um<br>trabalho conjunto de todos os deputados. Isso \u00e9 um compromisso que<br>fizemos com os concursados. Acredito que at\u00e9 setembro de 2026 teremos<br>chamado todos os aprovados\u201d, enfatizou.<\/p>\n\n\n\n<p>Ainda em seu discurso, o presidente desejou sucesso e deu boas-vindas<br>aos novos servidores. \u201cEsta Casa \u00e9 formada pela uni\u00e3o dos servidores a<br>servi\u00e7o da sociedade e tem o privil\u00e9gio de contar com o refor\u00e7o de novos<br>concursados comprometidos com o servi\u00e7o p\u00fablico\u201d, declarou.<\/p>\n\n\n\n<p>Parlamentares<br>O deputado Professor J\u00fanior Geo (PSDB) destacou a import\u00e2ncia da<br>conquista para os novos efetivos. \u201cEssa posse foi a realiza\u00e7\u00e3o de um<br>sonho, que foi poss\u00edvel gra\u00e7as ao esfor\u00e7o [dos aprovados] e vai mudar a<br>vida de seus filhos e netos; representa seguran\u00e7a e tranquilidade para<br>se trabalhar com autoestima e motiva\u00e7\u00e3o na realiza\u00e7\u00e3o de novos sonhos\u201d,<br>frisou.<\/p>\n\n\n\n<p>J\u00e1 o deputado Luciano Oliveira (PSD) parabenizou os empossados e<br>agradeceu ao presidente Am\u00e9lio Cayres pelo empenho em dar estabilidade<br>aos servidores e proporcionar melhores acomoda\u00e7\u00f5es com a amplia\u00e7\u00e3o da<br>sede da Aleto.<\/p>\n\n\n\n<p>Empossados<br>Juciene dos Santos Ara\u00fajo, empossada como analista legislativo da \u00e1rea<br>de Administra\u00e7\u00e3o, agradeceu publicamente aos deputados e gestores pela<br>realiza\u00e7\u00e3o do concurso. \u201cO processo foi concorrido, mas fomos agraciados<br>com a aprova\u00e7\u00e3o e queremos dizer que estamos aqui para colaborar, para<br>servir e colocar nosso empenho nesse trabalho, focados em fazer a<br>diferen\u00e7a como servidores nesta Casa de Leis e colaborar para que a<br>miss\u00e3o da Assembleia Legislativa do Tocantins seja cumprida com \u00eaxito\u201d.<\/p>\n\n\n\n<figure class=\"wp-block-image size-large\"><img loading=\"lazy\" decoding=\"async\" width=\"1024\" height=\"640\" src=\"https:\/\/focotocantinense.com.br\/wp-content\/uploads\/2025\/09\/Novos-servidores-foto-Silvio-Santos-1-1024x640.jpg\" alt=\"\" class=\"wp-image-11092\" srcset=\"https:\/\/focotocantinense.com.br\/wp-content\/uploads\/2025\/09\/Novos-servidores-foto-Silvio-Santos-1-1024x640.jpg 1024w, https:\/\/focotocantinense.com.br\/wp-content\/uploads\/2025\/09\/Novos-servidores-foto-Silvio-Santos-1-300x188.jpg 300w, https:\/\/focotocantinense.com.br\/wp-content\/uploads\/2025\/09\/Novos-servidores-foto-Silvio-Santos-1-768x480.jpg 768w, https:\/\/focotocantinense.com.br\/wp-content\/uploads\/2025\/09\/Novos-servidores-foto-Silvio-Santos-1-1536x960.jpg 1536w, https:\/\/focotocantinense.com.br\/wp-content\/uploads\/2025\/09\/Novos-servidores-foto-Silvio-Santos-1.jpg 2000w\" sizes=\"auto, (max-width: 1024px) 100vw, 1024px\" \/><\/figure>\n\n\n\n<p>Amanda Cardoso Borges, aprovada para a \u00e1rea de t\u00e9cnico legislativo da<br>Assist\u00eancia Administrativa, afirmou que o novo trabalho representa a<br>estabilidade e seguran\u00e7a financeira com as quais tanto sonhou.<\/p>\n\n\n\n<p>J\u00e1 a empossada na \u00e1rea de Pol\u00edcia Legislativa Aryelle Povoas Marinho<br>disse que a nova conquista \u00e9 resultado de muito trabalho, esfor\u00e7o e<br>estudo. \u201c\u00c9 muito gratificante fazer parte desta nova gera\u00e7\u00e3o de<br>servidores efetivos do Poder Legislativo e contribuir com este Estado e<br>com a Casa de Leis. A expectativa \u00e9 continuar avan\u00e7ando na carreira e<br>fazendo o melhor pelo nosso Estado\u201d.<\/p>\n\n\n\n<p>Participaram da cerim\u00f4nia o diretor-geral da Aleto, Irisfran de Sousa<br>Pereira, o diretor da \u00e1rea administrativa, J\u00fanior Braga, o diretor de<br>pessoal, Regis Camar\u00e7o, o diretor da Escola do Legislativo, J\u00falio<br>Oliveira, o procurador-geral da Aleto, Alcir Raineri Filho e a<br>subprocuradora-geral, Dorema Costa, al\u00e9m de outros diretores da Casa.<\/p>\n\n\n\n<p><\/p>\n","protected":false},"excerpt":{"rendered":"<p>A Assembleia Legislativa do Tocantins (Aleto) realizou, nessater\u00e7a-feira, 16, uma nova cerim\u00f4nia de posse dos servidores aprovados noconcurso p\u00fablico da Casa de Leis. Dessa vez, nove dos 18 nomeados em 1\u00bade setembro foram empossados. Parlamentares, servidores e familiares dosnovos efetivos participaram da solenidade. At\u00e9 o momento, a Aleto empossou 46 novos servidores das diversascarreiras de &hellip;<\/p>\n","protected":false},"author":5,"featured_media":11087,"comment_status":"open","ping_status":"open","sticky":false,"template":"","format":"standard","meta":{"footnotes":""},"categories":[1],"tags":[],"class_list":["post-11086","post","type-post","status-publish","format-standard","has-post-thumbnail","","category-sem-categoria"],"_links":{"self":[{"href":"https:\/\/focotocantinense.com.br\/index.php?rest_route=\/wp\/v2\/posts\/11086","targetHints":{"allow":["GET"]}}],"collection":[{"href":"https:\/\/focotocantinense.com.br\/index.php?rest_route=\/wp\/v2\/posts"}],"about":[{"href":"https:\/\/focotocantinense.com.br\/index.php?rest_route=\/wp\/v2\/types\/post"}],"author":[{"embeddable":true,"href":"https:\/\/focotocantinense.com.br\/index.php?rest_route=\/wp\/v2\/users\/5"}],"replies":[{"embeddable":true,"href":"https:\/\/focotocantinense.com.br\/index.php?rest_route=%2Fwp%2Fv2%2Fcomments&post=11086"}],"version-history":[{"count":2,"href":"https:\/\/focotocantinense.com.br\/index.php?rest_route=\/wp\/v2\/posts\/11086\/revisions"}],"predecessor-version":[{"id":11093,"href":"https:\/\/focotocantinense.com.br\/index.php?rest_route=\/wp\/v2\/posts\/11086\/revisions\/11093"}],"wp:featuredmedia":[{"embeddable":true,"href":"https:\/\/focotocantinense.com.br\/index.php?rest_route=\/wp\/v2\/media\/11087"}],"wp:attachment":[{"href":"https:\/\/focotocantinense.com.br\/index.php?rest_route=%2Fwp%2Fv2%2Fmedia&parent=11086"}],"wp:term":[{"taxonomy":"category","embeddable":true,"href":"https:\/\/focotocantinense.com.br\/index.php?rest_route=%2Fwp%2Fv2%2Fcategories&post=11086"},{"taxonomy":"post_tag","embeddable":true,"href":"https:\/\/focotocantinense.com.br\/index.php?rest_route=%2Fwp%2Fv2%2Ftags&post=11086"}],"curies":[{"name":"wp","href":"https:\/\/api.w.org\/{rel}","templated":true}]}}