{"id":11082,"date":"2025-09-22T14:50:52","date_gmt":"2025-09-22T17:50:52","guid":{"rendered":"https:\/\/focotocantinense.com.br\/?p=11082"},"modified":"2025-09-22T14:50:53","modified_gmt":"2025-09-22T17:50:53","slug":"governador-laurez-moreira-nomeia-otoniel-andrade-costa-vice-presidente-executivo-da-ageto","status":"publish","type":"post","link":"https:\/\/focotocantinense.com.br\/?p=11082","title":{"rendered":"Governador Laurez Moreira nomeia  Otoniel Andrade Costa, vice-presidente executivo da Ageto"},"content":{"rendered":"\n<p><em>Chefe do Executivo estadual tamb\u00e9m nomeou o vice-presidente executivo da Ag\u00eancia de Transportes, Obras e Infraestrutura (Ageto)<\/em><\/p>\n\n\n\n<p><strong>Otoniel Andrade Costa, vice-presidente executivo da Ageto<\/strong><\/p>\n\n\n\n<figure class=\"wp-block-image size-large is-resized\"><img loading=\"lazy\" decoding=\"async\" width=\"1024\" height=\"586\" src=\"https:\/\/focotocantinense.com.br\/wp-content\/uploads\/2025\/09\/thumbnail_F3-OTONIEL-ANDRADE-COSTA-Vice-Presidente-Executivo-da-AGETO.-Foto-Divulgacao-1-1024x586.jpg\" alt=\"\" class=\"wp-image-11084\" style=\"width:380px;height:auto\" srcset=\"https:\/\/focotocantinense.com.br\/wp-content\/uploads\/2025\/09\/thumbnail_F3-OTONIEL-ANDRADE-COSTA-Vice-Presidente-Executivo-da-AGETO.-Foto-Divulgacao-1-1024x586.jpg 1024w, https:\/\/focotocantinense.com.br\/wp-content\/uploads\/2025\/09\/thumbnail_F3-OTONIEL-ANDRADE-COSTA-Vice-Presidente-Executivo-da-AGETO.-Foto-Divulgacao-1-300x172.jpg 300w, https:\/\/focotocantinense.com.br\/wp-content\/uploads\/2025\/09\/thumbnail_F3-OTONIEL-ANDRADE-COSTA-Vice-Presidente-Executivo-da-AGETO.-Foto-Divulgacao-1-768x439.jpg 768w, https:\/\/focotocantinense.com.br\/wp-content\/uploads\/2025\/09\/thumbnail_F3-OTONIEL-ANDRADE-COSTA-Vice-Presidente-Executivo-da-AGETO.-Foto-Divulgacao-1.jpg 1210w\" sizes=\"auto, (max-width: 1024px) 100vw, 1024px\" \/><\/figure>\n\n\n\n<p>Otoniel Andrade Costa \u00e9 engenheiro civil formado pela Universidade Cat\u00f3lica de Goi\u00e1s. Iniciou sua carreira pol\u00edtica como deputado estadual, exercendo mandato entre 1990 e 1996. Em 1997, assumiu a prefeitura de Porto Nacional, sendo reeleito em 2000.<\/p>\n\n\n\n<p>Foi superintendente do Departamento Nacional de Produ\u00e7\u00e3o Mineral (DNPM) em 2008 e da Valec, entre 2009 e 2010, atuando na constru\u00e7\u00e3o da Ferrovia Norte-Sul. Em 2013, retornou ao cargo de prefeito de Porto Nacional, cumprindo mandato at\u00e9 2016.<\/p>\n\n\n\n<p>Tamb\u00e9m foi secret\u00e1rio extraordin\u00e1rio de Pol\u00edticas de Governo Descentralizadas do Estado do Tocantins. Ao longo de sua trajet\u00f3ria, construiu uma carreira marcada pela experi\u00eancia t\u00e9cnica como engenheiro civil e pela ampla atua\u00e7\u00e3o pol\u00edtica.<\/p>\n\n\n\n<p><strong>Nomea\u00e7\u00f5es j\u00e1 publicadas<\/strong><\/p>\n\n\n\n<p>O governador Laurez Moreira realizou uma s\u00e9rie de nomea\u00e7\u00f5es para as pastas do governo. Ao todo, 44 novos nomes foram oficializados, abrangendo secretarias de Estado e autarquias. Confira a lista completa das nomea\u00e7\u00f5es j\u00e1 publicadas:<\/p>\n\n\n\n<p>Luiza Rocha Pinheiro &#8211; secret\u00e1ria de Estado da Comunica\u00e7\u00e3o;<\/p>\n\n\n\n<p>Ailton Parente Ara\u00fajo &#8211; chefe de Gabinete do Governador;<\/p>\n\n\n\n<p>Coronel Vitor Teles &#8211; secret\u00e1rio-chefe da Casa Militar;<\/p>\n\n\n\n<p>C\u00e9sar Hanna Halum &#8211; secret\u00e1rio de Estado da Agricultura e Pecu\u00e1ria;<\/p>\n\n\n\n<p>V\u00e2nio Rodrigues de Souza &#8211; secret\u00e1rio de Estado da Sa\u00fade;<\/p>\n\n\n\n<p>Ant\u00f4nio Trabulsi Sobrinho &#8211; presidente da Ag\u00eancia de Transportes, Obras e Infraestrutura (Ageto);<\/p>\n\n\n\n<p>Herbert Brito Barros &#8211; presidente do Instituto de Terras do Tocantins (Itertins);<\/p>\n\n\n\n<p>Romildo Santos Barbosa &#8211; presidente do Departamento Estadual de Tr\u00e2nsito (Detran\/TO);<\/p>\n\n\n\n<p>Jairo Soares Mariano &#8211; secret\u00e1rio de Estado da Fazenda;<\/p>\n\n\n\n<p>H\u00e9rcules Jackson Moreira Santos &#8211; secret\u00e1rio de Estado da Educa\u00e7\u00e3o;<\/p>\n\n\n\n<p>Bruno Sousa Azevedo &#8211; secret\u00e1rio de Estado da Seguran\u00e7a P\u00fablica;<\/p>\n\n\n\n<p>Cledson da Rocha Lima &#8211; presidente do Instituto Natureza do Tocantins (Naturatins);<\/p>\n\n\n\n<p>B\u00e1rbara Jesu\u00edna Mendes Gomes &#8211; presidente do Instituto de Gest\u00e3o Previdenci\u00e1ria do Estado do Tocantins (Igeprev-TO);<\/p>\n\n\n\n<p>Ludimila Rodrigues dos Santos Galv\u00e3o &#8211; secret\u00e1ria-executiva da Comunica\u00e7\u00e3o;<\/p>\n\n\n\n<p>Larissa Carlos Rosenda &#8211; secret\u00e1ria de Estado da Mulher;<\/p>\n\n\n\n<p>Cl\u00e1udio Thomas Coelho de Souza &#8211; comandante-geral da Pol\u00edcia Militar do Tocantins (PMTO);<\/p>\n\n\n\n<p>Fl\u00e1vio Santos Brito &#8211; chefe do Estado-Maior da PMTO;<\/p>\n\n\n\n<p>Thiago Franco Santana &#8211; comandante-geral do Corpo de Bombeiros Militar do Tocantins (CBMTO);<\/p>\n\n\n\n<p>Maxuell dos Santos de Souza &#8211; chefe do Estado-Maior da CBMTO;<\/p>\n\n\n\n<p>Raul de Jesus Filho e Neto &#8211; secret\u00e1rio de Estado da Governadoria;<\/p>\n\n\n\n<p>Manoel Moraes dos Reis Filho &#8211; secret\u00e1rio-executivo da Administra\u00e7\u00e3o;<\/p>\n\n\n\n<p>Irana de Sousa Co\u00ealho Aguiar &#8211; secret\u00e1ria-chefe da Casa Civil;<\/p>\n\n\n\n<p>Murilo Francisco Centeno &#8211; secret\u00e1rio-chefe da Controladoria-Geral do Estado (CGE\/TO);<\/p>\n\n\n\n<p>Lina Ester Barbosa Ribeiro &#8211; presidente da Ag\u00eancia de Minera\u00e7\u00e3o do Estado do Tocantins (Ameto);<\/p>\n\n\n\n<p>Elfas Cavalcante Lustosa Arag\u00e3o Elvas &#8211; subprocurador do Estado do Tocantins em Bras\u00edlia;<\/p>\n\n\n\n<p>Washington Luiz Vasconcelos &#8211; secret\u00e1rio-executivo da Secretaria de Estado do Trabalho e Desenvolvimento Social (Setas);<\/p>\n\n\n\n<p>Roberto Jorge Sahium &#8211; secret\u00e1rio-executivo da Secretaria de Estado da Pesca e Aquicultura (Sepea);<\/p>\n\n\n\n<p>Paulo Ant\u00f4nio de Lima &#8211; presidente da Ag\u00eancia de Defesa Agropecu\u00e1ria (Adapec);<\/p>\n\n\n\n<p>Dalvan Santos Oliveira da Silva &#8211; vice-presidente-executivo da Adapec;<\/p>\n\n\n\n<p>Paulo Ricardo Silva Machado &#8211; presidente da Ag\u00eancia Tocantinense de Saneamento (ATS);<\/p>\n\n\n\n<p>Afr\u00e2nio Vilar Freire de Carvalho &#8211; presidente da Ag\u00eancia de Tecnologia da Informa\u00e7\u00e3o (ATI);<\/p>\n\n\n\n<p>Eur\u00edpedes Fernandes Cunha &#8211; secret\u00e1rio-executivo da Secretaria de Estado da Educa\u00e7\u00e3o (Seduc);<\/p>\n\n\n\n<p>Estellamaris Postal &#8211; secret\u00e1ria de Estado da Cidadania e Justi\u00e7a;<\/p>\n\n\n\n<p>Odilon Coelho Lima J\u00fanior &#8211; secret\u00e1rio de Estado de Parcerias e Investimentos;<\/p>\n\n\n\n<p>Carlos Humberto Duarte de Lima e Silva &#8211; secret\u00e1rio de Estado da Ind\u00fastria, Com\u00e9rcio e Servi\u00e7os;<\/p>\n\n\n\n<p>Ronaldo Dimas Nogueira Pereira &#8211; secret\u00e1rio de Estado do Planejamento e Or\u00e7amento;<\/p>\n\n\n\n<p>Sergislei Silva de Moura &#8211; secret\u00e1rio-executivo do Planejamento e Or\u00e7amento;<\/p>\n\n\n\n<p>Juarez Salim Moreira &#8211; secret\u00e1rio de Estado dos Esportes e Juventude;<\/p>\n\n\n\n<p>Marcelo Prevedello Pigatto &#8211; secret\u00e1rio-executivo dos Esportes e Juventude;<\/p>\n\n\n\n<p>Homero Barreto J\u00fanior &#8211; secret\u00e1rio-executivo da Governadoria;<\/p>\n\n\n\n<p>Ana Carina Mendes Souto &#8211; secret\u00e1ria de Estado do Trabalho e Desenvolvimento Social;<\/p>\n\n\n\n<p>Narubia Silva Werreria &#8211; secret\u00e1ria de Estado dos Povos Origin\u00e1rios e Tradicionais;<\/p>\n\n\n\n<p>Wellingthon J\u00fanior Silveira &#8211; vice-presidente executivo do Instituto de Gest\u00e3o Previdenci\u00e1ria do Estado do Tocantins (Igeprev-TO);<\/p>\n\n\n\n<p>Thiago Lopes Benfica &#8211; vice-presidente executivo do Instituto de Terras do Tocantins (Itertins).<\/p>\n\n\n\n<p>&#8212;<\/p>\n","protected":false},"excerpt":{"rendered":"<p>Chefe do Executivo estadual tamb\u00e9m nomeou o vice-presidente executivo da Ag\u00eancia de Transportes, Obras e Infraestrutura (Ageto) Otoniel Andrade Costa, vice-presidente executivo da Ageto Otoniel Andrade Costa \u00e9 engenheiro civil formado pela Universidade Cat\u00f3lica de Goi\u00e1s. Iniciou sua carreira pol\u00edtica como deputado estadual, exercendo mandato entre 1990 e 1996. Em 1997, assumiu a prefeitura de &hellip;<\/p>\n","protected":false},"author":5,"featured_media":11083,"comment_status":"open","ping_status":"open","sticky":false,"template":"","format":"standard","meta":{"footnotes":""},"categories":[1],"tags":[],"class_list":["post-11082","post","type-post","status-publish","format-standard","has-post-thumbnail","","category-sem-categoria"],"_links":{"self":[{"href":"https:\/\/focotocantinense.com.br\/index.php?rest_route=\/wp\/v2\/posts\/11082","targetHints":{"allow":["GET"]}}],"collection":[{"href":"https:\/\/focotocantinense.com.br\/index.php?rest_route=\/wp\/v2\/posts"}],"about":[{"href":"https:\/\/focotocantinense.com.br\/index.php?rest_route=\/wp\/v2\/types\/post"}],"author":[{"embeddable":true,"href":"https:\/\/focotocantinense.com.br\/index.php?rest_route=\/wp\/v2\/users\/5"}],"replies":[{"embeddable":true,"href":"https:\/\/focotocantinense.com.br\/index.php?rest_route=%2Fwp%2Fv2%2Fcomments&post=11082"}],"version-history":[{"count":1,"href":"https:\/\/focotocantinense.com.br\/index.php?rest_route=\/wp\/v2\/posts\/11082\/revisions"}],"predecessor-version":[{"id":11085,"href":"https:\/\/focotocantinense.com.br\/index.php?rest_route=\/wp\/v2\/posts\/11082\/revisions\/11085"}],"wp:featuredmedia":[{"embeddable":true,"href":"https:\/\/focotocantinense.com.br\/index.php?rest_route=\/wp\/v2\/media\/11083"}],"wp:attachment":[{"href":"https:\/\/focotocantinense.com.br\/index.php?rest_route=%2Fwp%2Fv2%2Fmedia&parent=11082"}],"wp:term":[{"taxonomy":"category","embeddable":true,"href":"https:\/\/focotocantinense.com.br\/index.php?rest_route=%2Fwp%2Fv2%2Fcategories&post=11082"},{"taxonomy":"post_tag","embeddable":true,"href":"https:\/\/focotocantinense.com.br\/index.php?rest_route=%2Fwp%2Fv2%2Ftags&post=11082"}],"curies":[{"name":"wp","href":"https:\/\/api.w.org\/{rel}","templated":true}]}}