{"id":11077,"date":"2025-09-22T11:48:56","date_gmt":"2025-09-22T14:48:56","guid":{"rendered":"https:\/\/focotocantinense.com.br\/?p=11077"},"modified":"2025-09-22T11:50:08","modified_gmt":"2025-09-22T14:50:08","slug":"coordenador-do-ministerio-da-cultura-no-tocantins-visita-governador-em-exercicio-laurez-moreira","status":"publish","type":"post","link":"https:\/\/focotocantinense.com.br\/?p=11077","title":{"rendered":"Coordenador do Minist\u00e9rio da Cultura no Tocantins visita Governador em exerc\u00edcio Laurez Moreira"},"content":{"rendered":"\n<p>Na \u00faltima sexta-feira, 19 de setembro de 2025, o coordenador do Escrit\u00f3rio Estadual do Minist\u00e9rio da Cultura no Tocantins, C\u00edcero Bel\u00e9m, foi recebido no Pal\u00e1cio Araguaia pelo Governador em exerc\u00edcio, Laurez Moreira. A visita teve como objetivo refor\u00e7ar a parceria entre o Minist\u00e9rio da Cultura e o Governo do Tocantins, por meio da Secretaria Estadual da Cultura, na implementa\u00e7\u00e3o das pol\u00edticas nacionais de desenvolvimento cultural, em especial a Pol\u00edtica Nacional Aldir Blanc de Fomento \u00e0 Cultura.<\/p>\n\n\n\n<figure class=\"wp-block-image size-large is-resized\"><img loading=\"lazy\" decoding=\"async\" width=\"1024\" height=\"805\" src=\"https:\/\/focotocantinense.com.br\/wp-content\/uploads\/2025\/09\/AAAAAAAAAAAAAAA-1024x805.jpeg\" alt=\"\" class=\"wp-image-11078\" style=\"width:391px;height:auto\" srcset=\"https:\/\/focotocantinense.com.br\/wp-content\/uploads\/2025\/09\/AAAAAAAAAAAAAAA-1024x805.jpeg 1024w, https:\/\/focotocantinense.com.br\/wp-content\/uploads\/2025\/09\/AAAAAAAAAAAAAAA-300x236.jpeg 300w, https:\/\/focotocantinense.com.br\/wp-content\/uploads\/2025\/09\/AAAAAAAAAAAAAAA-768x604.jpeg 768w, https:\/\/focotocantinense.com.br\/wp-content\/uploads\/2025\/09\/AAAAAAAAAAAAAAA.jpeg 1200w\" sizes=\"auto, (max-width: 1024px) 100vw, 1024px\" \/><\/figure>\n\n\n\n<p><\/p>\n\n\n\n<p>O Ciclo 1 da Aldir Blanc garantiu ao Tocantins a transfer\u00eancia de R$ 19 milh\u00f5es do MinC, somados a R$ 6 milh\u00f5es de contrapartida do Fundo Estadual da Cultura, totalizando R$ 25 milh\u00f5es de investimento direto na cadeia produtiva da cultura tocantinense em 2024.<\/p>\n\n\n\n<p>Al\u00e9m disso, a Secult-TO e o MinC t\u00eam ampliado as a\u00e7\u00f5es por meio do Programa Territ\u00f3rios da Cultura, que inclui o MovCeu \u2014 levando atividades culturais a pequenos munic\u00edpios \u2014 e a constru\u00e7\u00e3o dos CEUs da Cultura em Palmas, Araguatins e Dian\u00f3polis, no \u00e2mbito do Programa de Acelera\u00e7\u00e3o do Crescimento (PAC). Essas estruturas permitir\u00e3o, em breve, a forma\u00e7\u00e3o de uma rede de equipamentos culturais que garantir\u00e1 a circula\u00e7\u00e3o da produ\u00e7\u00e3o art\u00edstica no sudeste, centro e extremo norte do Tocantins.<\/p>\n\n\n\n<p>Foi destacado ainda que, em apenas dois anos e meio, os investimentos do Governo Federal, por meio do MinC, no Tocantins j\u00e1 somam mais de R$ 89 milh\u00f5es, sendo que 68% desse valor foi executado pelo Governo do Estado via transfer\u00eancias diretas da Lei Paulo Gustavo e da Pol\u00edtica Nacional Aldir Blanc de Fomento \u00e0 Cultura. Ressaltou-se tamb\u00e9m a relev\u00e2ncia da recria\u00e7\u00e3o da Secretaria Estadual da Cultura em 2023, fundamental para o processo de consolida\u00e7\u00e3o do Sistema Nacional de Cultura e para o fortalecimento da rela\u00e7\u00e3o federativa, sendo a Secretaria um instrumento decisivo para o desenvolvimento cultural do estado.<\/p>\n\n\n\n<p>O coordenador destacou o reconhecimento do MinC \u00e0 gest\u00e3o eficiente do secret\u00e1rio Ti\u00e3o Pinheiro, cuja atua\u00e7\u00e3o tem garantido ao Tocantins posi\u00e7\u00e3o de destaque nacional na execu\u00e7\u00e3o da Pol\u00edtica Nacional Aldir Blanc, liderando entre todos os estados com 110,03% dos recursos j\u00e1 aplicados. O governador Laurez Moreira reafirmou o compromisso de sua gest\u00e3o com o fortalecimento da cultura tocantinense, assegurando a continuidade dessa agenda em coopera\u00e7\u00e3o com o Governo Federal.&nbsp;<em><strong>(Cinthia Abreu)<\/strong><\/em><\/p>\n\n\n\n<figure class=\"wp-block-image size-full is-resized\"><img loading=\"lazy\" decoding=\"async\" width=\"727\" height=\"184\" src=\"https:\/\/focotocantinense.com.br\/wp-content\/uploads\/2025\/09\/SHOW-DE-HUMOR-DE-VINICIUS-MARTINS-5.jpeg\" alt=\"\" class=\"wp-image-11079\" style=\"width:840px;height:auto\" srcset=\"https:\/\/focotocantinense.com.br\/wp-content\/uploads\/2025\/09\/SHOW-DE-HUMOR-DE-VINICIUS-MARTINS-5.jpeg 727w, https:\/\/focotocantinense.com.br\/wp-content\/uploads\/2025\/09\/SHOW-DE-HUMOR-DE-VINICIUS-MARTINS-5-300x76.jpeg 300w\" sizes=\"auto, (max-width: 727px) 100vw, 727px\" \/><\/figure>\n","protected":false},"excerpt":{"rendered":"<p>Na \u00faltima sexta-feira, 19 de setembro de 2025, o coordenador do Escrit\u00f3rio Estadual do Minist\u00e9rio da Cultura no Tocantins, C\u00edcero Bel\u00e9m, foi recebido no Pal\u00e1cio Araguaia pelo Governador em exerc\u00edcio, Laurez Moreira. A visita teve como objetivo refor\u00e7ar a parceria entre o Minist\u00e9rio da Cultura e o Governo do Tocantins, por meio da Secretaria Estadual &hellip;<\/p>\n","protected":false},"author":5,"featured_media":11078,"comment_status":"open","ping_status":"open","sticky":false,"template":"","format":"standard","meta":{"footnotes":""},"categories":[38],"tags":[],"class_list":["post-11077","post","type-post","status-publish","format-standard","has-post-thumbnail","","category-gurupi"],"_links":{"self":[{"href":"https:\/\/focotocantinense.com.br\/index.php?rest_route=\/wp\/v2\/posts\/11077","targetHints":{"allow":["GET"]}}],"collection":[{"href":"https:\/\/focotocantinense.com.br\/index.php?rest_route=\/wp\/v2\/posts"}],"about":[{"href":"https:\/\/focotocantinense.com.br\/index.php?rest_route=\/wp\/v2\/types\/post"}],"author":[{"embeddable":true,"href":"https:\/\/focotocantinense.com.br\/index.php?rest_route=\/wp\/v2\/users\/5"}],"replies":[{"embeddable":true,"href":"https:\/\/focotocantinense.com.br\/index.php?rest_route=%2Fwp%2Fv2%2Fcomments&post=11077"}],"version-history":[{"count":2,"href":"https:\/\/focotocantinense.com.br\/index.php?rest_route=\/wp\/v2\/posts\/11077\/revisions"}],"predecessor-version":[{"id":11081,"href":"https:\/\/focotocantinense.com.br\/index.php?rest_route=\/wp\/v2\/posts\/11077\/revisions\/11081"}],"wp:featuredmedia":[{"embeddable":true,"href":"https:\/\/focotocantinense.com.br\/index.php?rest_route=\/wp\/v2\/media\/11078"}],"wp:attachment":[{"href":"https:\/\/focotocantinense.com.br\/index.php?rest_route=%2Fwp%2Fv2%2Fmedia&parent=11077"}],"wp:term":[{"taxonomy":"category","embeddable":true,"href":"https:\/\/focotocantinense.com.br\/index.php?rest_route=%2Fwp%2Fv2%2Fcategories&post=11077"},{"taxonomy":"post_tag","embeddable":true,"href":"https:\/\/focotocantinense.com.br\/index.php?rest_route=%2Fwp%2Fv2%2Ftags&post=11077"}],"curies":[{"name":"wp","href":"https:\/\/api.w.org\/{rel}","templated":true}]}}