{"id":11072,"date":"2025-09-21T10:25:17","date_gmt":"2025-09-21T13:25:17","guid":{"rendered":"https:\/\/focotocantinense.com.br\/?p=11072"},"modified":"2025-09-21T10:25:17","modified_gmt":"2025-09-21T13:25:17","slug":"governador-laurez-moreira-anuncia-pagamento-antecipado-dos-servidores-para-sexta-feira-26","status":"publish","type":"post","link":"https:\/\/focotocantinense.com.br\/?p=11072","title":{"rendered":"Governador Laurez Moreira anuncia pagamento antecipado dos servidores para sexta-feira, 26"},"content":{"rendered":"\n<p><em>Pagamento referente ao m\u00eas de setembro foi anunciado neste s\u00e1bado, 20<\/em><\/p>\n\n\n\n<p><strong>Governo do Tocantins<\/strong><\/p>\n\n\n\n<figure class=\"wp-block-image size-large is-resized\"><img loading=\"lazy\" decoding=\"async\" width=\"1024\" height=\"585\" src=\"https:\/\/focotocantinense.com.br\/wp-content\/uploads\/2025\/09\/F-Palacio-Araguaia-Jose-Wilson-Siqueira-Campos-Foto-Carlos-Eller-Governo-do-Tocantins-1024x585.jpg\" alt=\"\" class=\"wp-image-11073\" style=\"width:378px;height:auto\" srcset=\"https:\/\/focotocantinense.com.br\/wp-content\/uploads\/2025\/09\/F-Palacio-Araguaia-Jose-Wilson-Siqueira-Campos-Foto-Carlos-Eller-Governo-do-Tocantins-1024x585.jpg 1024w, https:\/\/focotocantinense.com.br\/wp-content\/uploads\/2025\/09\/F-Palacio-Araguaia-Jose-Wilson-Siqueira-Campos-Foto-Carlos-Eller-Governo-do-Tocantins-300x171.jpg 300w, https:\/\/focotocantinense.com.br\/wp-content\/uploads\/2025\/09\/F-Palacio-Araguaia-Jose-Wilson-Siqueira-Campos-Foto-Carlos-Eller-Governo-do-Tocantins-768x439.jpg 768w, https:\/\/focotocantinense.com.br\/wp-content\/uploads\/2025\/09\/F-Palacio-Araguaia-Jose-Wilson-Siqueira-Campos-Foto-Carlos-Eller-Governo-do-Tocantins-1536x877.jpg 1536w, https:\/\/focotocantinense.com.br\/wp-content\/uploads\/2025\/09\/F-Palacio-Araguaia-Jose-Wilson-Siqueira-Campos-Foto-Carlos-Eller-Governo-do-Tocantins-2048x1170.jpg 2048w\" sizes=\"auto, (max-width: 1024px) 100vw, 1024px\" \/><\/figure>\n\n\n\n<p>O Governo do Tocantins realiza, na pr\u00f3xima sexta-feira, 26, o pagamento dos servidores p\u00fablicos estaduais referente ao m\u00eas de setembro, j\u00e1 com as progress\u00f5es horizontais e verticais dos servidores aptos at\u00e9 o ano de 2024, que representam um valor aproximado de R$ 4,5 milh\u00f5es. O an\u00fancio foi feito pelo governador Laurez Moreira neste s\u00e1bado, 20, durante agenda no munic\u00edpio de Aragua\u00edna.<\/p>\n\n\n\n<p>Ao anunciar o pagamento, o governador refor\u00e7ou a import\u00e2ncia do reconhecimento dos servidores. \u201cSempre tive o compromisso e a preocupa\u00e7\u00e3o de valorizar o servidor p\u00fablico, ent\u00e3o autorizei as progress\u00f5es aos servidores aptos at\u00e9 2024, tanto horizontais quanto verticais, e o pagamento estar\u00e1 na conta j\u00e1 com estas progress\u00f5es na pr\u00f3xima sexta-feira, 26\u201d, destacou.<\/p>\n","protected":false},"excerpt":{"rendered":"<p>Pagamento referente ao m\u00eas de setembro foi anunciado neste s\u00e1bado, 20 Governo do Tocantins O Governo do Tocantins realiza, na pr\u00f3xima sexta-feira, 26, o pagamento dos servidores p\u00fablicos estaduais referente ao m\u00eas de setembro, j\u00e1 com as progress\u00f5es horizontais e verticais dos servidores aptos at\u00e9 o ano de 2024, que representam um valor aproximado de &hellip;<\/p>\n","protected":false},"author":5,"featured_media":11028,"comment_status":"open","ping_status":"open","sticky":false,"template":"","format":"standard","meta":{"footnotes":""},"categories":[1],"tags":[],"class_list":["post-11072","post","type-post","status-publish","format-standard","has-post-thumbnail","","category-sem-categoria"],"_links":{"self":[{"href":"https:\/\/focotocantinense.com.br\/index.php?rest_route=\/wp\/v2\/posts\/11072","targetHints":{"allow":["GET"]}}],"collection":[{"href":"https:\/\/focotocantinense.com.br\/index.php?rest_route=\/wp\/v2\/posts"}],"about":[{"href":"https:\/\/focotocantinense.com.br\/index.php?rest_route=\/wp\/v2\/types\/post"}],"author":[{"embeddable":true,"href":"https:\/\/focotocantinense.com.br\/index.php?rest_route=\/wp\/v2\/users\/5"}],"replies":[{"embeddable":true,"href":"https:\/\/focotocantinense.com.br\/index.php?rest_route=%2Fwp%2Fv2%2Fcomments&post=11072"}],"version-history":[{"count":1,"href":"https:\/\/focotocantinense.com.br\/index.php?rest_route=\/wp\/v2\/posts\/11072\/revisions"}],"predecessor-version":[{"id":11074,"href":"https:\/\/focotocantinense.com.br\/index.php?rest_route=\/wp\/v2\/posts\/11072\/revisions\/11074"}],"wp:featuredmedia":[{"embeddable":true,"href":"https:\/\/focotocantinense.com.br\/index.php?rest_route=\/wp\/v2\/media\/11028"}],"wp:attachment":[{"href":"https:\/\/focotocantinense.com.br\/index.php?rest_route=%2Fwp%2Fv2%2Fmedia&parent=11072"}],"wp:term":[{"taxonomy":"category","embeddable":true,"href":"https:\/\/focotocantinense.com.br\/index.php?rest_route=%2Fwp%2Fv2%2Fcategories&post=11072"},{"taxonomy":"post_tag","embeddable":true,"href":"https:\/\/focotocantinense.com.br\/index.php?rest_route=%2Fwp%2Fv2%2Ftags&post=11072"}],"curies":[{"name":"wp","href":"https:\/\/api.w.org\/{rel}","templated":true}]}}