{"id":11068,"date":"2025-09-17T12:52:08","date_gmt":"2025-09-17T15:52:08","guid":{"rendered":"https:\/\/focotocantinense.com.br\/?p=11068"},"modified":"2025-09-17T12:52:09","modified_gmt":"2025-09-17T15:52:09","slug":"servidor-publico-prepara-grande-acao-beneficente-voltada-para-criancas-de-gurupi","status":"publish","type":"post","link":"https:\/\/focotocantinense.com.br\/?p=11068","title":{"rendered":"Servidor p\u00fablico prepara grande a\u00e7\u00e3o beneficente voltada para crian\u00e7as de Gurupi"},"content":{"rendered":"\n<p>O objetivo \u00e9 estar mais perto dessas fam\u00edlias, um dia dedicado para dar aten\u00e7\u00e3o a eles, conversar, e mostrar de forma pr\u00e1tica o quanto eles s\u00e3o importantes<\/p>\n\n\n\n<figure class=\"wp-block-image size-full is-resized\"><img loading=\"lazy\" decoding=\"async\" width=\"1000\" height=\"750\" src=\"https:\/\/focotocantinense.com.br\/wp-content\/uploads\/2025\/09\/joao-servidor-cesta-2.jpg\" alt=\"\" class=\"wp-image-11069\" style=\"width:391px;height:auto\" srcset=\"https:\/\/focotocantinense.com.br\/wp-content\/uploads\/2025\/09\/joao-servidor-cesta-2.jpg 1000w, https:\/\/focotocantinense.com.br\/wp-content\/uploads\/2025\/09\/joao-servidor-cesta-2-300x225.jpg 300w, https:\/\/focotocantinense.com.br\/wp-content\/uploads\/2025\/09\/joao-servidor-cesta-2-768x576.jpg 768w\" sizes=\"auto, (max-width: 1000px) 100vw, 1000px\" \/><\/figure>\n\n\n\n<p>Levar alegria, bem estar e muita a\u00e7\u00e3o social voltada para crian\u00e7as e familiares s\u00e3o alguns dos objetivos de uma a\u00e7\u00e3o social que j\u00e1 virou tradi\u00e7\u00e3o, promovida pelo servidor p\u00fablico, Jo\u00e3o Gualberto de 50 anos.&nbsp;&nbsp;Ele, juntamente com v\u00e1rios parceiros est\u00e3o organizando uma grande a\u00e7\u00e3o beneficente que acontecer\u00e1 no m\u00eas de outubro, em Gurupi, em dia e local que ainda ser\u00e1 definido.<\/p>\n\n\n\n<p>egundo o ele, o evento ser\u00e1 aberto a crian\u00e7as e aos pais delas ou respons\u00e1veis. \u201cVai ser um dia de festa.&nbsp;&nbsp;J\u00e1 estamos organizando com os parceiros para termos momentos de brincadeira, distribui\u00e7\u00e3o de brinquedos. roupas e muita&nbsp;&nbsp;&nbsp;mais.&nbsp;&nbsp;O objetivo \u00e9 estar mais perto dessas fam\u00edlias, um dia dedicado para dar aten\u00e7\u00e3o a eles, conversar, e mostrar de forma pr\u00e1tica o quanto eles s\u00e3o importantes\u201d, disse Jo\u00e3o Gualberto, idealizar da a\u00e7\u00e3o.<\/p>\n\n\n\n<p>Esse evento j\u00e1 vai para a terceira edi\u00e7\u00e3o. J\u00e1 \u00e9 tradi\u00e7\u00e3o em Gurupi e nasceu no cora\u00e7\u00e3o de Gualberto, por entender que \u00e9 necess\u00e1rio momentos de qualidade com as crian\u00e7as e familiares.&nbsp;&nbsp;\u201cHoje as pessoas est\u00e3o muito ocupadas, a gente at\u00e9 pode ajudar com coisas, mas n\u00f3s tamb\u00e9m temos car\u00eancia de investir tempo na vida um do outro e eu gosto de estar perto das pessoas\u201d, explicou Jo\u00e3o Gualberto.&nbsp;&nbsp;&nbsp;<\/p>\n\n\n\n<p><\/p>\n","protected":false},"excerpt":{"rendered":"<p>O objetivo \u00e9 estar mais perto dessas fam\u00edlias, um dia dedicado para dar aten\u00e7\u00e3o a eles, conversar, e mostrar de forma pr\u00e1tica o quanto eles s\u00e3o importantes Levar alegria, bem estar e muita a\u00e7\u00e3o social voltada para crian\u00e7as e familiares s\u00e3o alguns dos objetivos de uma a\u00e7\u00e3o social que j\u00e1 virou tradi\u00e7\u00e3o, promovida pelo servidor &hellip;<\/p>\n","protected":false},"author":5,"featured_media":11070,"comment_status":"open","ping_status":"open","sticky":false,"template":"","format":"standard","meta":{"footnotes":""},"categories":[1],"tags":[],"class_list":["post-11068","post","type-post","status-publish","format-standard","has-post-thumbnail","","category-sem-categoria"],"_links":{"self":[{"href":"https:\/\/focotocantinense.com.br\/index.php?rest_route=\/wp\/v2\/posts\/11068","targetHints":{"allow":["GET"]}}],"collection":[{"href":"https:\/\/focotocantinense.com.br\/index.php?rest_route=\/wp\/v2\/posts"}],"about":[{"href":"https:\/\/focotocantinense.com.br\/index.php?rest_route=\/wp\/v2\/types\/post"}],"author":[{"embeddable":true,"href":"https:\/\/focotocantinense.com.br\/index.php?rest_route=\/wp\/v2\/users\/5"}],"replies":[{"embeddable":true,"href":"https:\/\/focotocantinense.com.br\/index.php?rest_route=%2Fwp%2Fv2%2Fcomments&post=11068"}],"version-history":[{"count":1,"href":"https:\/\/focotocantinense.com.br\/index.php?rest_route=\/wp\/v2\/posts\/11068\/revisions"}],"predecessor-version":[{"id":11071,"href":"https:\/\/focotocantinense.com.br\/index.php?rest_route=\/wp\/v2\/posts\/11068\/revisions\/11071"}],"wp:featuredmedia":[{"embeddable":true,"href":"https:\/\/focotocantinense.com.br\/index.php?rest_route=\/wp\/v2\/media\/11070"}],"wp:attachment":[{"href":"https:\/\/focotocantinense.com.br\/index.php?rest_route=%2Fwp%2Fv2%2Fmedia&parent=11068"}],"wp:term":[{"taxonomy":"category","embeddable":true,"href":"https:\/\/focotocantinense.com.br\/index.php?rest_route=%2Fwp%2Fv2%2Fcategories&post=11068"},{"taxonomy":"post_tag","embeddable":true,"href":"https:\/\/focotocantinense.com.br\/index.php?rest_route=%2Fwp%2Fv2%2Ftags&post=11068"}],"curies":[{"name":"wp","href":"https:\/\/api.w.org\/{rel}","templated":true}]}}