{"id":11063,"date":"2025-09-15T22:59:36","date_gmt":"2025-09-16T01:59:36","guid":{"rendered":"https:\/\/focotocantinense.com.br\/?p=11063"},"modified":"2025-09-15T23:00:14","modified_gmt":"2025-09-16T02:00:14","slug":"poeta-zacarias-martins-lanca-livro-de-poesias-na-feira-literaria-e-artistica-de-porto-franco-no-maranhao","status":"publish","type":"post","link":"https:\/\/focotocantinense.com.br\/?p=11063","title":{"rendered":"Poeta Zacarias Martins lan\u00e7a livro de poesias na Feira Liter\u00e1ria e Art\u00edstica de Porto Franco, no Maranh\u00e3o"},"content":{"rendered":"\n<p>Expoente da literatura tocantinense, o poeta, jornalista e ativista cultural Zacarias Martins foi um dos autores representantes do Tocantins que participaram da 1\u00aa Flapofran \u2013 Feira Liter\u00e1ria e Art\u00edstica de Porto Franco, no Maranh\u00e3o, que aconteceu nos dias 12, 13 e 14 deste m\u00eas, no Campus Tecnol\u00f3gico Darcy Ribeiro. Nesse evento, Zacarias Martins lan\u00e7ou o seu livro de poesias, intitulado de \u201cPinga-Fogo\u201d, publicado pela Editora Veloso, de Gurupi.<\/p>\n\n\n\n<figure class=\"wp-block-image size-large is-resized\"><img loading=\"lazy\" decoding=\"async\" width=\"576\" height=\"1024\" src=\"https:\/\/focotocantinense.com.br\/wp-content\/uploads\/2025\/09\/2-Zacarias-Matins-em-Poto-Franco-Foto-Jose-Bnilson-576x1024.jpg\" alt=\"\" class=\"wp-image-11065\" style=\"width:409px;height:auto\" srcset=\"https:\/\/focotocantinense.com.br\/wp-content\/uploads\/2025\/09\/2-Zacarias-Matins-em-Poto-Franco-Foto-Jose-Bnilson-576x1024.jpg 576w, https:\/\/focotocantinense.com.br\/wp-content\/uploads\/2025\/09\/2-Zacarias-Matins-em-Poto-Franco-Foto-Jose-Bnilson-169x300.jpg 169w, https:\/\/focotocantinense.com.br\/wp-content\/uploads\/2025\/09\/2-Zacarias-Matins-em-Poto-Franco-Foto-Jose-Bnilson-768x1366.jpg 768w, https:\/\/focotocantinense.com.br\/wp-content\/uploads\/2025\/09\/2-Zacarias-Matins-em-Poto-Franco-Foto-Jose-Bnilson-864x1536.jpg 864w, https:\/\/focotocantinense.com.br\/wp-content\/uploads\/2025\/09\/2-Zacarias-Matins-em-Poto-Franco-Foto-Jose-Bnilson.jpg 899w\" sizes=\"auto, (max-width: 576px) 100vw, 576px\" \/><\/figure>\n\n\n\n<p><strong>VERSOS LIVRES<\/strong><\/p>\n\n\n\n<p>O professor e Pedro Alberice da Rocha, Doutor em Teoria da Literatura e que atua no Campus da UFNT de Aragua\u00edna, esse livro de Zacarias Martins \u00e9 uma obra escrita com versos livres, e cheios de \u00e2nsia por liberdade, ressaltando que o linguajar \u00e9 coloquial, n\u00e3o apresentando qualquer dificuldade de entendimento. \u201cO eu-l\u00edrico passeia do amoroso ao humoroso, com desenvoltura \u00edmpar. Amor e humor constituem presen\u00e7a constante na obra\u201d, afirma Albeirice.<\/p>\n\n\n\n<p><strong>COMENT\u00c1RIO NA CONTRACAPA DA OBRA<\/strong><\/p>\n\n\n\n<p>J\u00e1 o jornalista Cl\u00e9ber Toledo, que assina um coment\u00e1rio na contracapa da obra, diz que Zacarias nos presenteia com ironia e humor, nesses versos ora sarc\u00e1sticos, ora \u00e1cidos que marca essa obra. \u201cCom eles, o nosso autor preferido da regi\u00e3o sul nos leva a rir e a pensar, atingindo o objetivo de todos aqueles que se prop\u00f5em a escrever com seriedade pelo humor e sarcasmo\u201d, observa Cl\u00e9ber Toledo.<\/p>\n\n\n\n<figure class=\"wp-block-image size-large\"><img loading=\"lazy\" decoding=\"async\" width=\"1024\" height=\"576\" src=\"https:\/\/focotocantinense.com.br\/wp-content\/uploads\/2025\/09\/1-Zacarias-Matins-na-Feira-Literaria-de-Porto-Franco-MA-Foto-Jose-Benilson-1024x576.jpeg\" alt=\"\" class=\"wp-image-11066\" srcset=\"https:\/\/focotocantinense.com.br\/wp-content\/uploads\/2025\/09\/1-Zacarias-Matins-na-Feira-Literaria-de-Porto-Franco-MA-Foto-Jose-Benilson-1024x576.jpeg 1024w, https:\/\/focotocantinense.com.br\/wp-content\/uploads\/2025\/09\/1-Zacarias-Matins-na-Feira-Literaria-de-Porto-Franco-MA-Foto-Jose-Benilson-300x169.jpeg 300w, https:\/\/focotocantinense.com.br\/wp-content\/uploads\/2025\/09\/1-Zacarias-Matins-na-Feira-Literaria-de-Porto-Franco-MA-Foto-Jose-Benilson-768x432.jpeg 768w, https:\/\/focotocantinense.com.br\/wp-content\/uploads\/2025\/09\/1-Zacarias-Matins-na-Feira-Literaria-de-Porto-Franco-MA-Foto-Jose-Benilson-1536x864.jpeg 1536w, https:\/\/focotocantinense.com.br\/wp-content\/uploads\/2025\/09\/1-Zacarias-Matins-na-Feira-Literaria-de-Porto-Franco-MA-Foto-Jose-Benilson.jpeg 1599w\" sizes=\"auto, (max-width: 1024px) 100vw, 1024px\" \/><\/figure>\n\n\n\n<p><\/p>\n\n\n\n<p><strong>SOBRE O AUTOR<\/strong><\/p>\n\n\n\n<p>Poeta, jornalista profissional, cronista, conferencista e ativista cultural, Zacarias Martins \u00e9 paraense, de Bel\u00e9m, mas tocantinense de cora\u00e7\u00e3o. Reside em Gurupi desde 1983. Possui publicados seis livros de poesias, um para o p\u00fablico infantil e um outro de cr\u00f4nicas (Hist\u00f3rias da hist\u00f3ria de Gurupi), que foi indicado por duas vezes para o exame vestibular a Universidade de Gurupi. Tamb\u00e9m tem participa\u00e7\u00e3o em mais de 50 antologias liter\u00e1rias pelo pa\u00eds afora. Seus poemas, inclusive, j\u00e1 foram traduzidos para o Esperanto. Como membro titular, Martins integra os quadros da Academia Tocantinense de Letras, da Academia Gurupiense de Letras e da Academia Brasileira de Jornalismo, al\u00e9m do Comit\u00ea de Cultura no Tocantins.<\/p>\n\n\n\n<p><strong>CONDECORA\u00c7\u00d5ES<\/strong><\/p>\n\n\n\n<p>Dentre as condecora\u00e7\u00f5es que Zacarias Martins recebeu em reconhecimento a seus servidos prestados \u00e0 Cultura, afloram com destaque a Medalha da Ordem do M\u00e9rito da Cultura e Cavaleiresca de Santo Amaro, no Grau de Comendador; a Medalha do M\u00e9rito Cultural D. Pedro II, O T\u00edtulo de Cidad\u00e3o Tocantinense que recebeu da Assembleia Legislativa do Tocantins, bem como o T\u00edtulo Honor\u00edfico de Cidad\u00e3o Gurupiense, outorgado pela C\u00e2mara Municipal de Gurupi, al\u00e9m da Medalha do M\u00e9rito Acad\u00eamico, outorgada pela Academia Brasileira de Estudos e Pesquisas Liter\u00e1rias. \u00c9 Senador da Cultura, representante do Estado de Tocantins no Congresso da Sociedade de Cultura Latina&nbsp;do&nbsp;Brasil.<\/p>\n\n\n\n<figure class=\"wp-block-image size-full is-resized\"><img loading=\"lazy\" decoding=\"async\" width=\"727\" height=\"184\" src=\"https:\/\/focotocantinense.com.br\/wp-content\/uploads\/2025\/09\/SHOW-DE-HUMOR-DE-VINICIUS-MARTINS-4.jpeg\" alt=\"\" class=\"wp-image-11064\" style=\"width:840px;height:auto\" srcset=\"https:\/\/focotocantinense.com.br\/wp-content\/uploads\/2025\/09\/SHOW-DE-HUMOR-DE-VINICIUS-MARTINS-4.jpeg 727w, https:\/\/focotocantinense.com.br\/wp-content\/uploads\/2025\/09\/SHOW-DE-HUMOR-DE-VINICIUS-MARTINS-4-300x76.jpeg 300w\" sizes=\"auto, (max-width: 727px) 100vw, 727px\" \/><\/figure>\n","protected":false},"excerpt":{"rendered":"<p>Expoente da literatura tocantinense, o poeta, jornalista e ativista cultural Zacarias Martins foi um dos autores representantes do Tocantins que participaram da 1\u00aa Flapofran \u2013 Feira Liter\u00e1ria e Art\u00edstica de Porto Franco, no Maranh\u00e3o, que aconteceu nos dias 12, 13 e 14 deste m\u00eas, no Campus Tecnol\u00f3gico Darcy Ribeiro. Nesse evento, Zacarias Martins lan\u00e7ou o &hellip;<\/p>\n","protected":false},"author":5,"featured_media":11066,"comment_status":"open","ping_status":"open","sticky":false,"template":"","format":"standard","meta":{"footnotes":""},"categories":[1],"tags":[],"class_list":["post-11063","post","type-post","status-publish","format-standard","has-post-thumbnail","","category-sem-categoria"],"_links":{"self":[{"href":"https:\/\/focotocantinense.com.br\/index.php?rest_route=\/wp\/v2\/posts\/11063","targetHints":{"allow":["GET"]}}],"collection":[{"href":"https:\/\/focotocantinense.com.br\/index.php?rest_route=\/wp\/v2\/posts"}],"about":[{"href":"https:\/\/focotocantinense.com.br\/index.php?rest_route=\/wp\/v2\/types\/post"}],"author":[{"embeddable":true,"href":"https:\/\/focotocantinense.com.br\/index.php?rest_route=\/wp\/v2\/users\/5"}],"replies":[{"embeddable":true,"href":"https:\/\/focotocantinense.com.br\/index.php?rest_route=%2Fwp%2Fv2%2Fcomments&post=11063"}],"version-history":[{"count":1,"href":"https:\/\/focotocantinense.com.br\/index.php?rest_route=\/wp\/v2\/posts\/11063\/revisions"}],"predecessor-version":[{"id":11067,"href":"https:\/\/focotocantinense.com.br\/index.php?rest_route=\/wp\/v2\/posts\/11063\/revisions\/11067"}],"wp:featuredmedia":[{"embeddable":true,"href":"https:\/\/focotocantinense.com.br\/index.php?rest_route=\/wp\/v2\/media\/11066"}],"wp:attachment":[{"href":"https:\/\/focotocantinense.com.br\/index.php?rest_route=%2Fwp%2Fv2%2Fmedia&parent=11063"}],"wp:term":[{"taxonomy":"category","embeddable":true,"href":"https:\/\/focotocantinense.com.br\/index.php?rest_route=%2Fwp%2Fv2%2Fcategories&post=11063"},{"taxonomy":"post_tag","embeddable":true,"href":"https:\/\/focotocantinense.com.br\/index.php?rest_route=%2Fwp%2Fv2%2Ftags&post=11063"}],"curies":[{"name":"wp","href":"https:\/\/api.w.org\/{rel}","templated":true}]}}