{"id":11052,"date":"2025-09-15T11:07:24","date_gmt":"2025-09-15T14:07:24","guid":{"rendered":"https:\/\/focotocantinense.com.br\/?p=11052"},"modified":"2025-09-15T11:08:05","modified_gmt":"2025-09-15T14:08:05","slug":"tocantinense-jose-benilson-lanca-livro-na-1a-flapofran-de-porto-franco-no-maranhao","status":"publish","type":"post","link":"https:\/\/focotocantinense.com.br\/?p=11052","title":{"rendered":"Tocantinense Jos\u00e9 Benilson lan\u00e7a livro na 1\u00aa Flapofran, de Porto Franco, no Maranh\u00e3o"},"content":{"rendered":"\n<p><br>Tocantinense de Filad\u00e9lfia, na regi\u00e3o norte do Tocantins, o escritor Jos\u00e9 Benilson, Marcou presen\u00e7a na 1\u00aa Flapofran &#8211; Feira Liter\u00e1ria e Art\u00edstica de Porto Franco, no Maranh\u00e3o, que aconteceu nos dias 12, 13 e 14 deste m\u00eas, no Campus Tecnol\u00f3gico Darcy Ribeiro. Na oportunidade, Benilson lan\u00e7ou o livro \u201cO Mon\u00f3logo do Mauro da Latinha\u201d (Pe\u00e7as teatrais, e que foi publicado pela Editora Veloso, de Gurupi.<\/p>\n\n\n\n<p><strong>Sobre o autor<\/strong><br>Jos\u00e9 Benilson \u00e9 graduado em pedagogia pela Universidade do Estado do Tocantins \u2013 UNITINS. Em 1991, foi respons\u00e1vel pela forma\u00e7\u00e3o do grupo de teatro amador \u201cOs Cobras\u201d, de Filad\u00e9lfia, com 26 participantes, que em 1995 foi inclu\u00eddo no primeiro Censo Cultural do Estado do Tocantins. Atualmente, tamb\u00e9m atua na Biblioteca Municipal da sua cidade, onde desenvolve um bel\u00edssimo trabalho de forma\u00e7\u00e3o de leitores juto \u00e0 comunidade local.<\/p>\n\n\n\n<figure class=\"wp-block-image size-large is-resized\"><img loading=\"lazy\" decoding=\"async\" width=\"1024\" height=\"576\" src=\"https:\/\/focotocantinense.com.br\/wp-content\/uploads\/2025\/09\/BENILSO-NO-MARANHAO-1024x576.jpeg\" alt=\"\" class=\"wp-image-11054\" style=\"width:391px;height:auto\" srcset=\"https:\/\/focotocantinense.com.br\/wp-content\/uploads\/2025\/09\/BENILSO-NO-MARANHAO-1024x576.jpeg 1024w, https:\/\/focotocantinense.com.br\/wp-content\/uploads\/2025\/09\/BENILSO-NO-MARANHAO-300x169.jpeg 300w, https:\/\/focotocantinense.com.br\/wp-content\/uploads\/2025\/09\/BENILSO-NO-MARANHAO-768x432.jpeg 768w, https:\/\/focotocantinense.com.br\/wp-content\/uploads\/2025\/09\/BENILSO-NO-MARANHAO-1536x864.jpeg 1536w, https:\/\/focotocantinense.com.br\/wp-content\/uploads\/2025\/09\/BENILSO-NO-MARANHAO.jpeg 1599w\" sizes=\"auto, (max-width: 1024px) 100vw, 1024px\" \/><\/figure>\n\n\n\n<p><strong>Livros publicados<\/strong><br>Al\u00e9m de \u201cO Mon\u00f3logo do Mauro da Latinha\u201d, o autor t\u00eam publicados \u201cNoite de primavera em Filad\u00e9lfia\u201d (conto) 2009; \u201cDan\u00e7as dos canibais\u201d (poesia) 2010;; \u201cO Barraria\u201d (hist\u00f3ria infantil) 2016, e \u201cFlor de L\u00f3tus\u201d (Cr\u00f4nicas \u2013 2023).. Participou, ainda, da \u201cAntologia Liter\u00e1ria Ruas Vazias \u2013 O coronav\u00edrus em prosa e verso (2020), organizada por Eliosmar Veloso, bem como, de sete edi\u00e7\u00f5es da tradicional \u201cAntologia Veloso\u201d , publicada no per\u00edodo de 2014 a 2020.<\/p>\n\n\n\n<figure class=\"wp-block-image size-full is-resized\"><img loading=\"lazy\" decoding=\"async\" width=\"727\" height=\"184\" src=\"https:\/\/focotocantinense.com.br\/wp-content\/uploads\/2025\/09\/SHOW-DE-HUMOR-DE-VINICIUS-MARTINS-3.jpeg\" alt=\"\" class=\"wp-image-11053\" style=\"width:840px;height:auto\" srcset=\"https:\/\/focotocantinense.com.br\/wp-content\/uploads\/2025\/09\/SHOW-DE-HUMOR-DE-VINICIUS-MARTINS-3.jpeg 727w, https:\/\/focotocantinense.com.br\/wp-content\/uploads\/2025\/09\/SHOW-DE-HUMOR-DE-VINICIUS-MARTINS-3-300x76.jpeg 300w\" sizes=\"auto, (max-width: 727px) 100vw, 727px\" \/><\/figure>\n","protected":false},"excerpt":{"rendered":"<p>Tocantinense de Filad\u00e9lfia, na regi\u00e3o norte do Tocantins, o escritor Jos\u00e9 Benilson, Marcou presen\u00e7a na 1\u00aa Flapofran &#8211; Feira Liter\u00e1ria e Art\u00edstica de Porto Franco, no Maranh\u00e3o, que aconteceu nos dias 12, 13 e 14 deste m\u00eas, no Campus Tecnol\u00f3gico Darcy Ribeiro. Na oportunidade, Benilson lan\u00e7ou o livro \u201cO Mon\u00f3logo do Mauro da Latinha\u201d (Pe\u00e7as &hellip;<\/p>\n","protected":false},"author":5,"featured_media":11054,"comment_status":"open","ping_status":"open","sticky":false,"template":"","format":"standard","meta":{"footnotes":""},"categories":[1],"tags":[],"class_list":["post-11052","post","type-post","status-publish","format-standard","has-post-thumbnail","","category-sem-categoria"],"_links":{"self":[{"href":"https:\/\/focotocantinense.com.br\/index.php?rest_route=\/wp\/v2\/posts\/11052","targetHints":{"allow":["GET"]}}],"collection":[{"href":"https:\/\/focotocantinense.com.br\/index.php?rest_route=\/wp\/v2\/posts"}],"about":[{"href":"https:\/\/focotocantinense.com.br\/index.php?rest_route=\/wp\/v2\/types\/post"}],"author":[{"embeddable":true,"href":"https:\/\/focotocantinense.com.br\/index.php?rest_route=\/wp\/v2\/users\/5"}],"replies":[{"embeddable":true,"href":"https:\/\/focotocantinense.com.br\/index.php?rest_route=%2Fwp%2Fv2%2Fcomments&post=11052"}],"version-history":[{"count":2,"href":"https:\/\/focotocantinense.com.br\/index.php?rest_route=\/wp\/v2\/posts\/11052\/revisions"}],"predecessor-version":[{"id":11056,"href":"https:\/\/focotocantinense.com.br\/index.php?rest_route=\/wp\/v2\/posts\/11052\/revisions\/11056"}],"wp:featuredmedia":[{"embeddable":true,"href":"https:\/\/focotocantinense.com.br\/index.php?rest_route=\/wp\/v2\/media\/11054"}],"wp:attachment":[{"href":"https:\/\/focotocantinense.com.br\/index.php?rest_route=%2Fwp%2Fv2%2Fmedia&parent=11052"}],"wp:term":[{"taxonomy":"category","embeddable":true,"href":"https:\/\/focotocantinense.com.br\/index.php?rest_route=%2Fwp%2Fv2%2Fcategories&post=11052"},{"taxonomy":"post_tag","embeddable":true,"href":"https:\/\/focotocantinense.com.br\/index.php?rest_route=%2Fwp%2Fv2%2Ftags&post=11052"}],"curies":[{"name":"wp","href":"https:\/\/api.w.org\/{rel}","templated":true}]}}