{"id":11047,"date":"2025-09-13T17:07:56","date_gmt":"2025-09-13T20:07:56","guid":{"rendered":"https:\/\/focotocantinense.com.br\/?p=11047"},"modified":"2025-09-13T17:08:41","modified_gmt":"2025-09-13T20:08:41","slug":"governador-em-exercicio-laurez-moreira-anuncia-retomada-das-obras-do-hospital-geral-de-gurupi-nesta-segunda-15","status":"publish","type":"post","link":"https:\/\/focotocantinense.com.br\/?p=11047","title":{"rendered":"Governador em exerc\u00edcio Laurez Moreira anuncia retomada das obras do Hospital Geral de Gurupi, nesta segunda, 15"},"content":{"rendered":"\n<p>Laurez Moreira estar\u00e1 em Gurupi, na pr\u00f3xima segunda-feira (15), para assinar a\u00a0<strong>ordem de servi\u00e7o das obras da 2\u00aa e 3\u00aa etapas do Hospital Geral de Gurupi (HGG)<\/strong>, um dos principais anseios da popula\u00e7\u00e3o do sul e sudeste do Tocantins.<\/p>\n\n\n\n<figure class=\"wp-block-image size-full is-resized\"><img loading=\"lazy\" decoding=\"async\" width=\"883\" height=\"546\" src=\"https:\/\/focotocantinense.com.br\/wp-content\/uploads\/2025\/09\/hospital-regional-de-gurupi-novo.jpg\" alt=\"\" class=\"wp-image-11048\" style=\"width:353px;height:auto\" srcset=\"https:\/\/focotocantinense.com.br\/wp-content\/uploads\/2025\/09\/hospital-regional-de-gurupi-novo.jpg 883w, https:\/\/focotocantinense.com.br\/wp-content\/uploads\/2025\/09\/hospital-regional-de-gurupi-novo-300x186.jpg 300w, https:\/\/focotocantinense.com.br\/wp-content\/uploads\/2025\/09\/hospital-regional-de-gurupi-novo-768x475.jpg 768w\" sizes=\"auto, (max-width: 883px) 100vw, 883px\" \/><\/figure>\n\n\n\n<p>O an\u00fancio foi feito pelo deputado estadual Gutierres Torquato, que destacou a import\u00e2ncia da iniciativa.<\/p>\n\n\n\n<p>\u201cDuas coisas me alegraram muito, e tenho certeza de que vai alegrar a todos voc\u00eas. Eu n\u00e3o esperava que o governador agisse de maneira diferente. Na segunda-feira, ele estar\u00e1 aqui para dar a ordem de servi\u00e7o da segunda e da terceira etapa do Hospital Geral de Gurupi, que \u00e9 o grande sonho de todos n\u00f3s. Como deputado estadual, tenho defendido e lutado muito por essa obra. O pedido do povo do sul e sudeste \u00e9 que, depois de 13 anos, essa obra inicie verdadeiramente. Que n\u00e3o procuremos erros dos outros, mas que possamos efetivamente transformar a sa\u00fade da nossa cidade de Gurupi\u201d, declarou.<\/p>\n\n\n\n<figure class=\"wp-block-image size-full\"><img loading=\"lazy\" decoding=\"async\" width=\"670\" height=\"414\" src=\"https:\/\/focotocantinense.com.br\/wp-content\/uploads\/2025\/09\/hospital-regional-de-gurupi-construcao.jpg\" alt=\"\" class=\"wp-image-11049\" srcset=\"https:\/\/focotocantinense.com.br\/wp-content\/uploads\/2025\/09\/hospital-regional-de-gurupi-construcao.jpg 670w, https:\/\/focotocantinense.com.br\/wp-content\/uploads\/2025\/09\/hospital-regional-de-gurupi-construcao-300x185.jpg 300w\" sizes=\"auto, (max-width: 670px) 100vw, 670px\" \/><\/figure>\n\n\n\n<p>A constru\u00e7\u00e3o do hospital \u00e9 considerada estrat\u00e9gica para ampliar a capacidade de atendimento da sa\u00fade p\u00fablica e reduzir a sobrecarga de hospitais regionais.<\/p>\n","protected":false},"excerpt":{"rendered":"<p>Laurez Moreira estar\u00e1 em Gurupi, na pr\u00f3xima segunda-feira (15), para assinar a\u00a0ordem de servi\u00e7o das obras da 2\u00aa e 3\u00aa etapas do Hospital Geral de Gurupi (HGG), um dos principais anseios da popula\u00e7\u00e3o do sul e sudeste do Tocantins. O an\u00fancio foi feito pelo deputado estadual Gutierres Torquato, que destacou a import\u00e2ncia da iniciativa. \u201cDuas &hellip;<\/p>\n","protected":false},"author":5,"featured_media":11050,"comment_status":"open","ping_status":"open","sticky":false,"template":"","format":"standard","meta":{"footnotes":""},"categories":[1],"tags":[],"class_list":["post-11047","post","type-post","status-publish","format-standard","has-post-thumbnail","","category-sem-categoria"],"_links":{"self":[{"href":"https:\/\/focotocantinense.com.br\/index.php?rest_route=\/wp\/v2\/posts\/11047","targetHints":{"allow":["GET"]}}],"collection":[{"href":"https:\/\/focotocantinense.com.br\/index.php?rest_route=\/wp\/v2\/posts"}],"about":[{"href":"https:\/\/focotocantinense.com.br\/index.php?rest_route=\/wp\/v2\/types\/post"}],"author":[{"embeddable":true,"href":"https:\/\/focotocantinense.com.br\/index.php?rest_route=\/wp\/v2\/users\/5"}],"replies":[{"embeddable":true,"href":"https:\/\/focotocantinense.com.br\/index.php?rest_route=%2Fwp%2Fv2%2Fcomments&post=11047"}],"version-history":[{"count":1,"href":"https:\/\/focotocantinense.com.br\/index.php?rest_route=\/wp\/v2\/posts\/11047\/revisions"}],"predecessor-version":[{"id":11051,"href":"https:\/\/focotocantinense.com.br\/index.php?rest_route=\/wp\/v2\/posts\/11047\/revisions\/11051"}],"wp:featuredmedia":[{"embeddable":true,"href":"https:\/\/focotocantinense.com.br\/index.php?rest_route=\/wp\/v2\/media\/11050"}],"wp:attachment":[{"href":"https:\/\/focotocantinense.com.br\/index.php?rest_route=%2Fwp%2Fv2%2Fmedia&parent=11047"}],"wp:term":[{"taxonomy":"category","embeddable":true,"href":"https:\/\/focotocantinense.com.br\/index.php?rest_route=%2Fwp%2Fv2%2Fcategories&post=11047"},{"taxonomy":"post_tag","embeddable":true,"href":"https:\/\/focotocantinense.com.br\/index.php?rest_route=%2Fwp%2Fv2%2Ftags&post=11047"}],"curies":[{"name":"wp","href":"https:\/\/api.w.org\/{rel}","templated":true}]}}