{"id":11042,"date":"2025-09-13T15:57:06","date_gmt":"2025-09-13T18:57:06","guid":{"rendered":"https:\/\/focotocantinense.com.br\/?p=11042"},"modified":"2025-09-13T15:57:06","modified_gmt":"2025-09-13T18:57:06","slug":"em-parceria-com-prefeitura-de-figueiropolis-governador-laurez-assina-ordem-de-servico-para-a-reforma-do-estadio-municipal","status":"publish","type":"post","link":"https:\/\/focotocantinense.com.br\/?p=11042","title":{"rendered":"Em parceria com prefeitura de Figueir\u00f3polis, governador Laurez assina Ordem de Servi\u00e7o para a reforma do Est\u00e1dio municipal"},"content":{"rendered":"\n<p><em>Entre as melhorias anunciadas est\u00e3o a reforma geral e amplia\u00e7\u00e3o do Est\u00e1dio Municipal Ostuil Soares<\/em><\/p>\n\n\n\n<figure class=\"wp-block-image size-large is-resized\"><img loading=\"lazy\" decoding=\"async\" width=\"1024\" height=\"585\" src=\"https:\/\/focotocantinense.com.br\/wp-content\/uploads\/2025\/09\/F5-Assinatura-da-OS-Foto-Ademir-dos-Anjos-GovTO-1024x585.jpg\" alt=\"\" class=\"wp-image-11043\" style=\"width:377px;height:auto\" srcset=\"https:\/\/focotocantinense.com.br\/wp-content\/uploads\/2025\/09\/F5-Assinatura-da-OS-Foto-Ademir-dos-Anjos-GovTO-1024x585.jpg 1024w, https:\/\/focotocantinense.com.br\/wp-content\/uploads\/2025\/09\/F5-Assinatura-da-OS-Foto-Ademir-dos-Anjos-GovTO-300x171.jpg 300w, https:\/\/focotocantinense.com.br\/wp-content\/uploads\/2025\/09\/F5-Assinatura-da-OS-Foto-Ademir-dos-Anjos-GovTO-768x439.jpg 768w, https:\/\/focotocantinense.com.br\/wp-content\/uploads\/2025\/09\/F5-Assinatura-da-OS-Foto-Ademir-dos-Anjos-GovTO-1536x877.jpg 1536w, https:\/\/focotocantinense.com.br\/wp-content\/uploads\/2025\/09\/F5-Assinatura-da-OS-Foto-Ademir-dos-Anjos-GovTO-2048x1170.jpg 2048w\" sizes=\"auto, (max-width: 1024px) 100vw, 1024px\" \/><\/figure>\n\n\n\n<p><strong>Jarbas Coutinho\/Governo do Tocantins<\/strong><\/p>\n\n\n\n<p>O governador do Tocantins, Laurez Moreira, ao lado do prefeito de Figueir\u00f3polis, Jos\u00e9 Fontoura Primo, assinou nesta sexta-feira,12, a Ordem de Servi\u00e7o para a reforma e amplia\u00e7\u00e3o do Est\u00e1dio Municipal Ostuil Soares, no sul do Tocantins. A obra, or\u00e7ada em R$ 799,9 mil, foi anunciada durante solenidade de entrega de m\u00e1quinas e divulga\u00e7\u00e3o de novos investimentos da prefeitura local, com a presen\u00e7a de deputados federais, estaduais e outras autoridades.<\/p>\n\n\n\n<p>A visita do Laurez Moreira refor\u00e7ou o compromisso do Governo do Estado com as necessidades do munic\u00edpio e da regi\u00e3o. \u201cS\u00e3o obras importantes para Figueir\u00f3polis e para a comunidade local, que v\u00e3o mudar a paisagem dessa bela cidade\u201d, destacou o governador ao lembrar ainda que o est\u00e1dio \u00e9 um espa\u00e7o essencial para esportistas, que t\u00eam no futebol a principal atividade de lazer. O governador aproveitou a ocasi\u00e3o para reafirmar seu compromisso com uma gest\u00e3o voltada a desenvolver pol\u00edticas p\u00fablicas que venham a proporcionar oportunidade aos menos favorecidos<\/p>\n\n\n\n<figure class=\"wp-block-image size-large\"><img loading=\"lazy\" decoding=\"async\" width=\"1024\" height=\"585\" src=\"https:\/\/focotocantinense.com.br\/wp-content\/uploads\/2025\/09\/F4-GOV_1-1024x585.jpg\" alt=\"\" class=\"wp-image-11045\" srcset=\"https:\/\/focotocantinense.com.br\/wp-content\/uploads\/2025\/09\/F4-GOV_1-1024x585.jpg 1024w, https:\/\/focotocantinense.com.br\/wp-content\/uploads\/2025\/09\/F4-GOV_1-300x171.jpg 300w, https:\/\/focotocantinense.com.br\/wp-content\/uploads\/2025\/09\/F4-GOV_1-768x439.jpg 768w, https:\/\/focotocantinense.com.br\/wp-content\/uploads\/2025\/09\/F4-GOV_1-1536x878.jpg 1536w, https:\/\/focotocantinense.com.br\/wp-content\/uploads\/2025\/09\/F4-GOV_1-2048x1170.jpg 2048w\" sizes=\"auto, (max-width: 1024px) 100vw, 1024px\" \/><\/figure>\n\n\n\n<p>O prefeito de Figueir\u00f3polis, Jos\u00e9 Fontoura, agradeceu o apoio do Governo do Estado e ressaltou a relev\u00e2ncia do investimento. \u201cCom a presen\u00e7a do Laurez Moreira, Figueir\u00f3polis e toda a regi\u00e3o sul ter\u00e3o um novo destino. Ele conhece as demandas de cada lugar e j\u00e1 autorizou a constru\u00e7\u00e3o e a reforma do est\u00e1dio, uma obra fundamental para a juventude e para nossos desportistas\u201d, afirmou.<\/p>\n\n\n\n<p>As melhorias anunciadas envolvem a reforma geral, amplia\u00e7\u00e3o, constru\u00e7\u00e3o de vesti\u00e1rios, arquibancadas, ilumina\u00e7\u00e3o e arquibancadas cobertas.&nbsp;<\/p>\n\n\n\n<p>Al\u00e9m da assinatura da ordem de servi\u00e7o para melhorias no est\u00e1dio local, durante a solenidade, o prefeito Jos\u00e9 Fontoura assinou uma ordem de servi\u00e7o para constru\u00e7\u00e3o de um balne\u00e1rio e recebeu uma motoniveladora, adquirida por meio da Companhia de Desenvolvimento dos Vales do S\u00e3o Francisco e do Parna\u00edba (Codevasf).&nbsp;<\/p>\n\n\n\n<p><\/p>\n","protected":false},"excerpt":{"rendered":"<p>Entre as melhorias anunciadas est\u00e3o a reforma geral e amplia\u00e7\u00e3o do Est\u00e1dio Municipal Ostuil Soares Jarbas Coutinho\/Governo do Tocantins O governador do Tocantins, Laurez Moreira, ao lado do prefeito de Figueir\u00f3polis, Jos\u00e9 Fontoura Primo, assinou nesta sexta-feira,12, a Ordem de Servi\u00e7o para a reforma e amplia\u00e7\u00e3o do Est\u00e1dio Municipal Ostuil Soares, no sul do Tocantins. &hellip;<\/p>\n","protected":false},"author":5,"featured_media":11044,"comment_status":"open","ping_status":"open","sticky":false,"template":"","format":"standard","meta":{"footnotes":""},"categories":[1],"tags":[],"class_list":["post-11042","post","type-post","status-publish","format-standard","has-post-thumbnail","","category-sem-categoria"],"_links":{"self":[{"href":"https:\/\/focotocantinense.com.br\/index.php?rest_route=\/wp\/v2\/posts\/11042","targetHints":{"allow":["GET"]}}],"collection":[{"href":"https:\/\/focotocantinense.com.br\/index.php?rest_route=\/wp\/v2\/posts"}],"about":[{"href":"https:\/\/focotocantinense.com.br\/index.php?rest_route=\/wp\/v2\/types\/post"}],"author":[{"embeddable":true,"href":"https:\/\/focotocantinense.com.br\/index.php?rest_route=\/wp\/v2\/users\/5"}],"replies":[{"embeddable":true,"href":"https:\/\/focotocantinense.com.br\/index.php?rest_route=%2Fwp%2Fv2%2Fcomments&post=11042"}],"version-history":[{"count":1,"href":"https:\/\/focotocantinense.com.br\/index.php?rest_route=\/wp\/v2\/posts\/11042\/revisions"}],"predecessor-version":[{"id":11046,"href":"https:\/\/focotocantinense.com.br\/index.php?rest_route=\/wp\/v2\/posts\/11042\/revisions\/11046"}],"wp:featuredmedia":[{"embeddable":true,"href":"https:\/\/focotocantinense.com.br\/index.php?rest_route=\/wp\/v2\/media\/11044"}],"wp:attachment":[{"href":"https:\/\/focotocantinense.com.br\/index.php?rest_route=%2Fwp%2Fv2%2Fmedia&parent=11042"}],"wp:term":[{"taxonomy":"category","embeddable":true,"href":"https:\/\/focotocantinense.com.br\/index.php?rest_route=%2Fwp%2Fv2%2Fcategories&post=11042"},{"taxonomy":"post_tag","embeddable":true,"href":"https:\/\/focotocantinense.com.br\/index.php?rest_route=%2Fwp%2Fv2%2Ftags&post=11042"}],"curies":[{"name":"wp","href":"https:\/\/api.w.org\/{rel}","templated":true}]}}