{"id":11018,"date":"2025-09-11T12:26:12","date_gmt":"2025-09-11T15:26:12","guid":{"rendered":"https:\/\/focotocantinense.com.br\/?p=11018"},"modified":"2025-09-11T12:27:06","modified_gmt":"2025-09-11T15:27:06","slug":"governador-em-exercicio-laurez-moreira-designa-novos-titulares-para-a-secretaria-da-mulher-governadoria-pmto-e-corpo-de-bombeiros","status":"publish","type":"post","link":"https:\/\/focotocantinense.com.br\/?p=11018","title":{"rendered":"Governador em exerc\u00edcio Laurez Moreira designa novos titulares para a Secretaria da Mulher, Governadoria, PMTO e Corpo de Bombeiros"},"content":{"rendered":"\n<p><em>Na edi\u00e7\u00e3o suplementar do DOE desta ter\u00e7a-feira, 9, tamb\u00e9m foram nomeados os novos chefes de Estado Maior da PMTO e do CBMTO; e secret\u00e1rios executivos da Secretaria do Turismo e da Secretaria da Administra\u00e7\u00e3o<\/em><strong>Governo do Tocantins<\/strong><\/p>\n\n\n\n<figure class=\"wp-block-image size-full is-resized\"><img loading=\"lazy\" decoding=\"async\" width=\"750\" height=\"430\" src=\"https:\/\/focotocantinense.com.br\/wp-content\/uploads\/2025\/09\/Governador-em-exercicio-Laurez-Moreira_Marcio-Vieira_Governo-do-Tocantins-750x430-2.webp\" alt=\"\" class=\"wp-image-11028\" style=\"width:407px;height:auto\" srcset=\"https:\/\/focotocantinense.com.br\/wp-content\/uploads\/2025\/09\/Governador-em-exercicio-Laurez-Moreira_Marcio-Vieira_Governo-do-Tocantins-750x430-2.webp 750w, https:\/\/focotocantinense.com.br\/wp-content\/uploads\/2025\/09\/Governador-em-exercicio-Laurez-Moreira_Marcio-Vieira_Governo-do-Tocantins-750x430-2-300x172.webp 300w\" sizes=\"auto, (max-width: 750px) 100vw, 750px\" \/><\/figure>\n\n\n\n<p><\/p>\n\n\n\n<p>O governador em exerc\u00edcio do Tocantins, Laurez Moreira, nomeou o coronel Cl\u00e1udio Thomaz Coelho de Souza como comandante-geral da Pol\u00edcia Militar (PMTO); Fl\u00e1vio Santos Brito como chefe do Estado Maior da corpora\u00e7\u00e3o; Thiago Franco Santana como comandante-geral do Corpo de Bombeiros Militar do Tocantins (CBMTO); e Maxuell dos Santos de Souza como chefe do Estado Maior da institui\u00e7\u00e3o. Tamb\u00e9m foram nomeados Larissa Carlos Rosenda para exercer o cargo de secret\u00e1ria da Mulher; Raul de Jesus Filho e Neto como secret\u00e1rio de Estado da Governadoria; Ana Carina Mendes Souto como secret\u00e1ria executiva do Turismo; e Manoel Moraes dos Reis Filho como secret\u00e1rio executivo da Administra\u00e7\u00e3o. As nomea\u00e7\u00f5es foram publicadas na edi\u00e7\u00e3o suplementar do Di\u00e1rio Oficial do Estado (DOE) dessa ter\u00e7a-feira, 9.<\/p>\n\n\n\n<p><strong>Cl\u00e1udio Thomas Coelho de Souza, comandante-geral da PMTO<\/strong><\/p>\n\n\n\n<p>O coronel da Pol\u00edcia Militar do Estado do Tocantins, Cl\u00e1udio Thomaz Coelho de Souza, \u00e9 natural de Porto Nacional. Ingressou na corpora\u00e7\u00e3o em 1998 e tornou-se aspirante em 2001, ap\u00f3s concluir o Curso de Forma\u00e7\u00e3o de Oficiais (CFO) na Academia da Pol\u00edcia Militar de Minas Gerais. \u00c9 bacharel em Direito pela Universidade Cruzeiro do Sul (UNICID-SP) e possui p\u00f3s-gradua\u00e7\u00e3o em Doc\u00eancia do Ensino Superior (Unitins), em Gest\u00e3o de Seguran\u00e7a P\u00fablica (Unemat) e em Altos Estudos em Seguran\u00e7a P\u00fablica (PMGO).<\/p>\n\n\n\n<p>Em sua carreira, atuou em unidades como o 1\u00ba e o 2\u00ba Batalh\u00e3o da PMTO e exerceu fun\u00e7\u00f5es de comando na Companhia Independente de Opera\u00e7\u00f5es Especiais, atual BOPE; no 1\u00ba Batalh\u00e3o da Capital; e no Comando de Policiamento da Capital. Tamb\u00e9m foi chefe da Assessoria Militar do Tribunal de Justi\u00e7a e do Minist\u00e9rio P\u00fablico Estadual (MPE). Anteriormente \u00e0 nomea\u00e7\u00e3o, ocupava os cargos de chefe do Estado-Maior e subcomandante-geral da Pol\u00edcia Militar do Tocantins.<\/p>\n\n\n\n<p><strong>Fl\u00e1vio Santos Brito, Chefe do Estado Maior da PMTO<\/strong><\/p>\n\n\n\n<figure class=\"wp-block-image size-large\"><img loading=\"lazy\" decoding=\"async\" width=\"1024\" height=\"585\" src=\"https:\/\/focotocantinense.com.br\/wp-content\/uploads\/2025\/09\/F-FLAVIO-SANTOS-BRITO-para-exercer-o-cargo-de-Chefe-do-Estado-Maior-da-Policia-Militar-do-Estado-do-Tocantins-PMTO-Divulgacao-1-1024x585.jpg\" alt=\"\" class=\"wp-image-11025\" srcset=\"https:\/\/focotocantinense.com.br\/wp-content\/uploads\/2025\/09\/F-FLAVIO-SANTOS-BRITO-para-exercer-o-cargo-de-Chefe-do-Estado-Maior-da-Policia-Militar-do-Estado-do-Tocantins-PMTO-Divulgacao-1-1024x585.jpg 1024w, https:\/\/focotocantinense.com.br\/wp-content\/uploads\/2025\/09\/F-FLAVIO-SANTOS-BRITO-para-exercer-o-cargo-de-Chefe-do-Estado-Maior-da-Policia-Militar-do-Estado-do-Tocantins-PMTO-Divulgacao-1-300x171.jpg 300w, https:\/\/focotocantinense.com.br\/wp-content\/uploads\/2025\/09\/F-FLAVIO-SANTOS-BRITO-para-exercer-o-cargo-de-Chefe-do-Estado-Maior-da-Policia-Militar-do-Estado-do-Tocantins-PMTO-Divulgacao-1-768x439.jpg 768w, https:\/\/focotocantinense.com.br\/wp-content\/uploads\/2025\/09\/F-FLAVIO-SANTOS-BRITO-para-exercer-o-cargo-de-Chefe-do-Estado-Maior-da-Policia-Militar-do-Estado-do-Tocantins-PMTO-Divulgacao-1-1536x878.jpg 1536w, https:\/\/focotocantinense.com.br\/wp-content\/uploads\/2025\/09\/F-FLAVIO-SANTOS-BRITO-para-exercer-o-cargo-de-Chefe-do-Estado-Maior-da-Policia-Militar-do-Estado-do-Tocantins-PMTO-Divulgacao-1-2048x1170.jpg 2048w\" sizes=\"auto, (max-width: 1024px) 100vw, 1024px\" \/><\/figure>\n\n\n\n<p>Coronel da PMTO, Fl\u00e1vio Santos Brito, 41 anos, \u00e9 natural de Tocant\u00ednia. Ingressou na corpora\u00e7\u00e3o em 2003 pelo Curso de Forma\u00e7\u00e3o de Oficiais (CFO), sendo declarado Aspirante a Oficial em 2006. Ao longo de sua trajet\u00f3ria, comandou unidades estrat\u00e9gicas como o 8\u00ba Batalh\u00e3o, em Para\u00edso do Tocantins, e o 4\u00ba Batalh\u00e3o, em Gurupi.<\/p>\n\n\n\n<p>Graduado em Direito pela Universidade Federal do Tocantins (UFT) e bacharel em Seguran\u00e7a P\u00fablica, o coronel possui mestrado em Planejamento T\u00e1tico e doutorado em Gest\u00e3o Estrat\u00e9gica, ambos em Ci\u00eancias Pol\u00edticas e Seguran\u00e7a P\u00fablica Preventiva pela PMTO, al\u00e9m de tr\u00eas especializa\u00e7\u00f5es, incluindo Pol\u00edtica e Estrat\u00e9gia pela Escola Superior de Guerra. Sua experi\u00eancia administrativa inclui cargos como secret\u00e1rio executivo da Casa Militar e diretor de Apoio Log\u00edstico da PMTO, reunindo s\u00f3lida forma\u00e7\u00e3o t\u00e9cnica e experi\u00eancia pr\u00e1tica na seguran\u00e7a p\u00fablica do Estado.<\/p>\n\n\n\n<p><strong>Thiago Franco Santana, comandante-geral do CBMTO<\/strong><\/p>\n\n\n\n<figure class=\"wp-block-image size-large is-resized\"><img loading=\"lazy\" decoding=\"async\" width=\"1024\" height=\"584\" src=\"https:\/\/focotocantinense.com.br\/wp-content\/uploads\/2025\/09\/F-THIAGO-FRANCO-SANTANA-para-exercer-o-cargo-de-Comandante-Geral-do-Corpo-de-Bombeiros-Militar-do-Estado-do-Tocantins-Divulgacao-1024x584.jpg\" alt=\"\" class=\"wp-image-11024\" style=\"width:588px;height:auto\" srcset=\"https:\/\/focotocantinense.com.br\/wp-content\/uploads\/2025\/09\/F-THIAGO-FRANCO-SANTANA-para-exercer-o-cargo-de-Comandante-Geral-do-Corpo-de-Bombeiros-Militar-do-Estado-do-Tocantins-Divulgacao-1024x584.jpg 1024w, https:\/\/focotocantinense.com.br\/wp-content\/uploads\/2025\/09\/F-THIAGO-FRANCO-SANTANA-para-exercer-o-cargo-de-Comandante-Geral-do-Corpo-de-Bombeiros-Militar-do-Estado-do-Tocantins-Divulgacao-300x171.jpg 300w, https:\/\/focotocantinense.com.br\/wp-content\/uploads\/2025\/09\/F-THIAGO-FRANCO-SANTANA-para-exercer-o-cargo-de-Comandante-Geral-do-Corpo-de-Bombeiros-Militar-do-Estado-do-Tocantins-Divulgacao-768x438.jpg 768w, https:\/\/focotocantinense.com.br\/wp-content\/uploads\/2025\/09\/F-THIAGO-FRANCO-SANTANA-para-exercer-o-cargo-de-Comandante-Geral-do-Corpo-de-Bombeiros-Militar-do-Estado-do-Tocantins-Divulgacao.jpg 1279w\" sizes=\"auto, (max-width: 1024px) 100vw, 1024px\" \/><\/figure>\n\n\n\n<p>O coronel Thiago Franco Santana, 40 anos, natural de Bras\u00edlia\/DF, \u00e9 casado e pai de dois filhos, ingressou na carreira militar em 2004, formando-se no Curso de Forma\u00e7\u00e3o de Oficiais (CFO), em 2009. Ao longo de sua trajet\u00f3ria, acumulou qualifica\u00e7\u00f5es como o Curso de Aperfei\u00e7oamento de Oficiais (2014) e o Curso de Altos Estudos Estrat\u00e9gicos (2022), al\u00e9m de diversas especializa\u00e7\u00f5es em salvamento, atendimento pr\u00e9-hospitalar e atividades t\u00e9cnicas. No Tocantins, exerceu fun\u00e7\u00f5es como coordenador de Cursos de Forma\u00e7\u00e3o, comandante de Companhia Operacional, instrutor em Atendimento Pr\u00e9-hospitalar e Salvamento em Altura, al\u00e9m de coordenador de Mobiliza\u00e7\u00e3o e Minimiza\u00e7\u00e3o de Desastres da Defesa Civil.<\/p>\n\n\n\n<p>Graduado em Tecnologia em Gest\u00e3o de Emerg\u00eancias e em Gest\u00e3o em Seguran\u00e7a P\u00fablica, com p\u00f3s-gradua\u00e7\u00e3o em Gest\u00e3o de Seguran\u00e7a P\u00fablica. O coronel Thiago j\u00e1 esteve \u00e0 frente de importantes fun\u00e7\u00f5es, como coordenador de Ensino e Instru\u00e7\u00e3o e comandante do 3\u00ba Batalh\u00e3o de Bombeiros Militar em Gurupi. Atuou ainda como diretor de Servi\u00e7os T\u00e9cnicos e comandante de Atividades T\u00e9cnicas do CBMTO, consolidando uma carreira marcada pelo preparo t\u00e9cnico, pela lideran\u00e7a e pelo compromisso com a seguran\u00e7a da popula\u00e7\u00e3o tocantinense.<\/p>\n\n\n\n<p><strong>Maxuell dos Santos de Souza, Chefe do Estado Maior da CBMTO<\/strong><\/p>\n\n\n\n<figure class=\"wp-block-image size-large is-resized\"><img loading=\"lazy\" decoding=\"async\" width=\"1024\" height=\"585\" src=\"https:\/\/focotocantinense.com.br\/wp-content\/uploads\/2025\/09\/F-MAXUELL-DOS-SANTOS-DE-SOUZA-para-exercer-o-cargo-de-Chefe-do-Estado-Maior-do-Corpo-de-Bombeiros-Militar-do-Estado-do-Tocantins-CBMTO.-Divulgacao-1024x585.jpg\" alt=\"\" class=\"wp-image-11023\" style=\"width:351px;height:auto\" srcset=\"https:\/\/focotocantinense.com.br\/wp-content\/uploads\/2025\/09\/F-MAXUELL-DOS-SANTOS-DE-SOUZA-para-exercer-o-cargo-de-Chefe-do-Estado-Maior-do-Corpo-de-Bombeiros-Militar-do-Estado-do-Tocantins-CBMTO.-Divulgacao-1024x585.jpg 1024w, https:\/\/focotocantinense.com.br\/wp-content\/uploads\/2025\/09\/F-MAXUELL-DOS-SANTOS-DE-SOUZA-para-exercer-o-cargo-de-Chefe-do-Estado-Maior-do-Corpo-de-Bombeiros-Militar-do-Estado-do-Tocantins-CBMTO.-Divulgacao-300x171.jpg 300w, https:\/\/focotocantinense.com.br\/wp-content\/uploads\/2025\/09\/F-MAXUELL-DOS-SANTOS-DE-SOUZA-para-exercer-o-cargo-de-Chefe-do-Estado-Maior-do-Corpo-de-Bombeiros-Militar-do-Estado-do-Tocantins-CBMTO.-Divulgacao-768x439.jpg 768w, https:\/\/focotocantinense.com.br\/wp-content\/uploads\/2025\/09\/F-MAXUELL-DOS-SANTOS-DE-SOUZA-para-exercer-o-cargo-de-Chefe-do-Estado-Maior-do-Corpo-de-Bombeiros-Militar-do-Estado-do-Tocantins-CBMTO.-Divulgacao-1536x878.jpg 1536w, https:\/\/focotocantinense.com.br\/wp-content\/uploads\/2025\/09\/F-MAXUELL-DOS-SANTOS-DE-SOUZA-para-exercer-o-cargo-de-Chefe-do-Estado-Maior-do-Corpo-de-Bombeiros-Militar-do-Estado-do-Tocantins-CBMTO.-Divulgacao-2048x1170.jpg 2048w\" sizes=\"auto, (max-width: 1024px) 100vw, 1024px\" \/><\/figure>\n\n\n\n<p>O coronel Maxuell dos Santos de Souza, 43 anos, natural de Assu\/RN, \u00e9 casado e pai de dois filhos, iniciou sua trajet\u00f3ria militar na Marinha do Brasil, em 2002, e no CBMTO em 2004. Em 2009, concluiu o Curso de Forma\u00e7\u00e3o de Oficiais (CFO) pelo Corpo de Bombeiros Militar de Santa Catarina (CBMSC), consolidando uma carreira voltada \u00e0 forma\u00e7\u00e3o, ao salvamento e \u00e0 gest\u00e3o de opera\u00e7\u00f5es.<\/p>\n\n\n\n<p>Com gradua\u00e7\u00e3o em Gest\u00e3o de Emerg\u00eancias pela UNIVALI e p\u00f3s-gradua\u00e7\u00e3o em Gest\u00e3o Log\u00edstica pela PUC Minas. Entre suas fun\u00e7\u00f5es, destacam-se comandante do Pelot\u00e3o de Busca e Salvamento em Palmas, diretor de Ensino, comandante da Academia de Bombeiros Militar, al\u00e9m do comando dos Batalh\u00f5es em Para\u00edso do Tocantins, Gurupi e Aragua\u00edna. Atuou ainda como diretor de Log\u00edstica do CBMTO, reunindo s\u00f3lida forma\u00e7\u00e3o e experi\u00eancia no gerenciamento de crises e opera\u00e7\u00f5es estrat\u00e9gicas.<\/p>\n\n\n\n<p><strong>Larissa Carlos Rosenda, secret\u00e1ria de Estado da Mulher<\/strong><\/p>\n\n\n\n<figure class=\"wp-block-image size-large is-resized\"><img loading=\"lazy\" decoding=\"async\" width=\"1024\" height=\"585\" src=\"https:\/\/focotocantinense.com.br\/wp-content\/uploads\/2025\/09\/F-LARISSA-CARLOS-ROSENDA-para-exercer-o-cargo-de-Secretaria-de-Estado-da-Secretaria-da-Mulher.-Divulgacao-1024x585.jpg\" alt=\"\" class=\"wp-image-11022\" style=\"width:332px;height:auto\" srcset=\"https:\/\/focotocantinense.com.br\/wp-content\/uploads\/2025\/09\/F-LARISSA-CARLOS-ROSENDA-para-exercer-o-cargo-de-Secretaria-de-Estado-da-Secretaria-da-Mulher.-Divulgacao-1024x585.jpg 1024w, https:\/\/focotocantinense.com.br\/wp-content\/uploads\/2025\/09\/F-LARISSA-CARLOS-ROSENDA-para-exercer-o-cargo-de-Secretaria-de-Estado-da-Secretaria-da-Mulher.-Divulgacao-300x171.jpg 300w, https:\/\/focotocantinense.com.br\/wp-content\/uploads\/2025\/09\/F-LARISSA-CARLOS-ROSENDA-para-exercer-o-cargo-de-Secretaria-de-Estado-da-Secretaria-da-Mulher.-Divulgacao-768x439.jpg 768w, https:\/\/focotocantinense.com.br\/wp-content\/uploads\/2025\/09\/F-LARISSA-CARLOS-ROSENDA-para-exercer-o-cargo-de-Secretaria-de-Estado-da-Secretaria-da-Mulher.-Divulgacao-1536x878.jpg 1536w, https:\/\/focotocantinense.com.br\/wp-content\/uploads\/2025\/09\/F-LARISSA-CARLOS-ROSENDA-para-exercer-o-cargo-de-Secretaria-de-Estado-da-Secretaria-da-Mulher.-Divulgacao-2048x1171.jpg 2048w\" sizes=\"auto, (max-width: 1024px) 100vw, 1024px\" \/><\/figure>\n\n\n\n<p>Natural de Almas, Larissa Carlos Rosenda, nomeada para assumir a Secretaria de Estado da Mulher, \u00e9 vice-presidente da Ordem dos Advogados do Brasil \u2013 Seccional Tocantins (OAB\/TO) na gest\u00e3o 2025-2027. Advogada desde 2018, Larissa \u00e9 s\u00f3cia-fundadora do escrit\u00f3rio Lustosa &amp; Rosenda Advocacia e atua com destaque em Direito C\u00edvel e Previdenci\u00e1rio.<\/p>\n\n\n\n<p>\u00c9 Mestra em Presta\u00e7\u00e3o Jurisdicional e Direitos Humanos pela Universidade Federal do Tocantins (UFT), em parceria com a Escola Superior da Magistratura Tocantinense (Esmat), Bacharel em Direito pelo CEULP\/ULBRA e especialista em Educa\u00e7\u00e3o, Sociedade e Viol\u00eancia pela Unitins. Atualmente, exerce a doc\u00eancia no curso de Direito da UFT e \u00e9 professora e coordenadora local da p\u00f3s-gradua\u00e7\u00e3o em Direito das Mulheres na ATAME. Foi uma das idealizadoras do Projeto Desperta Mulher, iniciativa voltada ao fortalecimento de mulheres em situa\u00e7\u00e3o de vulnerabilidade social.<\/p>\n\n\n\n<p><strong>Ana Carina Mendes Souto, secret\u00e1ria executiva do Turismo<\/strong><\/p>\n\n\n\n<figure class=\"wp-block-image size-large is-resized\"><img loading=\"lazy\" decoding=\"async\" width=\"1024\" height=\"585\" src=\"https:\/\/focotocantinense.com.br\/wp-content\/uploads\/2025\/09\/F-ANA-CARINA-MENDES-SOUTO-para-exercer-o-cargo-de-Secretaria-Executiva-da-Secretaria-do-Turismo.-Divulgacao-GovTO-1024x585.jpg\" alt=\"\" class=\"wp-image-11021\" style=\"width:368px;height:auto\" srcset=\"https:\/\/focotocantinense.com.br\/wp-content\/uploads\/2025\/09\/F-ANA-CARINA-MENDES-SOUTO-para-exercer-o-cargo-de-Secretaria-Executiva-da-Secretaria-do-Turismo.-Divulgacao-GovTO-1024x585.jpg 1024w, https:\/\/focotocantinense.com.br\/wp-content\/uploads\/2025\/09\/F-ANA-CARINA-MENDES-SOUTO-para-exercer-o-cargo-de-Secretaria-Executiva-da-Secretaria-do-Turismo.-Divulgacao-GovTO-300x171.jpg 300w, https:\/\/focotocantinense.com.br\/wp-content\/uploads\/2025\/09\/F-ANA-CARINA-MENDES-SOUTO-para-exercer-o-cargo-de-Secretaria-Executiva-da-Secretaria-do-Turismo.-Divulgacao-GovTO-768x439.jpg 768w, https:\/\/focotocantinense.com.br\/wp-content\/uploads\/2025\/09\/F-ANA-CARINA-MENDES-SOUTO-para-exercer-o-cargo-de-Secretaria-Executiva-da-Secretaria-do-Turismo.-Divulgacao-GovTO-1536x878.jpg 1536w, https:\/\/focotocantinense.com.br\/wp-content\/uploads\/2025\/09\/F-ANA-CARINA-MENDES-SOUTO-para-exercer-o-cargo-de-Secretaria-Executiva-da-Secretaria-do-Turismo.-Divulgacao-GovTO.jpg 2046w\" sizes=\"auto, (max-width: 1024px) 100vw, 1024px\" \/><\/figure>\n\n\n\n<p>Ana Carina Mendes Souto, nomeada como secret\u00e1ria executiva de Turismo, tamb\u00e9m foi designada para responder interinamente pela Secretaria do Turismo. \u00c9 bacharel em Direito pela Universidade da Regi\u00e3o da Campanha (URCAMP), p\u00f3s-graduada em Direitos Humanos pela Faculdade Focus e complementou sua forma\u00e7\u00e3o com cursos em gest\u00e3o estrat\u00e9gica, pol\u00edticas p\u00fablicas, equidade e inova\u00e7\u00e3o.<\/p>\n\n\n\n<p>Possui mais de 20 anos de experi\u00eancia na administra\u00e7\u00e3o p\u00fablica e no Sistema de Justi\u00e7a do Tocantins, com atua\u00e7\u00e3o voltada \u00e0 gest\u00e3o institucional, desenvolvimento estrat\u00e9gico e implementa\u00e7\u00e3o de pol\u00edticas p\u00fablicas. Atuou em diversas institui\u00e7\u00f5es estaduais, incluindo a Universidade do Tocantins (Unitins); Defensoria P\u00fablica do Estado (DPE-TO); Tribunal de Justi\u00e7a do Tocantins (TJTO); e o Tribunal Regional Eleitoral do Tocantins (TRE-TO). Ocupou cargos como Diretora-Geral do TJTO (2023-2025), coordenadora de assessoramento da Diretoria-Geral, assessora de planejamento e projetos da Corregedoria-Geral da Justi\u00e7a, chefe de gabinete na Presid\u00eancia e Corregedoria, e coordenadora jur\u00eddico-administrativa no TRE-TO e na DPE-TO.<\/p>\n\n\n\n<p><strong>Raul de Jesus Filho e Neto, secret\u00e1rio da de Estado Governadoria<\/strong><\/p>\n\n\n\n<figure class=\"wp-block-image size-large is-resized\"><img loading=\"lazy\" decoding=\"async\" width=\"1024\" height=\"585\" src=\"https:\/\/focotocantinense.com.br\/wp-content\/uploads\/2025\/09\/F-RAUL-DE-JESUS-FILHO-E-NETO-para-exercer-o-cargo-de-Secretario-de-Estado-da-Governadoria-da-Secretaria-Executiva-da-Governadoria.-Divulgacao-1024x585.jpg\" alt=\"\" class=\"wp-image-11020\" style=\"width:340px;height:auto\" srcset=\"https:\/\/focotocantinense.com.br\/wp-content\/uploads\/2025\/09\/F-RAUL-DE-JESUS-FILHO-E-NETO-para-exercer-o-cargo-de-Secretario-de-Estado-da-Governadoria-da-Secretaria-Executiva-da-Governadoria.-Divulgacao-1024x585.jpg 1024w, https:\/\/focotocantinense.com.br\/wp-content\/uploads\/2025\/09\/F-RAUL-DE-JESUS-FILHO-E-NETO-para-exercer-o-cargo-de-Secretario-de-Estado-da-Governadoria-da-Secretaria-Executiva-da-Governadoria.-Divulgacao-300x171.jpg 300w, https:\/\/focotocantinense.com.br\/wp-content\/uploads\/2025\/09\/F-RAUL-DE-JESUS-FILHO-E-NETO-para-exercer-o-cargo-de-Secretario-de-Estado-da-Governadoria-da-Secretaria-Executiva-da-Governadoria.-Divulgacao-768x439.jpg 768w, https:\/\/focotocantinense.com.br\/wp-content\/uploads\/2025\/09\/F-RAUL-DE-JESUS-FILHO-E-NETO-para-exercer-o-cargo-de-Secretario-de-Estado-da-Governadoria-da-Secretaria-Executiva-da-Governadoria.-Divulgacao-1536x878.jpg 1536w, https:\/\/focotocantinense.com.br\/wp-content\/uploads\/2025\/09\/F-RAUL-DE-JESUS-FILHO-E-NETO-para-exercer-o-cargo-de-Secretario-de-Estado-da-Governadoria-da-Secretaria-Executiva-da-Governadoria.-Divulgacao-2048x1171.jpg 2048w\" sizes=\"auto, (max-width: 1024px) 100vw, 1024px\" \/><\/figure>\n\n\n\n<p>Raul de Jesus Filho Neto, 37 anos, \u00e9 bacharel em Direito pela Universidade Luterana de Palmas (ULBRA), casado e com trajet\u00f3ria marcada principalmente pela atua\u00e7\u00e3o no setor privado. Empres\u00e1rio, construiu sua experi\u00eancia profissional voltada \u00e0 gest\u00e3o e ao desenvolvimento de neg\u00f3cios, com foco em inova\u00e7\u00e3o e no fortalecimento do setor produtivo.<\/p>\n\n\n\n<p>Agora \u00e0 frente da Secretaria da Governadoria, Raul Filho Neto leva para o servi\u00e7o p\u00fablico experi\u00eancia do setor privado, empreendedorismo, com o alinhamento entre o p\u00fablico e o privado, buscando contribuir para a integra\u00e7\u00e3o entre \u00e1reas administrativas e para o desenvolvimento de pol\u00edticas voltadas ao fortalecimento da gest\u00e3o estadual.<\/p>\n\n\n\n<p><strong>Manoel Moraes dos Reis Filho, secret\u00e1rio executivo da Administra\u00e7\u00e3o<\/strong><\/p>\n\n\n\n<figure class=\"wp-block-image size-large is-resized\"><img loading=\"lazy\" decoding=\"async\" width=\"1024\" height=\"585\" src=\"https:\/\/focotocantinense.com.br\/wp-content\/uploads\/2025\/09\/F-MANOEL-MORAES-DOS-REIS-FILHO-para-exercer-o-cargo-de-Secretario-Executivo-da-Secretaria-da-Administracao.-Divulgacao-1024x585.jpg\" alt=\"\" class=\"wp-image-11019\" style=\"width:337px;height:auto\" srcset=\"https:\/\/focotocantinense.com.br\/wp-content\/uploads\/2025\/09\/F-MANOEL-MORAES-DOS-REIS-FILHO-para-exercer-o-cargo-de-Secretario-Executivo-da-Secretaria-da-Administracao.-Divulgacao-1024x585.jpg 1024w, https:\/\/focotocantinense.com.br\/wp-content\/uploads\/2025\/09\/F-MANOEL-MORAES-DOS-REIS-FILHO-para-exercer-o-cargo-de-Secretario-Executivo-da-Secretaria-da-Administracao.-Divulgacao-300x171.jpg 300w, https:\/\/focotocantinense.com.br\/wp-content\/uploads\/2025\/09\/F-MANOEL-MORAES-DOS-REIS-FILHO-para-exercer-o-cargo-de-Secretario-Executivo-da-Secretaria-da-Administracao.-Divulgacao-768x439.jpg 768w, https:\/\/focotocantinense.com.br\/wp-content\/uploads\/2025\/09\/F-MANOEL-MORAES-DOS-REIS-FILHO-para-exercer-o-cargo-de-Secretario-Executivo-da-Secretaria-da-Administracao.-Divulgacao-1536x878.jpg 1536w, https:\/\/focotocantinense.com.br\/wp-content\/uploads\/2025\/09\/F-MANOEL-MORAES-DOS-REIS-FILHO-para-exercer-o-cargo-de-Secretario-Executivo-da-Secretaria-da-Administracao.-Divulgacao-2048x1171.jpg 2048w\" sizes=\"auto, (max-width: 1024px) 100vw, 1024px\" \/><\/figure>\n\n\n\n<p>Nomeado como secret\u00e1rio executivo da Secretaria da Administra\u00e7\u00e3o, tamb\u00e9m foi designado para responder interinamente pela pasta. Manoel Moraes dos Reis Filho.&nbsp;Manoel Moraes dos Reis Filho&nbsp;\u00e9 graduado em Ci\u00eancias Cont\u00e1beis pela Universidade UnirG em 2000, P\u00f3s-Graduado em Contabilidade e Gest\u00e3o P\u00fablica pela Uninter em 2009 e mestrando&nbsp;em Direito do Agroneg\u00f3cio e Desenvolvimento pela Universidade de Rio Verde. \u00c9&nbsp;filho de Manoel Morais dos Reis e&nbsp;Niracy&nbsp;de Souza Morais, esposo de Denise Gl\u00f3ria Alencar Morais e pai de&nbsp;Emanulle&nbsp;Alencar Morais e Isabella Alencar Morais. Reside em Gurupi desde 1982, tendo contribu\u00eddo para o desenvolvimento do munic\u00edpio, atuando como Contador na usina hidrel\u00e9trica Peixe Angical, entre 2004 e 2006, e no Sistema de Transmiss\u00e3o de Energia El\u00e9trica entre a Usina de Serra da Mesa e a Subesta\u00e7\u00e3o de Luzi\u00e2nia.<\/p>\n\n\n\n<p>Na Prefeitura de Gurupi, exerceu os cargos de Diretor de Recursos Humanos de 2013 a 2017, Diretor de Planejamento e Or\u00e7amento em 2018, Diretor de Atividades do Gabinete de 2018 a 2019. \u00c9 contador efetivo da Funda\u00e7\u00e3o UNIRG, desde o ano de 2006.<\/p>\n\n\n\n<p>Na Universidade UnirG, foi Professor e Coordenador de Est\u00e1gio do curso de Ci\u00eancias Cont\u00e1beis entre os anos de 2007 e 2009. Na Funda\u00e7\u00e3o Unirg, foi diretor administrativo e financeiro de 2010 a 2012, gerente administrativo&nbsp; em 2011, respons\u00e1vel t\u00e9cnico pelo Setor de Contabilidade&nbsp; em 2021&nbsp; e coordenador do N\u00facleo da Presid\u00eancia&nbsp; em 2022.<\/p>\n\n\n\n<p><strong>C\u00e9sar Hanna Halum, secret\u00e1rio interino da Pesca e Aquicultura&nbsp;<\/strong><\/p>\n\n\n\n<p>Ainda no Di\u00e1rio Oficial do Estado (DOE) desta ter\u00e7a-feira, 9, o secret\u00e1rio da Agricultura e Pecu\u00e1ria (Seagro), C\u00e9sar Hanna Halum, foi designado para responder interinamente pela Secretaria da Pesca e Aquicultura (Sepea), sem preju\u00edzo de suas atribui\u00e7\u00f5es na Seagro.<\/p>\n\n\n\n<p><strong>Nomea\u00e7\u00f5es j\u00e1 publicadas<\/strong><\/p>\n\n\n\n<p>O governador em exerc\u00edcio do Tocantins, Laurez Moreira, realizou uma s\u00e9rie de nomea\u00e7\u00f5es para as pastas do governo. Ao todo, 15 novos nomes foram oficializados, abrangendo secretarias de Estado e autarquias. Confira a lista completa das nomea\u00e7\u00f5es j\u00e1 publicadas:<\/p>\n\n\n\n<p><em>Luiza Rocha Pinheiro para exercer o cargo de secret\u00e1ria de Estado da Comunica\u00e7\u00e3o (Secom);<\/em><\/p>\n\n\n\n<p><em>Ailton Parente Ara\u00fajo como chefe de Gabinete do Governador;<\/em><\/p>\n\n\n\n<p><em>Coronel Vitor Teles para exercer o cargo de secret\u00e1rio-chefe da Casa Militar;<\/em><\/p>\n\n\n\n<p><em>C\u00e9sar Hanna Halum como secret\u00e1rio de Estado da Agricultura e Pecu\u00e1ria (Seagro);<\/em><\/p>\n\n\n\n<p><em>Josu\u00e9 Pereira de Amorim como procurador-geral do Estado;<\/em><\/p>\n\n\n\n<p><em>V\u00e2nio Rodrigues de Souza como secret\u00e1rio de Estado da Sa\u00fade (SES\/TO);<\/em><\/p>\n\n\n\n<p><em>Ant\u00f4nio Trabulsi Sobrinho como presidente da Ag\u00eancia de Transportes, Obras e Infraestrutura (Ageto);<\/em><\/p>\n\n\n\n<p><em>Herbert Brito Barros como presidente do Instituto de Terras do Tocantins (Itertins);<\/em><\/p>\n\n\n\n<p><em>Romildo Santos Barbosa como presidente do Departamento Estadual de Tr\u00e2nsito (Detran\/TO);<\/em><\/p>\n\n\n\n<p><em>Jairo Soares Mariano, como secret\u00e1rio de Estado da Fazenda;<\/em><\/p>\n\n\n\n<p><em>H\u00e9rcules Jackson Moreira Santos como secret\u00e1rio de Estado da Educa\u00e7\u00e3o;<\/em><\/p>\n\n\n\n<p><em>Bruno Sousa Azevedo, como secret\u00e1rio de Estado da Seguran\u00e7a P\u00fablica;<\/em><\/p>\n\n\n\n<p><em>Cledson da Rocha Lima para a presid\u00eancia do Naturatins;<\/em><\/p>\n\n\n\n<p><em>B\u00e1rbara Jesu\u00edna Mendes Gomes como presidente do Igeprev-TO;<\/em><\/p>\n\n\n\n<p><em>Ludimila Rodrigues dos Santos Galv\u00e3o para o cargo de secret\u00e1ria executiva de Comunica\u00e7\u00e3o.<\/em><\/p>\n","protected":false},"excerpt":{"rendered":"<p>Na edi\u00e7\u00e3o suplementar do DOE desta ter\u00e7a-feira, 9, tamb\u00e9m foram nomeados os novos chefes de Estado Maior da PMTO e do CBMTO; e secret\u00e1rios executivos da Secretaria do Turismo e da Secretaria da Administra\u00e7\u00e3oGoverno do Tocantins O governador em exerc\u00edcio do Tocantins, Laurez Moreira, nomeou o coronel Cl\u00e1udio Thomaz Coelho de Souza como comandante-geral da &hellip;<\/p>\n","protected":false},"author":5,"featured_media":11026,"comment_status":"open","ping_status":"open","sticky":false,"template":"","format":"standard","meta":{"footnotes":""},"categories":[1],"tags":[],"class_list":["post-11018","post","type-post","status-publish","format-standard","has-post-thumbnail","","category-sem-categoria"],"_links":{"self":[{"href":"https:\/\/focotocantinense.com.br\/index.php?rest_route=\/wp\/v2\/posts\/11018","targetHints":{"allow":["GET"]}}],"collection":[{"href":"https:\/\/focotocantinense.com.br\/index.php?rest_route=\/wp\/v2\/posts"}],"about":[{"href":"https:\/\/focotocantinense.com.br\/index.php?rest_route=\/wp\/v2\/types\/post"}],"author":[{"embeddable":true,"href":"https:\/\/focotocantinense.com.br\/index.php?rest_route=\/wp\/v2\/users\/5"}],"replies":[{"embeddable":true,"href":"https:\/\/focotocantinense.com.br\/index.php?rest_route=%2Fwp%2Fv2%2Fcomments&post=11018"}],"version-history":[{"count":2,"href":"https:\/\/focotocantinense.com.br\/index.php?rest_route=\/wp\/v2\/posts\/11018\/revisions"}],"predecessor-version":[{"id":11029,"href":"https:\/\/focotocantinense.com.br\/index.php?rest_route=\/wp\/v2\/posts\/11018\/revisions\/11029"}],"wp:featuredmedia":[{"embeddable":true,"href":"https:\/\/focotocantinense.com.br\/index.php?rest_route=\/wp\/v2\/media\/11026"}],"wp:attachment":[{"href":"https:\/\/focotocantinense.com.br\/index.php?rest_route=%2Fwp%2Fv2%2Fmedia&parent=11018"}],"wp:term":[{"taxonomy":"category","embeddable":true,"href":"https:\/\/focotocantinense.com.br\/index.php?rest_route=%2Fwp%2Fv2%2Fcategories&post=11018"},{"taxonomy":"post_tag","embeddable":true,"href":"https:\/\/focotocantinense.com.br\/index.php?rest_route=%2Fwp%2Fv2%2Ftags&post=11018"}],"curies":[{"name":"wp","href":"https:\/\/api.w.org\/{rel}","templated":true}]}}