{"id":11014,"date":"2025-09-10T19:34:22","date_gmt":"2025-09-10T22:34:22","guid":{"rendered":"https:\/\/focotocantinense.com.br\/?p=11014"},"modified":"2025-09-10T19:34:23","modified_gmt":"2025-09-10T22:34:23","slug":"governador-em-exercicio-laurez-moreira-nomeia-larissa-rosenda-como-secretaria-de-estado-da-mulher","status":"publish","type":"post","link":"https:\/\/focotocantinense.com.br\/?p=11014","title":{"rendered":"Governador em exerc\u00edcio Laurez Moreira nomeia Larissa Rosenda como secret\u00e1ria de Estado da Mulher"},"content":{"rendered":"\n<p><em>Advogada e ex-vice-presidente da OAB\/TO assume a pasta com foco no fortalecimento das pol\u00edticas p\u00fablicas para as mulheres<\/em><\/p>\n\n\n\n<p><strong>Ascom SecMulher\/Governo do Tocantins<\/strong><\/p>\n\n\n\n<figure class=\"wp-block-image size-large is-resized\"><img loading=\"lazy\" decoding=\"async\" width=\"1024\" height=\"576\" src=\"https:\/\/focotocantinense.com.br\/wp-content\/uploads\/2025\/09\/Foto-01-16-1024x576.jpeg\" alt=\"\" class=\"wp-image-11015\" style=\"width:387px;height:auto\" srcset=\"https:\/\/focotocantinense.com.br\/wp-content\/uploads\/2025\/09\/Foto-01-16-1024x576.jpeg 1024w, https:\/\/focotocantinense.com.br\/wp-content\/uploads\/2025\/09\/Foto-01-16-300x169.jpeg 300w, https:\/\/focotocantinense.com.br\/wp-content\/uploads\/2025\/09\/Foto-01-16-768x432.jpeg 768w, https:\/\/focotocantinense.com.br\/wp-content\/uploads\/2025\/09\/Foto-01-16-1536x864.jpeg 1536w, https:\/\/focotocantinense.com.br\/wp-content\/uploads\/2025\/09\/Foto-01-16.jpeg 1600w\" sizes=\"auto, (max-width: 1024px) 100vw, 1024px\" \/><\/figure>\n\n\n\n<p>O governador em exerc\u00edcio do Tocantins, Laurez Moreira, anunciou na ter\u00e7a-feira, 9, a nomea\u00e7\u00e3o da advogada Larissa Carlos Rosenda como nova secret\u00e1ria de Estado da Mulher. O ato foi publicado no Di\u00e1rio Oficial do Estado (DOE) n\u00ba 6.894, de 9 de setembro de 2025.<\/p>\n\n\n\n<p>Larissa Rosenda tem uma trajet\u00f3ria marcada pelo compromisso com os direitos humanos e pela atua\u00e7\u00e3o em defesa das mulheres. Foi vice-presidente da Ordem dos Advogados do Brasil \u2013 Seccional Tocantins (OAB\/TO) e \u00e9 s\u00f3cia do escrit\u00f3rio Lustosa e Rosenda Advocacia.<\/p>\n\n\n\n<p>Com s\u00f3lida forma\u00e7\u00e3o acad\u00eamica, \u00e9 mestre em Presta\u00e7\u00e3o Jurisdicional e Direitos Humanos pela Universidade Federal do Tocantins (UFT), em parceria com a Escola Superior da Magistratura Tocantinense (Esmat). Possui gradua\u00e7\u00e3o em Direito pela Universidade Luterana do Brasil (2017) e especializa\u00e7\u00e3o em Educa\u00e7\u00e3o, Sociedade e Viol\u00eancia pela Universidade Estadual do Tocantins (Unitins).<\/p>\n\n\n\n<p>Ao assumir o comando da Secretaria da Mulher, Larissa Rosenda agradeceu a confian\u00e7a e reafirmou seu compromisso com o fortalecimento das pol\u00edticas p\u00fablicas no Tocantins.<\/p>\n\n\n\n<p>\u201cExpresso minha sincera gratid\u00e3o ao governador Laurez Moreira pela indica\u00e7\u00e3o para a Secretaria da Mulher. Assumo esta responsabilidade com o compromisso de atuar de forma t\u00e9cnica, respons\u00e1vel e em di\u00e1logo constante com a sociedade, buscando fortalecer pol\u00edticas p\u00fablicas que garantam igualdade de oportunidades, respeito e dignidade para todas e todos. Continuo acreditando firmemente que quando uma mulher se movimenta, toda a sociedade se move com ela\u201d, destacou a gestora.<\/p>\n\n\n\n<p>A nomea\u00e7\u00e3o refor\u00e7a a prioridade do Governo do Tocantins em ampliar o alcance das pol\u00edticas de prote\u00e7\u00e3o, igualdade e valoriza\u00e7\u00e3o da mulher, fortalecendo o papel institucional da Secretaria em todo o Estado.<\/p>\n","protected":false},"excerpt":{"rendered":"<p>Advogada e ex-vice-presidente da OAB\/TO assume a pasta com foco no fortalecimento das pol\u00edticas p\u00fablicas para as mulheres Ascom SecMulher\/Governo do Tocantins O governador em exerc\u00edcio do Tocantins, Laurez Moreira, anunciou na ter\u00e7a-feira, 9, a nomea\u00e7\u00e3o da advogada Larissa Carlos Rosenda como nova secret\u00e1ria de Estado da Mulher. O ato foi publicado no Di\u00e1rio Oficial &hellip;<\/p>\n","protected":false},"author":5,"featured_media":11015,"comment_status":"open","ping_status":"open","sticky":false,"template":"","format":"standard","meta":{"footnotes":""},"categories":[1],"tags":[],"class_list":["post-11014","post","type-post","status-publish","format-standard","has-post-thumbnail","","category-sem-categoria"],"_links":{"self":[{"href":"https:\/\/focotocantinense.com.br\/index.php?rest_route=\/wp\/v2\/posts\/11014","targetHints":{"allow":["GET"]}}],"collection":[{"href":"https:\/\/focotocantinense.com.br\/index.php?rest_route=\/wp\/v2\/posts"}],"about":[{"href":"https:\/\/focotocantinense.com.br\/index.php?rest_route=\/wp\/v2\/types\/post"}],"author":[{"embeddable":true,"href":"https:\/\/focotocantinense.com.br\/index.php?rest_route=\/wp\/v2\/users\/5"}],"replies":[{"embeddable":true,"href":"https:\/\/focotocantinense.com.br\/index.php?rest_route=%2Fwp%2Fv2%2Fcomments&post=11014"}],"version-history":[{"count":1,"href":"https:\/\/focotocantinense.com.br\/index.php?rest_route=\/wp\/v2\/posts\/11014\/revisions"}],"predecessor-version":[{"id":11016,"href":"https:\/\/focotocantinense.com.br\/index.php?rest_route=\/wp\/v2\/posts\/11014\/revisions\/11016"}],"wp:featuredmedia":[{"embeddable":true,"href":"https:\/\/focotocantinense.com.br\/index.php?rest_route=\/wp\/v2\/media\/11015"}],"wp:attachment":[{"href":"https:\/\/focotocantinense.com.br\/index.php?rest_route=%2Fwp%2Fv2%2Fmedia&parent=11014"}],"wp:term":[{"taxonomy":"category","embeddable":true,"href":"https:\/\/focotocantinense.com.br\/index.php?rest_route=%2Fwp%2Fv2%2Fcategories&post=11014"},{"taxonomy":"post_tag","embeddable":true,"href":"https:\/\/focotocantinense.com.br\/index.php?rest_route=%2Fwp%2Fv2%2Ftags&post=11014"}],"curies":[{"name":"wp","href":"https:\/\/api.w.org\/{rel}","templated":true}]}}