{"id":10990,"date":"2025-09-06T21:50:24","date_gmt":"2025-09-07T00:50:24","guid":{"rendered":"https:\/\/focotocantinense.com.br\/?p=10990"},"modified":"2025-09-06T22:04:35","modified_gmt":"2025-09-07T01:04:35","slug":"roda-de-conversa-com-o-poeta-zacarias-martins-movimenta-o-centro-educacional-fe-e-alegria-frei-antonio-em-tocantinia","status":"publish","type":"post","link":"https:\/\/focotocantinense.com.br\/?p=10990","title":{"rendered":"Roda de conversa com o poeta Zacarias Martins movimenta o Centro Educacional F\u00e9 e Alegria Frei Ant\u00f4nio, em Tocant\u00ednia"},"content":{"rendered":"\n<p><br>Escola que se destaca por ser refer\u00eancia no ensino p\u00fablico na regi\u00e3o central do Estado, o CEFYA \u2013 Centro Educacional F\u00e9 e Alegria Frei Ant\u00f4nio, de Tocant\u00ednia, teve uma programa\u00e7\u00e3o especial na manh\u00e3 de sexta-feira (5), com a realiza\u00e7\u00e3o de uma movimentada roda de conversa liter\u00e1ria com o renomado poeta, conferencista e jornalista tocantinense Zacarias Martins.<\/p>\n\n\n\n<figure class=\"wp-block-image size-large is-resized\"><img loading=\"lazy\" decoding=\"async\" width=\"768\" height=\"1024\" src=\"https:\/\/focotocantinense.com.br\/wp-content\/uploads\/2025\/09\/3-Os-alunos-interagiram-com-o-poeta-durante-a-roda-de-conversa-literaria-Divulgacao-768x1024.jpeg\" alt=\"\" class=\"wp-image-10993\" style=\"width:395px;height:auto\" srcset=\"https:\/\/focotocantinense.com.br\/wp-content\/uploads\/2025\/09\/3-Os-alunos-interagiram-com-o-poeta-durante-a-roda-de-conversa-literaria-Divulgacao-768x1024.jpeg 768w, https:\/\/focotocantinense.com.br\/wp-content\/uploads\/2025\/09\/3-Os-alunos-interagiram-com-o-poeta-durante-a-roda-de-conversa-literaria-Divulgacao-225x300.jpeg 225w, https:\/\/focotocantinense.com.br\/wp-content\/uploads\/2025\/09\/3-Os-alunos-interagiram-com-o-poeta-durante-a-roda-de-conversa-literaria-Divulgacao-1152x1536.jpeg 1152w, https:\/\/focotocantinense.com.br\/wp-content\/uploads\/2025\/09\/3-Os-alunos-interagiram-com-o-poeta-durante-a-roda-de-conversa-literaria-Divulgacao.jpeg 1200w\" sizes=\"auto, (max-width: 768px) 100vw, 768px\" \/><\/figure>\n\n\n\n<p><\/p>\n\n\n\n<p><strong>Leque de a\u00e7\u00f5es liter\u00e1rias<\/strong><br>A roda de conversa integra o leque de a\u00e7\u00f5es na eletiva Poetas do Xod\u00f3, um componente curricular desenvolvido ao longo do semestre sob orienta\u00e7\u00e3o do professor e tamb\u00e9m poeta, Andr\u00e9 Goveia, que busca despertar o prazer pela leitura, al\u00e9m de estimular a produ\u00e7\u00e3o textual. Brevemente ser\u00e1 lan\u00e7ada uma antologia liter\u00e1ria com os trabalhos dos alunos.<\/p>\n\n\n\n<figure class=\"wp-block-image size-large\"><img loading=\"lazy\" decoding=\"async\" width=\"1024\" height=\"576\" src=\"https:\/\/focotocantinense.com.br\/wp-content\/uploads\/2025\/09\/AAAAAAAAAAAAAAAAAA-1024x576.jpg\" alt=\"\" class=\"wp-image-10991\" srcset=\"https:\/\/focotocantinense.com.br\/wp-content\/uploads\/2025\/09\/AAAAAAAAAAAAAAAAAA-1024x576.jpg 1024w, https:\/\/focotocantinense.com.br\/wp-content\/uploads\/2025\/09\/AAAAAAAAAAAAAAAAAA-300x169.jpg 300w, https:\/\/focotocantinense.com.br\/wp-content\/uploads\/2025\/09\/AAAAAAAAAAAAAAAAAA-768x432.jpg 768w, https:\/\/focotocantinense.com.br\/wp-content\/uploads\/2025\/09\/AAAAAAAAAAAAAAAAAA-1536x864.jpg 1536w, https:\/\/focotocantinense.com.br\/wp-content\/uploads\/2025\/09\/AAAAAAAAAAAAAAAAAA.jpg 1600w\" sizes=\"auto, (max-width: 1024px) 100vw, 1024px\" \/><\/figure>\n\n\n\n<p><\/p>\n\n\n\n<p><strong>\u00cdcone da literatura tocantinense<\/strong><br>\u201cFicamos deveras muito honrados em receber um escritor destacado como Zacarias Martins, um dos \u00edcones da literatura tocantinense e que encontrou um tempinho na sua agenda de trabalho para se deslocar at\u00e9 Tocant\u00ednia e realizar essa a\u00e7\u00e3o com os nossos alunos\u201d, afirmou o professor Andr\u00e9 Goveia.<br>Durante a roda de conversa no CEFYA, Zacarias Martins falou sobre a import\u00e2ncia do salutar h\u00e1bito da leitura na forma\u00e7\u00e3o intelectual e na pr\u00f3pria personalidade dos alunos. O escritor ainda destacou o seu empenho pessoal na forma\u00e7\u00e3o de leitores para que no futuro tenhamos pessoas mais conscientes de seu papel na sociedade.<\/p>\n\n\n\n<figure class=\"wp-block-image size-large\"><img loading=\"lazy\" decoding=\"async\" width=\"1024\" height=\"768\" src=\"https:\/\/focotocantinense.com.br\/wp-content\/uploads\/2025\/09\/2-Zacarias-Martins-com-o-professor-Andre-Goveia-idealizador-do-Projeto-Poetas-do-Xodo-Divulgacao-1024x768.jpeg\" alt=\"\" class=\"wp-image-10996\" srcset=\"https:\/\/focotocantinense.com.br\/wp-content\/uploads\/2025\/09\/2-Zacarias-Martins-com-o-professor-Andre-Goveia-idealizador-do-Projeto-Poetas-do-Xodo-Divulgacao-1024x768.jpeg 1024w, https:\/\/focotocantinense.com.br\/wp-content\/uploads\/2025\/09\/2-Zacarias-Martins-com-o-professor-Andre-Goveia-idealizador-do-Projeto-Poetas-do-Xodo-Divulgacao-300x225.jpeg 300w, https:\/\/focotocantinense.com.br\/wp-content\/uploads\/2025\/09\/2-Zacarias-Martins-com-o-professor-Andre-Goveia-idealizador-do-Projeto-Poetas-do-Xodo-Divulgacao-768x576.jpeg 768w, https:\/\/focotocantinense.com.br\/wp-content\/uploads\/2025\/09\/2-Zacarias-Martins-com-o-professor-Andre-Goveia-idealizador-do-Projeto-Poetas-do-Xodo-Divulgacao-1536x1152.jpeg 1536w, https:\/\/focotocantinense.com.br\/wp-content\/uploads\/2025\/09\/2-Zacarias-Martins-com-o-professor-Andre-Goveia-idealizador-do-Projeto-Poetas-do-Xodo-Divulgacao.jpeg 1600w\" sizes=\"auto, (max-width: 1024px) 100vw, 1024px\" \/><\/figure>\n\n\n\n<p><\/p>\n\n\n\n<p><strong>Analfabetos funcionais<\/strong><br>\u201cEstimular uma leitura que desperte o senso cr\u00edtico no leitor \u00e9 fundamental para, pelo menos, minimizar o triste fen\u00f4meno do analfabetismo funcional que j\u00e1 chegou at\u00e9 em boa parte dos alunos universit\u00e1rios\u201d, enfatizou Martins, explicando que isso se deve, entre outros fatores, \u00e0s comodidades que nos propiciam as novas tecnologias digitais.<\/p>\n\n\n\n<figure class=\"wp-block-image size-full is-resized\"><img loading=\"lazy\" decoding=\"async\" width=\"646\" height=\"407\" src=\"https:\/\/focotocantinense.com.br\/wp-content\/uploads\/2025\/09\/1-POETAS-DO-XODO-OK.jpeg\" alt=\"\" class=\"wp-image-10998\" style=\"width:840px;height:auto\" srcset=\"https:\/\/focotocantinense.com.br\/wp-content\/uploads\/2025\/09\/1-POETAS-DO-XODO-OK.jpeg 646w, https:\/\/focotocantinense.com.br\/wp-content\/uploads\/2025\/09\/1-POETAS-DO-XODO-OK-300x189.jpeg 300w\" sizes=\"auto, (max-width: 646px) 100vw, 646px\" \/><\/figure>\n\n\n\n<p><\/p>\n\n\n\n<p>\u201cNunca tivemos acesso a tanta informa\u00e7\u00e3o, com tamanha facilidade, por\u00e9m, s\u00e3o poucas as pessoas que realmente absorvem conhecimento. \u00c9 cada vez maior o n\u00famero de pessoas com desintelig\u00eancia natural e n\u00e3o se deram conta disso\u201d, lamentou Martins.<\/p>\n\n\n\n<figure class=\"wp-block-image size-full is-resized\"><img loading=\"lazy\" decoding=\"async\" width=\"716\" height=\"305\" src=\"https:\/\/focotocantinense.com.br\/wp-content\/uploads\/2025\/09\/XXXXXXXXXXXXXXXXXXXXXXXXXXXXX.jpg\" alt=\"\" class=\"wp-image-10999\" style=\"width:840px;height:auto\" srcset=\"https:\/\/focotocantinense.com.br\/wp-content\/uploads\/2025\/09\/XXXXXXXXXXXXXXXXXXXXXXXXXXXXX.jpg 716w, https:\/\/focotocantinense.com.br\/wp-content\/uploads\/2025\/09\/XXXXXXXXXXXXXXXXXXXXXXXXXXXXX-300x128.jpg 300w\" sizes=\"auto, (max-width: 716px) 100vw, 716px\" \/><\/figure>\n\n\n\n<p><\/p>\n\n\n\n<p><strong>Sobre o autor<\/strong><br>Zacarias Martins \u00e9 um escritor premiado e j\u00e1 recebeu v\u00e1rias condecora\u00e7\u00f5es e honrarias em reconhecimento a seu trabalho liter\u00e1rio. Integrante do Comit\u00ea de Cultura no Tocantins, o autor tamb\u00e9m \u00e9 membro fundador da Academia Tocantinense de Letras (ATL) e da Federa\u00e7\u00e3o Brasileira de Jornalistas e Comunicadores de Turismo (Febtur), seccional do Tocantins. J\u00e1 publicou seis livros de poesias, um de cr\u00f4nicas (Hist\u00f3rias da hist\u00f3ria de Gurupi), obra indicada duas vezes para o exame vestibular da Universidade de Gurupi, e, mais recentemente, publicou o seu primeiro livro para o p\u00fablico infantil.<\/p>\n\n\n\n<figure class=\"wp-block-image size-large\"><img loading=\"lazy\" decoding=\"async\" width=\"1024\" height=\"768\" src=\"https:\/\/focotocantinense.com.br\/wp-content\/uploads\/2025\/09\/4-O-escritor-tambem-falou-sobre-sua-trajetoria-literaria-e-sorteou-livros-entre-os-alunos-1024x768.jpeg\" alt=\"\" class=\"wp-image-11006\" srcset=\"https:\/\/focotocantinense.com.br\/wp-content\/uploads\/2025\/09\/4-O-escritor-tambem-falou-sobre-sua-trajetoria-literaria-e-sorteou-livros-entre-os-alunos-1024x768.jpeg 1024w, https:\/\/focotocantinense.com.br\/wp-content\/uploads\/2025\/09\/4-O-escritor-tambem-falou-sobre-sua-trajetoria-literaria-e-sorteou-livros-entre-os-alunos-300x225.jpeg 300w, https:\/\/focotocantinense.com.br\/wp-content\/uploads\/2025\/09\/4-O-escritor-tambem-falou-sobre-sua-trajetoria-literaria-e-sorteou-livros-entre-os-alunos-768x576.jpeg 768w, https:\/\/focotocantinense.com.br\/wp-content\/uploads\/2025\/09\/4-O-escritor-tambem-falou-sobre-sua-trajetoria-literaria-e-sorteou-livros-entre-os-alunos-1536x1152.jpeg 1536w, https:\/\/focotocantinense.com.br\/wp-content\/uploads\/2025\/09\/4-O-escritor-tambem-falou-sobre-sua-trajetoria-literaria-e-sorteou-livros-entre-os-alunos.jpeg 1600w\" sizes=\"auto, (max-width: 1024px) 100vw, 1024px\" \/><\/figure>\n\n\n\n<p><\/p>\n\n\n\n<figure class=\"wp-block-image is-resized\"><a href=\"https:\/\/blogger.googleusercontent.com\/img\/b\/R29vZ2xl\/AVvXsEjNthkeLHZrZzJwOGryUvI-MGXTBA7M6EqbZJD2iXgBRFlF35acpBxvq2IJt39DyO2MAAlq59m2Bm8RJGYMQ-WGUImNuxwTA02xZBh-O29iXN2SYbgrWeKwbqfjNNCtC8FI-F24_oGkb-d6Wd8KK_CXe2tN2hzomGoj8uz7bF9K7jdAcMTua_r8oAnj22Cc\/s727\/XXXXXXXXXXXXXXXXXXXXXXXXXXXXX.jpg\"><img decoding=\"async\" src=\"https:\/\/blogger.googleusercontent.com\/img\/b\/R29vZ2xl\/AVvXsEjNthkeLHZrZzJwOGryUvI-MGXTBA7M6EqbZJD2iXgBRFlF35acpBxvq2IJt39DyO2MAAlq59m2Bm8RJGYMQ-WGUImNuxwTA02xZBh-O29iXN2SYbgrWeKwbqfjNNCtC8FI-F24_oGkb-d6Wd8KK_CXe2tN2hzomGoj8uz7bF9K7jdAcMTua_r8oAnj22Cc\/w472-h243\/XXXXXXXXXXXXXXXXXXXXXXXXXXXXX.jpg\" alt=\"\" style=\"width:840px;height:auto\"\/><\/a><\/figure>\n\n\n\n<figure class=\"wp-block-image is-resized\"><a href=\"https:\/\/blogger.googleusercontent.com\/img\/b\/R29vZ2xl\/AVvXsEibYoJfpw1BhwlicR_LgggYfxAbGcekpzHPD6GBTcsQMHbNPdVoPkJkCuuXL_VSs3XELmYtyiqjq6PWU3BslO13kF_mU4BCk7bLgenfk5CcfsnQpml1-ZFgvFxkqHgBAMRPemaZTXU20MvtYjVfpJHFY-yGI_1Nb-btsZlDd6Q7hqNW7T72hBRJQWhmyYox\/s694\/XXXXXXXXXXXXXXXXXXXXXXXXXXXXX.jpg\"><img decoding=\"async\" src=\"https:\/\/blogger.googleusercontent.com\/img\/b\/R29vZ2xl\/AVvXsEibYoJfpw1BhwlicR_LgggYfxAbGcekpzHPD6GBTcsQMHbNPdVoPkJkCuuXL_VSs3XELmYtyiqjq6PWU3BslO13kF_mU4BCk7bLgenfk5CcfsnQpml1-ZFgvFxkqHgBAMRPemaZTXU20MvtYjVfpJHFY-yGI_1Nb-btsZlDd6Q7hqNW7T72hBRJQWhmyYox\/w470-h181\/XXXXXXXXXXXXXXXXXXXXXXXXXXXXX.jpg\" alt=\"\" style=\"width:840px;height:auto\"\/><\/a><\/figure>\n\n\n\n<figure class=\"wp-block-image is-resized\"><a href=\"https:\/\/blogger.googleusercontent.com\/img\/b\/R29vZ2xl\/AVvXsEgQIBCLtkGoq5dDbUHwpEZoT4RpvjanP9cYa1iqO2BnU97c-_k6vj6-YUXFVYSm8p-gyC9yDfHmb7il4bpmj2dke9ChhLx-ywjpI_hozz57D-ZR-D2u9cP98znsVLbXUNyfUyfZDwc0q21_t_XAQNu8fhaQ7TSi34OWpB9XaZ_zROiQycrwYLfsSj-M11OE\/s678\/XXXXXXXXXXXXXXXXXXXXXXXXXXXXX.jpg\"><img decoding=\"async\" src=\"https:\/\/blogger.googleusercontent.com\/img\/b\/R29vZ2xl\/AVvXsEgQIBCLtkGoq5dDbUHwpEZoT4RpvjanP9cYa1iqO2BnU97c-_k6vj6-YUXFVYSm8p-gyC9yDfHmb7il4bpmj2dke9ChhLx-ywjpI_hozz57D-ZR-D2u9cP98znsVLbXUNyfUyfZDwc0q21_t_XAQNu8fhaQ7TSi34OWpB9XaZ_zROiQycrwYLfsSj-M11OE\/w476-h171\/XXXXXXXXXXXXXXXXXXXXXXXXXXXXX.jpg\" alt=\"\" style=\"width:840px;height:auto\"\/><\/a><\/figure>\n\n\n\n<figure class=\"wp-block-image is-resized\"><a href=\"https:\/\/blogger.googleusercontent.com\/img\/b\/R29vZ2xl\/AVvXsEigHztwNaH3jJW1iBMLyz0IKrjSNLTKqV6Wk1_-jxWp5epZSrPXs81OSe-_7FsEgRB8IHuWWQVwJbcNPXR_A1182LDBnPX5Zex3_OLulBI2ii28dG5lA488BIkIJiidxC31aGFI1yEjppL9G0s3nBUIySlOc6SCO4uRfAPfdLHkollPfsTmD2ZJUQa2caSu\/s689\/BBBBBBBBBBBB.jpg\"><img decoding=\"async\" src=\"https:\/\/blogger.googleusercontent.com\/img\/b\/R29vZ2xl\/AVvXsEigHztwNaH3jJW1iBMLyz0IKrjSNLTKqV6Wk1_-jxWp5epZSrPXs81OSe-_7FsEgRB8IHuWWQVwJbcNPXR_A1182LDBnPX5Zex3_OLulBI2ii28dG5lA488BIkIJiidxC31aGFI1yEjppL9G0s3nBUIySlOc6SCO4uRfAPfdLHkollPfsTmD2ZJUQa2caSu\/w478-h180\/BBBBBBBBBBBB.jpg\" alt=\"\" style=\"width:840px;height:auto\"\/><\/a><\/figure>\n\n\n\n<p><\/p>\n\n\n\n<figure class=\"wp-block-image size-full is-resized\"><img loading=\"lazy\" decoding=\"async\" width=\"727\" height=\"184\" src=\"https:\/\/focotocantinense.com.br\/wp-content\/uploads\/2025\/09\/SHOW-DE-HUMOR-DE-VINICIUS-MARTINS-1.jpeg\" alt=\"\" class=\"wp-image-10992\" style=\"width:840px;height:auto\" srcset=\"https:\/\/focotocantinense.com.br\/wp-content\/uploads\/2025\/09\/SHOW-DE-HUMOR-DE-VINICIUS-MARTINS-1.jpeg 727w, https:\/\/focotocantinense.com.br\/wp-content\/uploads\/2025\/09\/SHOW-DE-HUMOR-DE-VINICIUS-MARTINS-1-300x76.jpeg 300w\" sizes=\"auto, (max-width: 727px) 100vw, 727px\" \/><\/figure>\n","protected":false},"excerpt":{"rendered":"<p>Escola que se destaca por ser refer\u00eancia no ensino p\u00fablico na regi\u00e3o central do Estado, o CEFYA \u2013 Centro Educacional F\u00e9 e Alegria Frei Ant\u00f4nio, de Tocant\u00ednia, teve uma programa\u00e7\u00e3o especial na manh\u00e3 de sexta-feira (5), com a realiza\u00e7\u00e3o de uma movimentada roda de conversa liter\u00e1ria com o renomado poeta, conferencista e jornalista tocantinense Zacarias &hellip;<\/p>\n","protected":false},"author":5,"featured_media":10991,"comment_status":"open","ping_status":"open","sticky":false,"template":"","format":"standard","meta":{"footnotes":""},"categories":[78],"tags":[],"class_list":["post-10990","post","type-post","status-publish","format-standard","has-post-thumbnail","","category-tocantinia"],"_links":{"self":[{"href":"https:\/\/focotocantinense.com.br\/index.php?rest_route=\/wp\/v2\/posts\/10990","targetHints":{"allow":["GET"]}}],"collection":[{"href":"https:\/\/focotocantinense.com.br\/index.php?rest_route=\/wp\/v2\/posts"}],"about":[{"href":"https:\/\/focotocantinense.com.br\/index.php?rest_route=\/wp\/v2\/types\/post"}],"author":[{"embeddable":true,"href":"https:\/\/focotocantinense.com.br\/index.php?rest_route=\/wp\/v2\/users\/5"}],"replies":[{"embeddable":true,"href":"https:\/\/focotocantinense.com.br\/index.php?rest_route=%2Fwp%2Fv2%2Fcomments&post=10990"}],"version-history":[{"count":7,"href":"https:\/\/focotocantinense.com.br\/index.php?rest_route=\/wp\/v2\/posts\/10990\/revisions"}],"predecessor-version":[{"id":11007,"href":"https:\/\/focotocantinense.com.br\/index.php?rest_route=\/wp\/v2\/posts\/10990\/revisions\/11007"}],"wp:featuredmedia":[{"embeddable":true,"href":"https:\/\/focotocantinense.com.br\/index.php?rest_route=\/wp\/v2\/media\/10991"}],"wp:attachment":[{"href":"https:\/\/focotocantinense.com.br\/index.php?rest_route=%2Fwp%2Fv2%2Fmedia&parent=10990"}],"wp:term":[{"taxonomy":"category","embeddable":true,"href":"https:\/\/focotocantinense.com.br\/index.php?rest_route=%2Fwp%2Fv2%2Fcategories&post=10990"},{"taxonomy":"post_tag","embeddable":true,"href":"https:\/\/focotocantinense.com.br\/index.php?rest_route=%2Fwp%2Fv2%2Ftags&post=10990"}],"curies":[{"name":"wp","href":"https:\/\/api.w.org\/{rel}","templated":true}]}}