{"id":10985,"date":"2025-09-04T13:02:44","date_gmt":"2025-09-04T16:02:44","guid":{"rendered":"https:\/\/focotocantinense.com.br\/?p=10985"},"modified":"2025-09-04T13:02:45","modified_gmt":"2025-09-04T16:02:45","slug":"governador-em-exercicio-laurez-moreira-anuncia-medidas-para-dar-transparencia-e-eficiencia-a-gestao-do-tocantins","status":"publish","type":"post","link":"https:\/\/focotocantinense.com.br\/?p=10985","title":{"rendered":"Governador em exerc\u00edcio Laurez Moreira anuncia medidas para dar transpar\u00eancia e efici\u00eancia \u00e0 gest\u00e3o do Tocantins"},"content":{"rendered":"\n<p><em>\u201cTranspar\u00eancia ser\u00e1 a marca da nossa gest\u00e3o\u201d, afirma o governador em exerc\u00edcio Laurez Moreira durante coletiva \u00e0 imprensa<\/em><\/p>\n\n\n\n<p><strong>Jarbas Coutinho\/Governo do Tocantins<\/strong><\/p>\n\n\n\n<figure class=\"wp-block-image size-large is-resized\"><img loading=\"lazy\" decoding=\"async\" width=\"1024\" height=\"683\" src=\"https:\/\/focotocantinense.com.br\/wp-content\/uploads\/2025\/09\/F1-1024x683.jpeg\" alt=\"\" class=\"wp-image-10987\" style=\"width:379px;height:auto\" srcset=\"https:\/\/focotocantinense.com.br\/wp-content\/uploads\/2025\/09\/F1-1024x683.jpeg 1024w, https:\/\/focotocantinense.com.br\/wp-content\/uploads\/2025\/09\/F1-300x200.jpeg 300w, https:\/\/focotocantinense.com.br\/wp-content\/uploads\/2025\/09\/F1-768x512.jpeg 768w, https:\/\/focotocantinense.com.br\/wp-content\/uploads\/2025\/09\/F1-1536x1024.jpeg 1536w, https:\/\/focotocantinense.com.br\/wp-content\/uploads\/2025\/09\/F1-2048x1366.jpeg 2048w\" sizes=\"auto, (max-width: 1024px) 100vw, 1024px\" \/><\/figure>\n\n\n\n<p>Governador em exerc\u00edcio, Laurez Moreira realiza sua primeira coletiva \u00e0 imprensa<br><\/p>\n\n\n\n<p>Em sua primeira coletiva \u00e0 imprensa como governador em exerc\u00edcio do Tocantins, realizada nesta quarta-feira, 3, no Pal\u00e1cio Araguaia Governador Jos\u00e9 Wilson Siqueira Campos, Laurez Moreira destacou que a prioridade de sua gest\u00e3o ser\u00e1 resgatar a confian\u00e7a da sociedade e dos investidores, colocando o estado entre os mais transparentes do Brasil.<\/p>\n\n\n\n<p>Laurez Moreira afirmou que o Tocantins aparece hoje na pior posi\u00e7\u00e3o do pa\u00eds no quesito transpar\u00eancia. \u201cIsso \u00e9 muito grave. A falta de transpar\u00eancia abre espa\u00e7o para a corrup\u00e7\u00e3o. O que n\u00f3s queremos \u00e9 justamente o contr\u00e1rio: um governo aberto, em que todos tenham acesso \u00e0s informa\u00e7\u00f5es e possam acompanhar cada passo da administra\u00e7\u00e3o. Quando a imprensa pode fiscalizar, quando o cidad\u00e3o pode fiscalizar, n\u00f3s evitamos que coisas erradas ocorram\u201d, afirmou.<\/p>\n\n\n\n<p>O Governador em exerc\u00edcio criticou o atraso na moderniza\u00e7\u00e3o da m\u00e1quina p\u00fablica. \u201c\u00c9 inadmiss\u00edvel que, em pleno 2025, a Secretaria de Governo ainda funcione com processos em papel, sem digitaliza\u00e7\u00e3o. Quando eu fui prefeito de Gurupi, digitalizamos a gest\u00e3o, e isso trouxe mais efici\u00eancia e mais seguran\u00e7a. \u00c9 isso que vamos implantar no Tocantins\u201d, destacou.<\/p>\n\n\n\n<p>Laurez Moreira afirmou que a imprensa ter\u00e1 papel central no acompanhamento de sua gest\u00e3o. \u201cVoc\u00eas, jornalistas, v\u00e3o nos ajudar a fiscalizar cada secret\u00e1rio. Vamos governar \u00e0s claras, com responsabilidade, para resgatar a credibilidade do Tocantins\u201d, ressaltou o governador em exerc\u00edcio.<\/p>\n\n\n\n<figure class=\"wp-block-image size-large\"><img loading=\"lazy\" decoding=\"async\" width=\"1024\" height=\"683\" src=\"https:\/\/focotocantinense.com.br\/wp-content\/uploads\/2025\/09\/F2-1-1024x683.jpeg\" alt=\"\" class=\"wp-image-10988\" srcset=\"https:\/\/focotocantinense.com.br\/wp-content\/uploads\/2025\/09\/F2-1-1024x683.jpeg 1024w, https:\/\/focotocantinense.com.br\/wp-content\/uploads\/2025\/09\/F2-1-300x200.jpeg 300w, https:\/\/focotocantinense.com.br\/wp-content\/uploads\/2025\/09\/F2-1-768x512.jpeg 768w, https:\/\/focotocantinense.com.br\/wp-content\/uploads\/2025\/09\/F2-1-1536x1024.jpeg 1536w, https:\/\/focotocantinense.com.br\/wp-content\/uploads\/2025\/09\/F2-1-2048x1366.jpeg 2048w\" sizes=\"auto, (max-width: 1024px) 100vw, 1024px\" \/><\/figure>\n\n\n\n<p>Durante a coletiva, Laurez Moreira anunciou a publicit\u00e1ria Luiza Rocha Pinheiro como nova titular da Secretaria de Estado da Comunica\u00e7\u00e3o (Secom) e confirmou a exonera\u00e7\u00e3o de todo o primeiro escal\u00e3o do governo.<\/p>\n\n\n\n<p>Ele ressaltou que as escolhas de sua equipe ter\u00e3o como prioridade a seriedade, a capacidade t\u00e9cnica e o compromisso com o estado. \u201cQuero trabalhar com quem esteja disposto a servir o Tocantins com transpar\u00eancia e dedica\u00e7\u00e3o\u201d, pontuou.<\/p>\n\n\n\n<p>O chefe do Executivo em exerc\u00edcio tamb\u00e9m destacou a urg\u00eancia de concluir obras estruturantes na \u00e1rea da sa\u00fade. \u201cO hospital de Gurupi est\u00e1 h\u00e1 14 anos em constru\u00e7\u00e3o, um dinheiro enorme j\u00e1 foi gasto sem retorno \u00e0 sociedade. O hospital de Aragua\u00edna tamb\u00e9m j\u00e1 deveria estar pronto. Isso n\u00e3o pode continuar. Temos que terminar essas obras porque s\u00e3o a esperan\u00e7a de milhares de tocantinenses. Sa\u00fade \u00e9 prioridade e ser\u00e1 tratada com seriedade\u201d, garantiu.<\/p>\n\n\n\n<p>Laurez ainda refor\u00e7ou que o governo vai trabalhar para valorizar os ve\u00edculos de comunica\u00e7\u00e3o do Tocantins e promover a cultura e os artistas locais. \u201cQueremos que a imprensa seja fortalecida, mas tamb\u00e9m vamos valorizar a nossa cultura, os nossos artistas e as nossas tradi\u00e7\u00f5es. Precisamos mostrar ao Brasil que o Tocantins tem valores grandiosos e que o nosso Estado pode e vai ter uma nova imagem.\u201d<\/p>\n\n\n\n<p>Por fim, o governador em exerc\u00edcio, Laurez Moreira, transmitiu uma mensagem de confian\u00e7a \u00e0 popula\u00e7\u00e3o. \u201cMe preparei a vida toda para servir o Tocantins. Essa \u00e9 a maior miss\u00e3o da minha vida. Vou governar com equil\u00edbrio, seriedade e respeito, cuidando de cada centavo do povo e planejando as a\u00e7\u00f5es com responsabilidade. O Tocantins pode confiar: cada decis\u00e3o ser\u00e1 tomada pensando no futuro do nosso estado e no bem-estar da nossa popula\u00e7\u00e3o.\u201d<em>&#8212;<\/em><\/p>\n","protected":false},"excerpt":{"rendered":"<p>\u201cTranspar\u00eancia ser\u00e1 a marca da nossa gest\u00e3o\u201d, afirma o governador em exerc\u00edcio Laurez Moreira durante coletiva \u00e0 imprensa Jarbas Coutinho\/Governo do Tocantins Governador em exerc\u00edcio, Laurez Moreira realiza sua primeira coletiva \u00e0 imprensa Em sua primeira coletiva \u00e0 imprensa como governador em exerc\u00edcio do Tocantins, realizada nesta quarta-feira, 3, no Pal\u00e1cio Araguaia Governador Jos\u00e9 Wilson &hellip;<\/p>\n","protected":false},"author":5,"featured_media":10987,"comment_status":"open","ping_status":"open","sticky":false,"template":"","format":"standard","meta":{"footnotes":""},"categories":[1],"tags":[],"class_list":["post-10985","post","type-post","status-publish","format-standard","has-post-thumbnail","","category-sem-categoria"],"_links":{"self":[{"href":"https:\/\/focotocantinense.com.br\/index.php?rest_route=\/wp\/v2\/posts\/10985","targetHints":{"allow":["GET"]}}],"collection":[{"href":"https:\/\/focotocantinense.com.br\/index.php?rest_route=\/wp\/v2\/posts"}],"about":[{"href":"https:\/\/focotocantinense.com.br\/index.php?rest_route=\/wp\/v2\/types\/post"}],"author":[{"embeddable":true,"href":"https:\/\/focotocantinense.com.br\/index.php?rest_route=\/wp\/v2\/users\/5"}],"replies":[{"embeddable":true,"href":"https:\/\/focotocantinense.com.br\/index.php?rest_route=%2Fwp%2Fv2%2Fcomments&post=10985"}],"version-history":[{"count":1,"href":"https:\/\/focotocantinense.com.br\/index.php?rest_route=\/wp\/v2\/posts\/10985\/revisions"}],"predecessor-version":[{"id":10989,"href":"https:\/\/focotocantinense.com.br\/index.php?rest_route=\/wp\/v2\/posts\/10985\/revisions\/10989"}],"wp:featuredmedia":[{"embeddable":true,"href":"https:\/\/focotocantinense.com.br\/index.php?rest_route=\/wp\/v2\/media\/10987"}],"wp:attachment":[{"href":"https:\/\/focotocantinense.com.br\/index.php?rest_route=%2Fwp%2Fv2%2Fmedia&parent=10985"}],"wp:term":[{"taxonomy":"category","embeddable":true,"href":"https:\/\/focotocantinense.com.br\/index.php?rest_route=%2Fwp%2Fv2%2Fcategories&post=10985"},{"taxonomy":"post_tag","embeddable":true,"href":"https:\/\/focotocantinense.com.br\/index.php?rest_route=%2Fwp%2Fv2%2Ftags&post=10985"}],"curies":[{"name":"wp","href":"https:\/\/api.w.org\/{rel}","templated":true}]}}