{"id":10982,"date":"2025-09-03T17:21:59","date_gmt":"2025-09-03T20:21:59","guid":{"rendered":"https:\/\/focotocantinense.com.br\/?p=10982"},"modified":"2025-09-03T17:21:59","modified_gmt":"2025-09-03T20:21:59","slug":"por-unanimidade-corte-especial-do-stj-referenda-afastamento-de-governador-do-tocantins-por-6-meses","status":"publish","type":"post","link":"https:\/\/focotocantinense.com.br\/?p=10982","title":{"rendered":"Por unanimidade Corte Especial do STJ referenda afastamento de governador do Tocantins por 6 meses"},"content":{"rendered":"\n<p>Wanderlei Barbosa Castro (Republicanos) \u00e9 investigado em opera\u00e7\u00e3o da PF sobre desvio de verbas na pandemia<\/p>\n\n\n\n<figure class=\"wp-block-image size-full is-resized\"><img loading=\"lazy\" decoding=\"async\" width=\"753\" height=\"465\" src=\"https:\/\/focotocantinense.com.br\/wp-content\/uploads\/2025\/09\/170222.jpg\" alt=\"\" class=\"wp-image-10983\" style=\"width:363px;height:auto\" srcset=\"https:\/\/focotocantinense.com.br\/wp-content\/uploads\/2025\/09\/170222.jpg 753w, https:\/\/focotocantinense.com.br\/wp-content\/uploads\/2025\/09\/170222-300x185.jpg 300w\" sizes=\"auto, (max-width: 753px) 100vw, 753px\" \/><\/figure>\n\n\n\n<p><strong>BRASILIA-DF<\/strong>&nbsp;\u2013 A Corte Especial do Superior Tribunal de Justi\u00e7a (STJ) confirmou nesta quarta-feira (3) o afastamento, por seis meses, do governador de Tocantins, Wanderlei Barbosa (Republicanos), pelo suposto desvio de emendas parlamentares durante a pandemia de covid-19. O governador disse respeitar a decis\u00e3o, mas a considerou \u201cprecipitada\u201d.<\/p>\n\n\n\n<p>O afastamento foi autorizado por decis\u00e3o individual do ministro Mauro Campbell, que foi referendada, por unanimidade, pelo Tribunal. A decis\u00e3o tamb\u00e9m afastou a primeira-dama Karynne Sotero Campos, que era a titular da Secretaria Extraordin\u00e1ria de Participa\u00e7\u00f5es Sociais. O caso tramitava em segredo de Justi\u00e7a, mas teve o sigilo levantado.<\/p>\n\n\n\n<p>A decis\u00e3o ocorreu depois da opera\u00e7\u00e3o Fames-19. A suspeita \u00e9 que houve fraudes no fornecimento de cestas b\u00e1sicas e frangos congelados comprados com emendas parlamentares desviadas durante a pandemia de covid-19.<\/p>\n\n\n\n<p>De acordo com a PF, foram pagos mais de R$ 97 milh\u00f5es em contratos para fornecimento dos alimentos, com um preju\u00edzo estimado a mais de R$&nbsp;de R$ 73 milh\u00f5es aos cofres p\u00fablicos.<\/p>\n\n\n\n<p>Os valores teriam sido ocultados por meio da constru\u00e7\u00e3o de empreendimentos de luxo, compra de gado e pagamento de despesas pessoais dos envolvidos.<\/p>\n\n\n\n<p>Na sess\u00e3o da Corte Especial desta quarta, o relator do caso ressaltou que h\u00e1 ind\u00edcios de que o casal teria transformado a m\u00e1quina p\u00fablica em um \u201cinstrumento de atividades criminosas\u201d. Para Campbell, eles se valeram de funcion\u00e1rios p\u00fablicos, empres\u00e1rios e deputados estaduais para montar um esquema de desvio de recursos destinados \u00e0 assist\u00eancia social durante a pandemia.<\/p>\n\n\n\n<p>O ministro declarou que afastar um governador eleito \u00e9 uma medida de \u201cgravidade \u00edmpar\u201d, que s\u00f3 deve ser adotada em cen\u00e1rios excepcionais, quando houver risco concreto de continuidade das pr\u00e1ticas criminosas.<\/p>\n\n\n\n<p>Al\u00e9m do afastamento de Barbosa, Campbell tamb\u00e9m proibiu ele e a mulher de entrarem em pr\u00e9dios p\u00fablicos e manter contato com outros investigados. Na mesma decis\u00e3o, no entanto, o ministro n\u00e3o autorizou o afastamento dos deputados estaduais citados na investiga\u00e7\u00e3o e do presidente da Junta Comercial de Tocantins, Issam Saad, por entender que eram&nbsp;necess\u00e1rios mais elementos para provar o uso dos cargos para a pr\u00e1tica dos crimes.<\/p>\n\n\n\n<p>A subprocuradora-geral da Rep\u00fablica, Luiza Cristina, se manifestou pelo afastamento do governador e da secret\u00e1ria e requereu que o relator determinasse que a PF complementasse o relat\u00f3rio no prazo necess\u00e1rio para obter informa\u00e7\u00f5es sobre os deputados que n\u00e3o foram afastados.<\/p>\n","protected":false},"excerpt":{"rendered":"<p>Wanderlei Barbosa Castro (Republicanos) \u00e9 investigado em opera\u00e7\u00e3o da PF sobre desvio de verbas na pandemia BRASILIA-DF&nbsp;\u2013 A Corte Especial do Superior Tribunal de Justi\u00e7a (STJ) confirmou nesta quarta-feira (3) o afastamento, por seis meses, do governador de Tocantins, Wanderlei Barbosa (Republicanos), pelo suposto desvio de emendas parlamentares durante a pandemia de covid-19. O governador &hellip;<\/p>\n","protected":false},"author":5,"featured_media":10983,"comment_status":"open","ping_status":"open","sticky":false,"template":"","format":"standard","meta":{"footnotes":""},"categories":[1],"tags":[],"class_list":["post-10982","post","type-post","status-publish","format-standard","has-post-thumbnail","","category-sem-categoria"],"_links":{"self":[{"href":"https:\/\/focotocantinense.com.br\/index.php?rest_route=\/wp\/v2\/posts\/10982","targetHints":{"allow":["GET"]}}],"collection":[{"href":"https:\/\/focotocantinense.com.br\/index.php?rest_route=\/wp\/v2\/posts"}],"about":[{"href":"https:\/\/focotocantinense.com.br\/index.php?rest_route=\/wp\/v2\/types\/post"}],"author":[{"embeddable":true,"href":"https:\/\/focotocantinense.com.br\/index.php?rest_route=\/wp\/v2\/users\/5"}],"replies":[{"embeddable":true,"href":"https:\/\/focotocantinense.com.br\/index.php?rest_route=%2Fwp%2Fv2%2Fcomments&post=10982"}],"version-history":[{"count":1,"href":"https:\/\/focotocantinense.com.br\/index.php?rest_route=\/wp\/v2\/posts\/10982\/revisions"}],"predecessor-version":[{"id":10984,"href":"https:\/\/focotocantinense.com.br\/index.php?rest_route=\/wp\/v2\/posts\/10982\/revisions\/10984"}],"wp:featuredmedia":[{"embeddable":true,"href":"https:\/\/focotocantinense.com.br\/index.php?rest_route=\/wp\/v2\/media\/10983"}],"wp:attachment":[{"href":"https:\/\/focotocantinense.com.br\/index.php?rest_route=%2Fwp%2Fv2%2Fmedia&parent=10982"}],"wp:term":[{"taxonomy":"category","embeddable":true,"href":"https:\/\/focotocantinense.com.br\/index.php?rest_route=%2Fwp%2Fv2%2Fcategories&post=10982"},{"taxonomy":"post_tag","embeddable":true,"href":"https:\/\/focotocantinense.com.br\/index.php?rest_route=%2Fwp%2Fv2%2Ftags&post=10982"}],"curies":[{"name":"wp","href":"https:\/\/api.w.org\/{rel}","templated":true}]}}