{"id":10971,"date":"2025-09-02T05:59:43","date_gmt":"2025-09-02T08:59:43","guid":{"rendered":"https:\/\/focotocantinense.com.br\/?p=10971"},"modified":"2025-09-02T06:00:33","modified_gmt":"2025-09-02T09:00:33","slug":"prefeitura-de-gurupi-prepara-desfile-civico-de-7-de-setembro-com-foco-na-cultura-de-paz","status":"publish","type":"post","link":"https:\/\/focotocantinense.com.br\/?p=10971","title":{"rendered":"Prefeitura de Gurupi prepara Desfile C\u00edvico de 7 de Setembro com foco na Cultura de Paz"},"content":{"rendered":"\n<p>A Prefeitura de Gurupi, por meio da Secretaria Municipal de Educa\u00e7\u00e3o (Semeg), est\u00e1 organizando o tradicional Desfile C\u00edvico de 07 de Setembro, em comemora\u00e7\u00e3o \u00e0 independ\u00eancia do Brasil. Neste ano, o tema central ser\u00e1 \u201cFam\u00edlia, Escola e Comunidade: Construindo Juntos uma Cultura de Paz\u201d.<\/p>\n\n\n\n<figure class=\"wp-block-image size-large is-resized\"><img loading=\"lazy\" decoding=\"async\" width=\"1024\" height=\"677\" src=\"https:\/\/focotocantinense.com.br\/wp-content\/uploads\/2025\/09\/desfile-gurupi-1-1024x677.jpg\" alt=\"\" class=\"wp-image-10973\" style=\"width:340px;height:auto\" srcset=\"https:\/\/focotocantinense.com.br\/wp-content\/uploads\/2025\/09\/desfile-gurupi-1-1024x677.jpg 1024w, https:\/\/focotocantinense.com.br\/wp-content\/uploads\/2025\/09\/desfile-gurupi-1-300x198.jpg 300w, https:\/\/focotocantinense.com.br\/wp-content\/uploads\/2025\/09\/desfile-gurupi-1-768x508.jpg 768w, https:\/\/focotocantinense.com.br\/wp-content\/uploads\/2025\/09\/desfile-gurupi-1-310x205.jpg 310w, https:\/\/focotocantinense.com.br\/wp-content\/uploads\/2025\/09\/desfile-gurupi-1.jpg 1220w\" sizes=\"auto, (max-width: 1024px) 100vw, 1024px\" \/><\/figure>\n\n\n\n<p>O evento ser\u00e1 realizado no domingo, 07, a partir das 07h, com concentra\u00e7\u00e3o em frente \u00e0 sede da Prefeitura, na Rua 01. O trajeto seguir\u00e1 pela Avenida Goi\u00e1s at\u00e9 o cruzamento com a Rua 05, onde ser\u00e1 montado o palco oficial para as autoridades e o encerramento do percurso do desfile.<\/p>\n\n\n\n<p>A celebra\u00e7\u00e3o patri\u00f3tica come\u00e7ar\u00e1 com a execu\u00e7\u00e3o do Hino Nacional e o hasteamento da Bandeira. Em seguida, as escolas e institui\u00e7\u00f5es participantes desfilar\u00e3o apresentando a tem\u00e1tica. Neste ano, v\u00e3o participar 24 escolas da rede municipal, al\u00e9m do Col\u00e9gio Militar Presidente Costa e Silva, da Associa\u00e7\u00e3o de Pais e Amigos dos Excepcionais (APAE) de Gurupi, da Associa\u00e7\u00e3o Esporte Clube Castelo, dos projetos EnvelheSer e Vov\u00f4lei, e ainda as institui\u00e7\u00f5es Corpo de Bombeiros e Pol\u00edcia Militar.<\/p>\n\n\n\n<p><strong>Desfiles nas comunidades<\/strong><\/p>\n\n\n\n<p>Duas escolas da rede municipal, localizadas em regi\u00f5es mais afastadas do centro, realizar\u00e3o seus pr\u00f3prios desfiles. A Escola Municipal de Tempo Integral Elizeu de Carvalho, no setor Industrial, far\u00e1 sua programa\u00e7\u00e3o no dia 04 de setembro, quinta-feira, \u00e0s 09h, no pr\u00f3prio bairro. J\u00e1 a Escola Municipal de Tempo Integral Benevenuto Alves Moreira, no povoado Trevo da Praia, realizar\u00e1 seu desfile no dia 05 de setembro, sexta-feira, \u00e0s 07h, no povoado.<\/p>\n\n\n\n<p>A prefeita Josi Nunes falou sobre a expectativa para a celebra\u00e7\u00e3o. \u201cO Desfile C\u00edvico \u00e9 um dos momentos mais marcantes da nossa cidade. \u00c9 a oportunidade de celebrarmos a independ\u00eancia do Brasil, valorizando nossa hist\u00f3ria e refor\u00e7ando a import\u00e2ncia da fam\u00edlia, da escola e da comunidade na constru\u00e7\u00e3o de uma sociedade cada vez melhor. Estamos preparando tudo com muito carinho e convidamos toda a popula\u00e7\u00e3o para prestigiar e participar desse grande evento patri\u00f3tico\u201d, destacou.<\/p>\n\n\n\n<p>O secret\u00e1rio municipal de Educa\u00e7\u00e3o, Samuel Martins, refor\u00e7ou o empenho da equipe para o sucesso da programa\u00e7\u00e3o. \u201cNossa equipe est\u00e1 dedicada para que cada detalhe esteja pronto, com muito carinho e responsabilidade. Queremos que seja uma grande celebra\u00e7\u00e3o da nossa independ\u00eancia, envolvendo as escolas, institui\u00e7\u00f5es e toda a comunidade de Gurupi\u201d, afirmou.<\/p>\n\n\n\n<figure class=\"wp-block-image size-full is-resized\"><img loading=\"lazy\" decoding=\"async\" width=\"727\" height=\"184\" src=\"https:\/\/focotocantinense.com.br\/wp-content\/uploads\/2025\/09\/SHOW-DE-HUMOR-DE-VINICIUS-MARTINS.jpeg\" alt=\"\" class=\"wp-image-10964\" style=\"width:840px;height:auto\" srcset=\"https:\/\/focotocantinense.com.br\/wp-content\/uploads\/2025\/09\/SHOW-DE-HUMOR-DE-VINICIUS-MARTINS.jpeg 727w, https:\/\/focotocantinense.com.br\/wp-content\/uploads\/2025\/09\/SHOW-DE-HUMOR-DE-VINICIUS-MARTINS-300x76.jpeg 300w\" sizes=\"auto, (max-width: 727px) 100vw, 727px\" \/><\/figure>\n","protected":false},"excerpt":{"rendered":"<p>A Prefeitura de Gurupi, por meio da Secretaria Municipal de Educa\u00e7\u00e3o (Semeg), est\u00e1 organizando o tradicional Desfile C\u00edvico de 07 de Setembro, em comemora\u00e7\u00e3o \u00e0 independ\u00eancia do Brasil. Neste ano, o tema central ser\u00e1 \u201cFam\u00edlia, Escola e Comunidade: Construindo Juntos uma Cultura de Paz\u201d. O evento ser\u00e1 realizado no domingo, 07, a partir das 07h, &hellip;<\/p>\n","protected":false},"author":5,"featured_media":10973,"comment_status":"open","ping_status":"open","sticky":false,"template":"","format":"standard","meta":{"footnotes":""},"categories":[1],"tags":[],"class_list":["post-10971","post","type-post","status-publish","format-standard","has-post-thumbnail","","category-sem-categoria"],"_links":{"self":[{"href":"https:\/\/focotocantinense.com.br\/index.php?rest_route=\/wp\/v2\/posts\/10971","targetHints":{"allow":["GET"]}}],"collection":[{"href":"https:\/\/focotocantinense.com.br\/index.php?rest_route=\/wp\/v2\/posts"}],"about":[{"href":"https:\/\/focotocantinense.com.br\/index.php?rest_route=\/wp\/v2\/types\/post"}],"author":[{"embeddable":true,"href":"https:\/\/focotocantinense.com.br\/index.php?rest_route=\/wp\/v2\/users\/5"}],"replies":[{"embeddable":true,"href":"https:\/\/focotocantinense.com.br\/index.php?rest_route=%2Fwp%2Fv2%2Fcomments&post=10971"}],"version-history":[{"count":2,"href":"https:\/\/focotocantinense.com.br\/index.php?rest_route=\/wp\/v2\/posts\/10971\/revisions"}],"predecessor-version":[{"id":10974,"href":"https:\/\/focotocantinense.com.br\/index.php?rest_route=\/wp\/v2\/posts\/10971\/revisions\/10974"}],"wp:featuredmedia":[{"embeddable":true,"href":"https:\/\/focotocantinense.com.br\/index.php?rest_route=\/wp\/v2\/media\/10973"}],"wp:attachment":[{"href":"https:\/\/focotocantinense.com.br\/index.php?rest_route=%2Fwp%2Fv2%2Fmedia&parent=10971"}],"wp:term":[{"taxonomy":"category","embeddable":true,"href":"https:\/\/focotocantinense.com.br\/index.php?rest_route=%2Fwp%2Fv2%2Fcategories&post=10971"},{"taxonomy":"post_tag","embeddable":true,"href":"https:\/\/focotocantinense.com.br\/index.php?rest_route=%2Fwp%2Fv2%2Ftags&post=10971"}],"curies":[{"name":"wp","href":"https:\/\/api.w.org\/{rel}","templated":true}]}}