{"id":10967,"date":"2025-09-02T05:51:43","date_gmt":"2025-09-02T08:51:43","guid":{"rendered":"https:\/\/focotocantinense.com.br\/?p=10967"},"modified":"2025-09-02T05:52:27","modified_gmt":"2025-09-02T08:52:27","slug":"presidente-do-progressistas-em-gurupi-iran-franca-mantem-conversacoes-com-a-prefeita-josi-nunes-ub","status":"publish","type":"post","link":"https:\/\/focotocantinense.com.br\/?p=10967","title":{"rendered":"Presidente do Progressistas \u00a0em Gurupi, Iran Fran\u00e7a, mant\u00e9m conversa\u00e7\u00f5es com a \u00a0prefeita Josi Nunes (UB)"},"content":{"rendered":"\n<p>Na manh\u00e3 desta segunda-feira a prefeita Josi Nunes recebeu o presidente do Partido Progressistas em Gurupi, &nbsp;Iran Fran\u00e7a, o qual est\u00e1 \u00e0 frente do PP desde as elei\u00e7\u00f5es municipais do ano passado.<\/p>\n\n\n\n<figure class=\"wp-block-image size-full is-resized\"><img loading=\"lazy\" decoding=\"async\" width=\"950\" height=\"612\" src=\"https:\/\/focotocantinense.com.br\/wp-content\/uploads\/2025\/09\/aaa.jpeg\" alt=\"\" class=\"wp-image-10968\" style=\"width:355px;height:auto\" srcset=\"https:\/\/focotocantinense.com.br\/wp-content\/uploads\/2025\/09\/aaa.jpeg 950w, https:\/\/focotocantinense.com.br\/wp-content\/uploads\/2025\/09\/aaa-300x193.jpeg 300w, https:\/\/focotocantinense.com.br\/wp-content\/uploads\/2025\/09\/aaa-768x495.jpeg 768w\" sizes=\"auto, (max-width: 950px) 100vw, 950px\" \/><\/figure>\n\n\n\n<p><\/p>\n\n\n\n<p>Na reuni\u00e3o Iran Fran\u00e7a citou a import\u00e2ncia dessa uni\u00e3o dos dois partidos tanto em n\u00edvel federal como tamb\u00e9m em &nbsp;n\u00edvel estadual para as elei\u00e7\u00f5es do ano que vem.<\/p>\n\n\n\n<p>\u201dCom essa jun\u00e7\u00e3o do Uni\u00e3o Brasil com o Partido Progressistas fortalecem as alian\u00e7as e projeta um cen\u00e1rio favor\u00e1vel para as elei\u00e7\u00f5es do ano que vem, &nbsp;tanto para os pr\u00e9-candidatos a governo, senado e tamb\u00e9m, para os candidatos a deputados federal e estadual. Eu,como presidente do&nbsp; PP municipal vejo com bons olhos essa federa\u00e7\u00e3o agora oficializada como Uni\u00e3o Progressista\u201d, afirmou Iran Fran\u00e7a.<\/p>\n\n\n\n<p>De acordo ainda com Fran\u00e7a, a pol\u00edtica vive um novo tempo de crescimento e novas possibilidades quem chegam para somar em valores humanos, intelig\u00eancias administrativas e for\u00e7a nacional e regional que agregam valores e possibilitam mais e melhores benef\u00edcios para as comunidades.<\/p>\n\n\n\n<p>\u201c\u00c9 com essa vis\u00e3o que estou aqui hoje com a prefeita Josi para somarmos for\u00e7as em favor da popula\u00e7\u00e3o de Gurupi\u201d, frisou Iran Fran\u00e7a.<\/p>\n\n\n\n<p><strong>Federa\u00e7\u00e3o<\/strong><\/p>\n\n\n\n<p>O Uni\u00e3o Brasil e o Progressistas (PP) formam agora a federa\u00e7\u00e3o partid\u00e1ria Uni\u00e3o Progressista.<\/p>\n\n\n\n<p>A federa\u00e7\u00e3o ser\u00e1 v\u00e1lida por quatro anos, representando cerca de 20% do total dos parlamentares da C\u00e2mara dos Deputados e do Senado Federal: s\u00e3o 109 deputados e 14 senadores. O UP re\u00fane, ainda, 6 governadores, cerca de 1.400 prefeitos e 12 mil vereadores.<\/p>\n\n\n\n<p>At\u00e9 dezembro, a presid\u00eancia do Uni\u00e3o Progressista ser\u00e1 compartilhada entre o presidente do Uni\u00e3o Brasil, Ant\u00f4nio Rueda, e o presidente do Progressistas, Ciro Nogueira. No fim do ano, novas elei\u00e7\u00f5es definiram as novas composi\u00e7\u00f5es federal, estaduais e tamb\u00e9m municipais.<\/p>\n\n\n\n<p>Em Gurupi o Uni\u00e3o Brasil elegeu 3 vereadores enquanto o Progressistas elegeu 1 vereador nas elei\u00e7\u00f5es do ano passado.<\/p>\n\n\n\n<figure class=\"wp-block-image size-full is-resized\"><img loading=\"lazy\" decoding=\"async\" width=\"727\" height=\"184\" src=\"https:\/\/focotocantinense.com.br\/wp-content\/uploads\/2025\/09\/SHOW-DE-HUMOR-DE-VINICIUS-MARTINS.jpeg\" alt=\"\" class=\"wp-image-10964\" style=\"width:840px;height:auto\" srcset=\"https:\/\/focotocantinense.com.br\/wp-content\/uploads\/2025\/09\/SHOW-DE-HUMOR-DE-VINICIUS-MARTINS.jpeg 727w, https:\/\/focotocantinense.com.br\/wp-content\/uploads\/2025\/09\/SHOW-DE-HUMOR-DE-VINICIUS-MARTINS-300x76.jpeg 300w\" sizes=\"auto, (max-width: 727px) 100vw, 727px\" \/><\/figure>\n","protected":false},"excerpt":{"rendered":"<p>Na manh\u00e3 desta segunda-feira a prefeita Josi Nunes recebeu o presidente do Partido Progressistas em Gurupi, &nbsp;Iran Fran\u00e7a, o qual est\u00e1 \u00e0 frente do PP desde as elei\u00e7\u00f5es municipais do ano passado. Na reuni\u00e3o Iran Fran\u00e7a citou a import\u00e2ncia dessa uni\u00e3o dos dois partidos tanto em n\u00edvel federal como tamb\u00e9m em &nbsp;n\u00edvel estadual para as &hellip;<\/p>\n","protected":false},"author":5,"featured_media":10968,"comment_status":"open","ping_status":"open","sticky":false,"template":"","format":"standard","meta":{"footnotes":""},"categories":[40],"tags":[],"class_list":["post-10967","post","type-post","status-publish","format-standard","has-post-thumbnail","","category-politica"],"_links":{"self":[{"href":"https:\/\/focotocantinense.com.br\/index.php?rest_route=\/wp\/v2\/posts\/10967","targetHints":{"allow":["GET"]}}],"collection":[{"href":"https:\/\/focotocantinense.com.br\/index.php?rest_route=\/wp\/v2\/posts"}],"about":[{"href":"https:\/\/focotocantinense.com.br\/index.php?rest_route=\/wp\/v2\/types\/post"}],"author":[{"embeddable":true,"href":"https:\/\/focotocantinense.com.br\/index.php?rest_route=\/wp\/v2\/users\/5"}],"replies":[{"embeddable":true,"href":"https:\/\/focotocantinense.com.br\/index.php?rest_route=%2Fwp%2Fv2%2Fcomments&post=10967"}],"version-history":[{"count":2,"href":"https:\/\/focotocantinense.com.br\/index.php?rest_route=\/wp\/v2\/posts\/10967\/revisions"}],"predecessor-version":[{"id":10970,"href":"https:\/\/focotocantinense.com.br\/index.php?rest_route=\/wp\/v2\/posts\/10967\/revisions\/10970"}],"wp:featuredmedia":[{"embeddable":true,"href":"https:\/\/focotocantinense.com.br\/index.php?rest_route=\/wp\/v2\/media\/10968"}],"wp:attachment":[{"href":"https:\/\/focotocantinense.com.br\/index.php?rest_route=%2Fwp%2Fv2%2Fmedia&parent=10967"}],"wp:term":[{"taxonomy":"category","embeddable":true,"href":"https:\/\/focotocantinense.com.br\/index.php?rest_route=%2Fwp%2Fv2%2Fcategories&post=10967"},{"taxonomy":"post_tag","embeddable":true,"href":"https:\/\/focotocantinense.com.br\/index.php?rest_route=%2Fwp%2Fv2%2Ftags&post=10967"}],"curies":[{"name":"wp","href":"https:\/\/api.w.org\/{rel}","templated":true}]}}