{"id":10962,"date":"2025-09-01T12:11:41","date_gmt":"2025-09-01T15:11:41","guid":{"rendered":"https:\/\/focotocantinense.com.br\/?p=10962"},"modified":"2025-09-01T12:12:33","modified_gmt":"2025-09-01T15:12:33","slug":"tocantinenses-conquistam-primeiros-lugares-no-premio-amazonia-de-musica","status":"publish","type":"post","link":"https:\/\/focotocantinense.com.br\/?p=10962","title":{"rendered":"Tocantinenses conquistam primeiros lugares no Pr\u00eamio Amaz\u00f4nia de M\u00fasica"},"content":{"rendered":"\n<p>Agosto terminou com um reconhecimento importante para a diversidade sonora produzida na regi\u00e3o Amaz\u00f4nica: a realiza\u00e7\u00e3o do Pr\u00eamio Sebrae Amaz\u00f4nia de M\u00fasica, que premiou 28 artistas em 16 categorias, no \u00faltimo dia 26, no Theatro da Paz, em Bel\u00e9m-PA. O Tocantins, que teve quatro finalistas, venceu como \u201cMelhor Artista de Rock\u201d (J\u00e8ff Jacom\u00b4e) e \u201cMelhor Artista Sonoridades Amaz\u00f4nicas\u201d (Moia Cumbia). \u201cSaudamos os mestres, mas prezamos pelo som autoral, pela cria\u00e7\u00e3o de uma c\u00fambia do cerrado tocantinense\u201d, explicou o representante do grupo palmense Moia Cumbia, Nahuel Estela, em seu discurso de agradecimento durante a premia\u00e7\u00e3o.<\/p>\n\n\n\n<figure class=\"wp-block-image size-large is-resized\"><img loading=\"lazy\" decoding=\"async\" width=\"1024\" height=\"681\" src=\"https:\/\/focotocantinense.com.br\/wp-content\/uploads\/2025\/09\/WhatsApp-Image-2025-08-28-at-11.51.35-1024x681.jpeg\" alt=\"\" class=\"wp-image-10963\" style=\"width:378px;height:auto\" srcset=\"https:\/\/focotocantinense.com.br\/wp-content\/uploads\/2025\/09\/WhatsApp-Image-2025-08-28-at-11.51.35-1024x681.jpeg 1024w, https:\/\/focotocantinense.com.br\/wp-content\/uploads\/2025\/09\/WhatsApp-Image-2025-08-28-at-11.51.35-300x200.jpeg 300w, https:\/\/focotocantinense.com.br\/wp-content\/uploads\/2025\/09\/WhatsApp-Image-2025-08-28-at-11.51.35-768x511.jpeg 768w, https:\/\/focotocantinense.com.br\/wp-content\/uploads\/2025\/09\/WhatsApp-Image-2025-08-28-at-11.51.35-1536x1021.jpeg 1536w, https:\/\/focotocantinense.com.br\/wp-content\/uploads\/2025\/09\/WhatsApp-Image-2025-08-28-at-11.51.35-310x205.jpeg 310w, https:\/\/focotocantinense.com.br\/wp-content\/uploads\/2025\/09\/WhatsApp-Image-2025-08-28-at-11.51.35.jpeg 1600w\" sizes=\"auto, (max-width: 1024px) 100vw, 1024px\" \/><\/figure>\n\n\n\n<p><br>\u00a0<br>Arrancando aplausos no Theatro da Paz, o vencedor da categoria \u201cMelhor Artista de Rock\u201d, o portuense J\u00e8ff Jacom\u00b4e), que concorria com cantores do Par\u00e1 e do Amazonas, enfatizou que \u201cenquanto tiver desconserto no mundo, haver\u00e1 um rockeiro escrevendo m\u00fasicas e lutando contra o sistema\u201d. Uma mensagem carregada de significado j\u00e1 que o trof\u00e9u de uma categoria do g\u00eanero musical que existe h\u00e1 mais de 70 anos, o rock\u2019n\u2019roll, foi conquistado pelo Estado mais novo do Pa\u00eds, nesta premia\u00e7\u00e3o.<br>\u00a0<br>No total, 229 artistas se inscreveram para o Pr\u00eamio Sebrae Amaz\u00f4nia de M\u00fasica, sendo 87 finalistas e 28 premiados em 16 categorias, a maioria delas subdivididas em \u201cMelhor Artista\u201d e Melhor Lan\u00e7amento\u201d. A sele\u00e7\u00e3o foi feita por um time de nove curadores, cada um representando um Estado da Amaz\u00f4nia Legal (PA, AM, AP, AC, RO, RR, MT, MA e TO). \u00a0<br>\u00a0<br>A curadoria do Tocantins foi feita pela jornalista, cantora e assessora art\u00edstica Shelsea Lima, que esteve presente na cerim\u00f4nia de premia\u00e7\u00e3o na capital paraense. \u201cN\u00f3s, da regi\u00e3o Amaz\u00f4nica, convivemos com uma riqueza t\u00e3o grande e que, \u00e0s vezes, n\u00e3o temos a \u00a0real no\u00e7\u00e3o da diversidade que produzimos e com qualidade.\u00a0 Fazer acontecer um Pr\u00eamio como esse \u00e9 reconhecer a for\u00e7a cultural que temos\u201d, destacou, acrescentando que \u201crepresentar o Tocantins nesta seletiva foi honroso e uma experi\u00eancia transformadora, especialmente como artista\u201d. \u00a0<br>\u00a0<br>\u00a0Neste ano, a premia\u00e7\u00e3o homenageou a cantora Joelma, pelos 30 anos de carreira. Em pouco mais de duas horas de cerim\u00f4nia, artistas de v\u00e1rios estados da regi\u00e3o amaz\u00f4nica apresentaram releituras de sucessos da cantora, al\u00e9m do Mestre Damasceno, que coincidentemente faleceu no dia 26 de agosto, Dia Municipal do Carimb\u00f3. \u00a0 \u00a0<\/p>\n\n\n\n<p>&nbsp;O Pr\u00eamio Sebrae Amaz\u00f4nia de M\u00fasica 2025 \u00e9 uma realiza\u00e7\u00e3o da Oriente Multi Produ\u00e7\u00f5es e Milk Produ\u00e7\u00f5es, com patroc\u00ednio do Sebrae, Banpar\u00e1 e Equatorial Par\u00e1, por meio da Lei Semear (Funda\u00e7\u00e3o Cultural do Par\u00e1) e da Lei Federal de Incentivo \u00e0 Cultura (Rouanet).<\/p>\n\n\n\n<p><\/p>\n\n\n\n<figure class=\"wp-block-image size-full is-resized\"><img loading=\"lazy\" decoding=\"async\" width=\"727\" height=\"184\" src=\"https:\/\/focotocantinense.com.br\/wp-content\/uploads\/2025\/09\/SHOW-DE-HUMOR-DE-VINICIUS-MARTINS.jpeg\" alt=\"\" class=\"wp-image-10964\" style=\"width:840px;height:auto\" srcset=\"https:\/\/focotocantinense.com.br\/wp-content\/uploads\/2025\/09\/SHOW-DE-HUMOR-DE-VINICIUS-MARTINS.jpeg 727w, https:\/\/focotocantinense.com.br\/wp-content\/uploads\/2025\/09\/SHOW-DE-HUMOR-DE-VINICIUS-MARTINS-300x76.jpeg 300w\" sizes=\"auto, (max-width: 727px) 100vw, 727px\" \/><\/figure>\n","protected":false},"excerpt":{"rendered":"<p>Agosto terminou com um reconhecimento importante para a diversidade sonora produzida na regi\u00e3o Amaz\u00f4nica: a realiza\u00e7\u00e3o do Pr\u00eamio Sebrae Amaz\u00f4nia de M\u00fasica, que premiou 28 artistas em 16 categorias, no \u00faltimo dia 26, no Theatro da Paz, em Bel\u00e9m-PA. O Tocantins, que teve quatro finalistas, venceu como \u201cMelhor Artista de Rock\u201d (J\u00e8ff Jacom\u00b4e) e \u201cMelhor &hellip;<\/p>\n","protected":false},"author":5,"featured_media":10963,"comment_status":"open","ping_status":"open","sticky":false,"template":"","format":"standard","meta":{"footnotes":""},"categories":[38],"tags":[],"class_list":["post-10962","post","type-post","status-publish","format-standard","has-post-thumbnail","","category-gurupi"],"_links":{"self":[{"href":"https:\/\/focotocantinense.com.br\/index.php?rest_route=\/wp\/v2\/posts\/10962","targetHints":{"allow":["GET"]}}],"collection":[{"href":"https:\/\/focotocantinense.com.br\/index.php?rest_route=\/wp\/v2\/posts"}],"about":[{"href":"https:\/\/focotocantinense.com.br\/index.php?rest_route=\/wp\/v2\/types\/post"}],"author":[{"embeddable":true,"href":"https:\/\/focotocantinense.com.br\/index.php?rest_route=\/wp\/v2\/users\/5"}],"replies":[{"embeddable":true,"href":"https:\/\/focotocantinense.com.br\/index.php?rest_route=%2Fwp%2Fv2%2Fcomments&post=10962"}],"version-history":[{"count":2,"href":"https:\/\/focotocantinense.com.br\/index.php?rest_route=\/wp\/v2\/posts\/10962\/revisions"}],"predecessor-version":[{"id":10966,"href":"https:\/\/focotocantinense.com.br\/index.php?rest_route=\/wp\/v2\/posts\/10962\/revisions\/10966"}],"wp:featuredmedia":[{"embeddable":true,"href":"https:\/\/focotocantinense.com.br\/index.php?rest_route=\/wp\/v2\/media\/10963"}],"wp:attachment":[{"href":"https:\/\/focotocantinense.com.br\/index.php?rest_route=%2Fwp%2Fv2%2Fmedia&parent=10962"}],"wp:term":[{"taxonomy":"category","embeddable":true,"href":"https:\/\/focotocantinense.com.br\/index.php?rest_route=%2Fwp%2Fv2%2Fcategories&post=10962"},{"taxonomy":"post_tag","embeddable":true,"href":"https:\/\/focotocantinense.com.br\/index.php?rest_route=%2Fwp%2Fv2%2Ftags&post=10962"}],"curies":[{"name":"wp","href":"https:\/\/api.w.org\/{rel}","templated":true}]}}