{"id":10955,"date":"2025-08-27T18:20:37","date_gmt":"2025-08-27T21:20:37","guid":{"rendered":"https:\/\/focotocantinense.com.br\/?p=10955"},"modified":"2025-08-27T18:22:16","modified_gmt":"2025-08-27T21:22:16","slug":"encontro-regional-cultura-viva-mobiliza-agentes-e-comunidades-em-araguaina-neste-sabado","status":"publish","type":"post","link":"https:\/\/focotocantinense.com.br\/?p=10955","title":{"rendered":"Encontro Regional Cultura Viva mobiliza agentes e comunidades em Aragua\u00edna neste s\u00e1bado"},"content":{"rendered":"\n<p><strong>Por Rodrigo Martins<\/strong><\/p>\n\n\n\n<p>Aragua\u00edna recebe, na pr\u00f3xima sexta-feira, 30 de agosto, o Encontro Regional da Pol\u00edtica Nacional Cultura Viva. A programa\u00e7\u00e3o ocorre no Audit\u00f3rio do Espa\u00e7o Cultural Agnaldo Borges Pinto, das 8h \u00e0s 22h, reunindo agentes culturais, mestres e mestras da tradi\u00e7\u00e3o, artistas, gestores e comunidade em um dia de forma\u00e7\u00e3o, pactua\u00e7\u00f5es e celebra\u00e7\u00f5es. O evento tem como tema \u201cTecendo Saberes e Territ\u00f3rios\u201d e busca fortalecer a participa\u00e7\u00e3o da sociedade na constru\u00e7\u00e3o das pol\u00edticas p\u00fablicas para a cultura no Tocantins.<\/p>\n\n\n\n<figure class=\"wp-block-image size-large is-resized\"><img loading=\"lazy\" decoding=\"async\" width=\"819\" height=\"1024\" src=\"https:\/\/focotocantinense.com.br\/wp-content\/uploads\/2025\/08\/1-Evento-Cultural-em-Araguaina-Divulgacao-819x1024.jpeg\" alt=\"\" class=\"wp-image-10956\" style=\"width:394px;height:auto\" srcset=\"https:\/\/focotocantinense.com.br\/wp-content\/uploads\/2025\/08\/1-Evento-Cultural-em-Araguaina-Divulgacao-819x1024.jpeg 819w, https:\/\/focotocantinense.com.br\/wp-content\/uploads\/2025\/08\/1-Evento-Cultural-em-Araguaina-Divulgacao-240x300.jpeg 240w, https:\/\/focotocantinense.com.br\/wp-content\/uploads\/2025\/08\/1-Evento-Cultural-em-Araguaina-Divulgacao-768x960.jpeg 768w, https:\/\/focotocantinense.com.br\/wp-content\/uploads\/2025\/08\/1-Evento-Cultural-em-Araguaina-Divulgacao.jpeg 1080w\" sizes=\"auto, (max-width: 819px) 100vw, 819px\" \/><\/figure>\n\n\n\n<p><\/p>\n\n\n\n<p>O encontro \u00e9 promovido pelo Pont\u00e3o Estadual de Cultura Viva \u2013 Tambores do Tocantins\/COMSA\u00daDE, em parceria com a Rede Tocantins de Pontos de Cultura, e conta com o apoio do Comit\u00ea de Cultura no Tocantins, coordenado pela Federa\u00e7\u00e3o Tocantinense de Artes C\u00eanicas (FETAC), da Associa\u00e7\u00e3o Gurupiense de Artes\u00e3os (AGA), do Instituto Social e Cultural Araguaia (ISCA), al\u00e9m da UFT, IFTO, SECULT-TO e do Minist\u00e9rio da Cultura, por meio do Escrit\u00f3rio Regional do MinC no estado.<\/p>\n\n\n\n<p>\u201cA mobiliza\u00e7\u00e3o da Pol\u00edtica Nacional Cultura Viva \u00e9 um momento de reafirma\u00e7\u00e3o do papel da cultura como direito, valorizando mestres, mestras e agentes que fazem a diferen\u00e7a nos territ\u00f3rios. A atua\u00e7\u00e3o conjunta do Comit\u00ea de Cultura e da FETAC \u00e9 fundamental para fortalecer essa rede e ampliar os espa\u00e7os de di\u00e1logo no Tocantins\u201d, destaca Kak\u00e1 Nogueira, coordenador geral do Comit\u00ea de Cultura no estado.<\/p>\n\n\n\n<figure class=\"wp-block-image size-full is-resized\"><img loading=\"lazy\" decoding=\"async\" width=\"768\" height=\"576\" src=\"https:\/\/focotocantinense.com.br\/wp-content\/uploads\/2025\/08\/2-Evento-Cultural-em-Gurupi-Foto-Letticia-Japiassu.jpg\" alt=\"\" class=\"wp-image-10959\" style=\"width:840px;height:auto\" srcset=\"https:\/\/focotocantinense.com.br\/wp-content\/uploads\/2025\/08\/2-Evento-Cultural-em-Gurupi-Foto-Letticia-Japiassu.jpg 768w, https:\/\/focotocantinense.com.br\/wp-content\/uploads\/2025\/08\/2-Evento-Cultural-em-Gurupi-Foto-Letticia-Japiassu-300x225.jpg 300w\" sizes=\"auto, (max-width: 768px) 100vw, 768px\" \/><\/figure>\n\n\n\n<p><em><strong>A equipe dos Tambores\u00a0 do Tocantins, que participou de evento cultural em Gurupi, tamb\u00e9m se apresentar\u00e1 em Aragua\u00edna.\u00a0 (Foto Letticia Japiassu)<\/strong><\/em><\/p>\n\n\n\n<p>A programa\u00e7\u00e3o inicia \u00e0s 9h, com o semin\u00e1rio \u201cTecendo Saberes e Territ\u00f3rios \u2013 Redes em Movimento e a Celebra\u00e7\u00e3o dos Povos que Fazem da Cultura um Direito Vivo na Pol\u00edtica Nacional Aldir Blanc (PNAB)\u201d. Em seguida, \u00e0s 11h, ser\u00e1 realizada uma roda de conversa sobre redes tem\u00e1ticas no Tocantins. Durante a tarde, as discuss\u00f5es seguem com o semin\u00e1rio sobre a 6\u00aa Teia e o F\u00f3rum Nacional de Pontos de Cultura 2026 (14h) e as pactua\u00e7\u00f5es interinstitucionais para a constru\u00e7\u00e3o das etapas regionais e estadual da Teia (15h30).<\/p>\n\n\n\n<p>A partir das 18h, o Cortejo Cultural tomar\u00e1 as ruas de Aragua\u00edna, reunindo os Tambores do Tocantins, mestres e mestras, artistas locais e a comunidade. Encerrando a noite, \u00e0s 21h, ser\u00e1 apresentado o espet\u00e1culo teatral&nbsp;<em>\u201cTinderelas\u201d<\/em>, da Cia Experimental de Artes, com exibi\u00e7\u00e3o prevista apenas para a cidade de Aragua\u00edna.<\/p>\n\n\n\n<p>O Encontro Regional em Aragua\u00edna integra uma mobiliza\u00e7\u00e3o maior que j\u00e1 passou por Gurupi (26\/08) e ter\u00e1 sua \u00faltima etapa em Palmas, no dia 6 de setembro, no Ponto de Cultura Casa do Artes\u00e3o de Taquaru\u00e7u. Todas as atividades dialogam com a prepara\u00e7\u00e3o para a 6\u00aa Teia Nacional dos Pontos de Cultura, marcada para 2026, com o tema \u201cJusti\u00e7a Clim\u00e1tica\u201d.<\/p>\n\n\n\n<figure class=\"wp-block-image size-full is-resized\"><img loading=\"lazy\" decoding=\"async\" width=\"727\" height=\"184\" src=\"https:\/\/focotocantinense.com.br\/wp-content\/uploads\/2025\/08\/SHOW-DE-HUMOR-DE-VINICIUS-MARTINS-4.jpeg\" alt=\"\" class=\"wp-image-10930\" style=\"width:840px;height:auto\" srcset=\"https:\/\/focotocantinense.com.br\/wp-content\/uploads\/2025\/08\/SHOW-DE-HUMOR-DE-VINICIUS-MARTINS-4.jpeg 727w, https:\/\/focotocantinense.com.br\/wp-content\/uploads\/2025\/08\/SHOW-DE-HUMOR-DE-VINICIUS-MARTINS-4-300x76.jpeg 300w\" sizes=\"auto, (max-width: 727px) 100vw, 727px\" \/><\/figure>\n","protected":false},"excerpt":{"rendered":"<p>Por Rodrigo Martins Aragua\u00edna recebe, na pr\u00f3xima sexta-feira, 30 de agosto, o Encontro Regional da Pol\u00edtica Nacional Cultura Viva. A programa\u00e7\u00e3o ocorre no Audit\u00f3rio do Espa\u00e7o Cultural Agnaldo Borges Pinto, das 8h \u00e0s 22h, reunindo agentes culturais, mestres e mestras da tradi\u00e7\u00e3o, artistas, gestores e comunidade em um dia de forma\u00e7\u00e3o, pactua\u00e7\u00f5es e celebra\u00e7\u00f5es. O &hellip;<\/p>\n","protected":false},"author":5,"featured_media":10956,"comment_status":"open","ping_status":"open","sticky":false,"template":"","format":"standard","meta":{"footnotes":""},"categories":[45],"tags":[],"class_list":["post-10955","post","type-post","status-publish","format-standard","has-post-thumbnail","","category-araguaina"],"_links":{"self":[{"href":"https:\/\/focotocantinense.com.br\/index.php?rest_route=\/wp\/v2\/posts\/10955","targetHints":{"allow":["GET"]}}],"collection":[{"href":"https:\/\/focotocantinense.com.br\/index.php?rest_route=\/wp\/v2\/posts"}],"about":[{"href":"https:\/\/focotocantinense.com.br\/index.php?rest_route=\/wp\/v2\/types\/post"}],"author":[{"embeddable":true,"href":"https:\/\/focotocantinense.com.br\/index.php?rest_route=\/wp\/v2\/users\/5"}],"replies":[{"embeddable":true,"href":"https:\/\/focotocantinense.com.br\/index.php?rest_route=%2Fwp%2Fv2%2Fcomments&post=10955"}],"version-history":[{"count":3,"href":"https:\/\/focotocantinense.com.br\/index.php?rest_route=\/wp\/v2\/posts\/10955\/revisions"}],"predecessor-version":[{"id":10960,"href":"https:\/\/focotocantinense.com.br\/index.php?rest_route=\/wp\/v2\/posts\/10955\/revisions\/10960"}],"wp:featuredmedia":[{"embeddable":true,"href":"https:\/\/focotocantinense.com.br\/index.php?rest_route=\/wp\/v2\/media\/10956"}],"wp:attachment":[{"href":"https:\/\/focotocantinense.com.br\/index.php?rest_route=%2Fwp%2Fv2%2Fmedia&parent=10955"}],"wp:term":[{"taxonomy":"category","embeddable":true,"href":"https:\/\/focotocantinense.com.br\/index.php?rest_route=%2Fwp%2Fv2%2Fcategories&post=10955"},{"taxonomy":"post_tag","embeddable":true,"href":"https:\/\/focotocantinense.com.br\/index.php?rest_route=%2Fwp%2Fv2%2Ftags&post=10955"}],"curies":[{"name":"wp","href":"https:\/\/api.w.org\/{rel}","templated":true}]}}