{"id":10946,"date":"2025-08-26T17:02:46","date_gmt":"2025-08-26T20:02:46","guid":{"rendered":"https:\/\/focotocantinense.com.br\/?p=10946"},"modified":"2025-08-26T17:04:09","modified_gmt":"2025-08-26T20:04:09","slug":"gurupi-e-sede-do-encontro-regional-cultura-viva","status":"publish","type":"post","link":"https:\/\/focotocantinense.com.br\/?p=10946","title":{"rendered":"Gurupi \u00e9 sede do \u00a0Encontro Regional Cultura Viva"},"content":{"rendered":"\n<p>Nesta ter\u00e7a-feira (26), o Centro Cultural Mauro Cunha, em &nbsp;Gurupi foi o palco para a realiza\u00e7\u00e3o do &nbsp;Encontro Regional da Pol\u00edtica Nacional Cultura Viva, reunindo agentes culturais, mestres e mestras, gestores e a comunidade em geral para um dia de di\u00e1logo e celebra\u00e7\u00e3o da diversidade cultural do Tocantins.<\/p>\n\n\n\n<figure class=\"wp-block-image size-large is-resized\"><img loading=\"lazy\" decoding=\"async\" width=\"1024\" height=\"768\" src=\"https:\/\/focotocantinense.com.br\/wp-content\/uploads\/2025\/08\/1-Evento-cultural-em-Gurupi-Foto-Letticia-Japiassu-1024x768.jpeg\" alt=\"\" class=\"wp-image-10947\" style=\"width:398px;height:auto\" srcset=\"https:\/\/focotocantinense.com.br\/wp-content\/uploads\/2025\/08\/1-Evento-cultural-em-Gurupi-Foto-Letticia-Japiassu-1024x768.jpeg 1024w, https:\/\/focotocantinense.com.br\/wp-content\/uploads\/2025\/08\/1-Evento-cultural-em-Gurupi-Foto-Letticia-Japiassu-300x225.jpeg 300w, https:\/\/focotocantinense.com.br\/wp-content\/uploads\/2025\/08\/1-Evento-cultural-em-Gurupi-Foto-Letticia-Japiassu-768x576.jpeg 768w, https:\/\/focotocantinense.com.br\/wp-content\/uploads\/2025\/08\/1-Evento-cultural-em-Gurupi-Foto-Letticia-Japiassu-1536x1152.jpeg 1536w, https:\/\/focotocantinense.com.br\/wp-content\/uploads\/2025\/08\/1-Evento-cultural-em-Gurupi-Foto-Letticia-Japiassu-2048x1536.jpeg 2048w\" sizes=\"auto, (max-width: 1024px) 100vw, 1024px\" \/><\/figure>\n\n\n\n<p><\/p>\n\n\n\n<p>O encontro que teve tema \u201cTecendo Saberes e Territ\u00f3rios\u201d, foi &nbsp;promovido pelo Pont\u00e3o Estadual de Cultura Viva \u2013 Tambores do Tocantins\/COMSA\u00daDE, em parceria com a regional Sul\/Sudeste do &nbsp;Comit\u00ea de Cultura no Tocantins, GT Rede Tocantins de Pontos de Cultura\/ CNPdC, tendo destacado o protagonismo de quem faz a cultura acontecer no estado.<\/p>\n\n\n\n<figure class=\"wp-block-image size-large is-resized\"><img loading=\"lazy\" decoding=\"async\" width=\"1024\" height=\"768\" src=\"https:\/\/focotocantinense.com.br\/wp-content\/uploads\/2025\/08\/5-Evento-cultural-em-Gurupi-Foto-Letticia-Japiassu-1024x768.jpeg\" alt=\"\" class=\"wp-image-10950\" style=\"width:411px;height:auto\" srcset=\"https:\/\/focotocantinense.com.br\/wp-content\/uploads\/2025\/08\/5-Evento-cultural-em-Gurupi-Foto-Letticia-Japiassu-1024x768.jpeg 1024w, https:\/\/focotocantinense.com.br\/wp-content\/uploads\/2025\/08\/5-Evento-cultural-em-Gurupi-Foto-Letticia-Japiassu-300x225.jpeg 300w, https:\/\/focotocantinense.com.br\/wp-content\/uploads\/2025\/08\/5-Evento-cultural-em-Gurupi-Foto-Letticia-Japiassu-768x576.jpeg 768w, https:\/\/focotocantinense.com.br\/wp-content\/uploads\/2025\/08\/5-Evento-cultural-em-Gurupi-Foto-Letticia-Japiassu-1536x1152.jpeg 1536w, https:\/\/focotocantinense.com.br\/wp-content\/uploads\/2025\/08\/5-Evento-cultural-em-Gurupi-Foto-Letticia-Japiassu-2048x1536.jpeg 2048w\" sizes=\"auto, (max-width: 1024px) 100vw, 1024px\" \/><\/figure>\n\n\n\n<p><\/p>\n\n\n\n<p>O projeto \u00e9 realizado com o apoio do Comit\u00ea de Cultura (FETAC, AGA, ISCA), UFT e IFTO, SECULT-TO e Minist\u00e9rio da Cultura, por meio do Escrit\u00f3rio Regional do MinC no Tocantins.<\/p>\n\n\n\n<p>A coordenadora do Comit\u00ea de Cultura no Tocantins,&nbsp; regional Sul\/Sudeste, Maria do Socorro Souza Barros, que tamb\u00e9m preside a Associa\u00e7\u00e3o Gurupiense de Artes\u00e3os, &nbsp;destacou a import\u00e2ncia da participa\u00e7\u00e3o dos fazedores de cultura nesse encontro.<\/p>\n\n\n\n<figure class=\"wp-block-image size-full\"><img loading=\"lazy\" decoding=\"async\" width=\"960\" height=\"720\" src=\"https:\/\/focotocantinense.com.br\/wp-content\/uploads\/2025\/08\/3-Evento-cultural-em-Gurupi-Foto-Letticia-Japiassu.jpeg.jpg\" alt=\"\" class=\"wp-image-10951\" srcset=\"https:\/\/focotocantinense.com.br\/wp-content\/uploads\/2025\/08\/3-Evento-cultural-em-Gurupi-Foto-Letticia-Japiassu.jpeg.jpg 960w, https:\/\/focotocantinense.com.br\/wp-content\/uploads\/2025\/08\/3-Evento-cultural-em-Gurupi-Foto-Letticia-Japiassu.jpeg-300x225.jpg 300w, https:\/\/focotocantinense.com.br\/wp-content\/uploads\/2025\/08\/3-Evento-cultural-em-Gurupi-Foto-Letticia-Japiassu.jpeg-768x576.jpg 768w\" sizes=\"auto, (max-width: 960px) 100vw, 960px\" \/><\/figure>\n\n\n\n<p><\/p>\n\n\n\n<p>\u201cEsse evento que contou com a presen\u00e7a do presidente do Conselho de Pol\u00edticas Culturais do Tocantins,&nbsp;<em>Elp\u00eddio<\/em>&nbsp;de Paula,&nbsp; se transformou numa oportunidade essencial para que cada territ\u00f3rio se conecte \u00e0s mobiliza\u00e7\u00f5es nacionais da Rede Cultura Viva Brasileira, contribuindo, assim, &nbsp;para a constru\u00e7\u00e3o do futuro da cultura no Tocantins e integre a 6\u00aa Teia Nacional dos Pontos de Cultura\u201d, concluiu Maria do Socorro.<\/p>\n\n\n\n<figure class=\"wp-block-image size-full is-resized\"><img loading=\"lazy\" decoding=\"async\" width=\"727\" height=\"184\" src=\"https:\/\/focotocantinense.com.br\/wp-content\/uploads\/2025\/08\/SHOW-DE-HUMOR-DE-VINICIUS-MARTINS-5.jpeg\" alt=\"\" class=\"wp-image-10936\" style=\"width:840px;height:auto\" srcset=\"https:\/\/focotocantinense.com.br\/wp-content\/uploads\/2025\/08\/SHOW-DE-HUMOR-DE-VINICIUS-MARTINS-5.jpeg 727w, https:\/\/focotocantinense.com.br\/wp-content\/uploads\/2025\/08\/SHOW-DE-HUMOR-DE-VINICIUS-MARTINS-5-300x76.jpeg 300w\" sizes=\"auto, (max-width: 727px) 100vw, 727px\" \/><\/figure>\n","protected":false},"excerpt":{"rendered":"<p>Nesta ter\u00e7a-feira (26), o Centro Cultural Mauro Cunha, em &nbsp;Gurupi foi o palco para a realiza\u00e7\u00e3o do &nbsp;Encontro Regional da Pol\u00edtica Nacional Cultura Viva, reunindo agentes culturais, mestres e mestras, gestores e a comunidade em geral para um dia de di\u00e1logo e celebra\u00e7\u00e3o da diversidade cultural do Tocantins. O encontro que teve tema \u201cTecendo Saberes &hellip;<\/p>\n","protected":false},"author":5,"featured_media":10948,"comment_status":"open","ping_status":"open","sticky":false,"template":"","format":"standard","meta":{"footnotes":""},"categories":[38],"tags":[],"class_list":["post-10946","post","type-post","status-publish","format-standard","has-post-thumbnail","","category-gurupi"],"_links":{"self":[{"href":"https:\/\/focotocantinense.com.br\/index.php?rest_route=\/wp\/v2\/posts\/10946","targetHints":{"allow":["GET"]}}],"collection":[{"href":"https:\/\/focotocantinense.com.br\/index.php?rest_route=\/wp\/v2\/posts"}],"about":[{"href":"https:\/\/focotocantinense.com.br\/index.php?rest_route=\/wp\/v2\/types\/post"}],"author":[{"embeddable":true,"href":"https:\/\/focotocantinense.com.br\/index.php?rest_route=\/wp\/v2\/users\/5"}],"replies":[{"embeddable":true,"href":"https:\/\/focotocantinense.com.br\/index.php?rest_route=%2Fwp%2Fv2%2Fcomments&post=10946"}],"version-history":[{"count":2,"href":"https:\/\/focotocantinense.com.br\/index.php?rest_route=\/wp\/v2\/posts\/10946\/revisions"}],"predecessor-version":[{"id":10952,"href":"https:\/\/focotocantinense.com.br\/index.php?rest_route=\/wp\/v2\/posts\/10946\/revisions\/10952"}],"wp:featuredmedia":[{"embeddable":true,"href":"https:\/\/focotocantinense.com.br\/index.php?rest_route=\/wp\/v2\/media\/10948"}],"wp:attachment":[{"href":"https:\/\/focotocantinense.com.br\/index.php?rest_route=%2Fwp%2Fv2%2Fmedia&parent=10946"}],"wp:term":[{"taxonomy":"category","embeddable":true,"href":"https:\/\/focotocantinense.com.br\/index.php?rest_route=%2Fwp%2Fv2%2Fcategories&post=10946"},{"taxonomy":"post_tag","embeddable":true,"href":"https:\/\/focotocantinense.com.br\/index.php?rest_route=%2Fwp%2Fv2%2Ftags&post=10946"}],"curies":[{"name":"wp","href":"https:\/\/api.w.org\/{rel}","templated":true}]}}