{"id":1092,"date":"2021-04-09T20:21:05","date_gmt":"2021-04-09T23:21:05","guid":{"rendered":"http:\/\/focotocantinense.com.br\/?p=1092"},"modified":"2021-04-09T20:24:08","modified_gmt":"2021-04-09T23:24:08","slug":"lagoa-da-confusao-recebe-nucleo-de-identificacao-que-facilitara-emissao-da-carteira-de-identidade","status":"publish","type":"post","link":"https:\/\/focotocantinense.com.br\/?p=1092","title":{"rendered":"Lagoa da Confus\u00e3o recebe N\u00facleo de Identifica\u00e7\u00e3o que facilitar\u00e1 emiss\u00e3o da carteira de identidade"},"content":{"rendered":"\n<p>Atendendo a um requerimento do presidente da C\u00e2mara Municipal de&nbsp; Lagoa da Confus\u00e3o,&nbsp; vereador Luiz Edvaldo Coelho dos Santos &#8211; o Di (PTB), aprovado por unanimidade,&nbsp; &nbsp;o novo N\u00facleo de Identifica\u00e7\u00e3o foi entregue nesta sexta-feira, 9, no munic\u00edpio. A entrega do n\u00facleo foi realizada pela Secretaria da Seguran\u00e7a P\u00fablica (SSP-TO), por meio do Instituto de Identifica\u00e7\u00e3o, vinculado \u00e0 Superintend\u00eancia da Pol\u00edcia Cient\u00edfica e contou&nbsp; coma participa\u00e7\u00e3o do presidente da C\u00e2mara Municipal de Lagoa da Confus\u00e3o, vereador Luiz Edvaldo Coelho dos Santos, do Prefeito Thiago Carlos, bem como, do vice-prefeito, Salustiano Barros, e demais autoridades.<\/p>\n\n\n\n<p>O Vereador Luiz Edvaldo explicou que o objetivo dessa iniciativa \u00e9 facilitar o acesso do cidad\u00e3o ao documento de Carteira de Identidade. O n\u00facleo vai funcionar no Centro de Refer\u00eancia da Assist\u00eancia Social do munic\u00edpio (CRAS) do munic\u00edpio, localizado na Avenida Ant\u00f4nio Alves Duarte, S\/N Qd.4 Lt. 11 e 12, Setor Central e o telefone para contato \u00e9 o 63 3364 -1110.&nbsp;<\/p>\n\n\n\n<p>O N\u00facleo de Identifica\u00e7\u00e3o de Lagoa da Confus\u00e3o foi implantado ap\u00f3s assinatura de um Termo de Coopera\u00e7\u00e3o, celebrado entre a SSP-TO e a Prefeitura municipal da cidade. A entrega do novo servi\u00e7o \u00e0 popula\u00e7\u00e3o aconteceu nesta sexta-feira de forma simb\u00f3lica, em virtude do momento de pandemia que o mundo est\u00e1 passando.<\/p>\n\n\n\n<p><strong>Agendamentos<\/strong><br>Em raz\u00e3o da pandemia da Covid-19 e em atendimento \u00e0s determina\u00e7\u00f5es do Decreto Estadual n\u00ba 6.234, que trata do trabalho remoto, a Secretaria da Seguran\u00e7a P\u00fablica, por meio da Superintend\u00eancia da Pol\u00edcia Cient\u00edfica, informa que o atendimento no Instituto de Identifica\u00e7\u00e3o e seus N\u00facleos est\u00e1 sendo realizado de forma parcial. O servi\u00e7o de atendimento, incluindo o do novo N\u00facleo de Lagoa da Confus\u00e3o, retorna a partir do dia 15 de abril conforme ordem cronol\u00f3gica de agendamentos realizados anteriormente na Plataforma de Atendimento de Per\u00edcia e Identifica\u00e7\u00e3o (PAPI).&nbsp;<\/p>\n\n\n\n<p>Para a diretora de Papiloscopia do Instituto de Identifica\u00e7\u00e3o, Na\u00eddes C\u00e9sar Silva, a unidade \u00e9 de extrema import\u00e2ncia e a partir desse momento, a popula\u00e7\u00e3o de Lagoa da Confus\u00e3o ter\u00e1 mais conforto, j\u00e1 que n\u00e3o precisar\u00e1 se deslocar para outros munic\u00edpios para ter acesso ao documento de identidade e ainda poder\u00e1 emitir tamb\u00e9m o Atestado de Antecedentes Criminais.\u00a0<\/p>\n\n\n\n<figure class=\"wp-block-image\"><img decoding=\"async\" src=\"https:\/\/central3.to.gov.br\/arquivo\/562037_1000.jpg\" alt=\"\"\/><\/figure>\n\n\n\n<p><\/p>\n","protected":false},"excerpt":{"rendered":"<p>Atendendo a um requerimento do presidente da C\u00e2mara Municipal de&nbsp; Lagoa da Confus\u00e3o,&nbsp; vereador Luiz Edvaldo Coelho dos Santos &#8211; o Di (PTB), aprovado por unanimidade,&nbsp; &nbsp;o novo N\u00facleo de Identifica\u00e7\u00e3o foi entregue nesta sexta-feira, 9, no munic\u00edpio. A entrega do n\u00facleo foi realizada pela Secretaria da Seguran\u00e7a P\u00fablica (SSP-TO), por meio do Instituto de &hellip;<\/p>\n","protected":false},"author":5,"featured_media":1095,"comment_status":"open","ping_status":"open","sticky":true,"template":"","format":"standard","meta":{"footnotes":""},"categories":[71,1],"tags":[],"class_list":["post-1092","post","type-post","status-publish","format-standard","has-post-thumbnail","","category-lagoa-da-confusao","category-sem-categoria"],"_links":{"self":[{"href":"https:\/\/focotocantinense.com.br\/index.php?rest_route=\/wp\/v2\/posts\/1092","targetHints":{"allow":["GET"]}}],"collection":[{"href":"https:\/\/focotocantinense.com.br\/index.php?rest_route=\/wp\/v2\/posts"}],"about":[{"href":"https:\/\/focotocantinense.com.br\/index.php?rest_route=\/wp\/v2\/types\/post"}],"author":[{"embeddable":true,"href":"https:\/\/focotocantinense.com.br\/index.php?rest_route=\/wp\/v2\/users\/5"}],"replies":[{"embeddable":true,"href":"https:\/\/focotocantinense.com.br\/index.php?rest_route=%2Fwp%2Fv2%2Fcomments&post=1092"}],"version-history":[{"count":2,"href":"https:\/\/focotocantinense.com.br\/index.php?rest_route=\/wp\/v2\/posts\/1092\/revisions"}],"predecessor-version":[{"id":1096,"href":"https:\/\/focotocantinense.com.br\/index.php?rest_route=\/wp\/v2\/posts\/1092\/revisions\/1096"}],"wp:featuredmedia":[{"embeddable":true,"href":"https:\/\/focotocantinense.com.br\/index.php?rest_route=\/wp\/v2\/media\/1095"}],"wp:attachment":[{"href":"https:\/\/focotocantinense.com.br\/index.php?rest_route=%2Fwp%2Fv2%2Fmedia&parent=1092"}],"wp:term":[{"taxonomy":"category","embeddable":true,"href":"https:\/\/focotocantinense.com.br\/index.php?rest_route=%2Fwp%2Fv2%2Fcategories&post=1092"},{"taxonomy":"post_tag","embeddable":true,"href":"https:\/\/focotocantinense.com.br\/index.php?rest_route=%2Fwp%2Fv2%2Ftags&post=1092"}],"curies":[{"name":"wp","href":"https:\/\/api.w.org\/{rel}","templated":true}]}}