{"id":10917,"date":"2025-08-14T19:41:04","date_gmt":"2025-08-14T22:41:04","guid":{"rendered":"https:\/\/focotocantinense.com.br\/?p=10917"},"modified":"2025-08-14T19:41:37","modified_gmt":"2025-08-14T22:41:37","slug":"agosto-dourado-saude-de-gurupi-promove-oficinas-de-aleitamento-materno-e-cuidados-com-o-recem-nascido","status":"publish","type":"post","link":"https:\/\/focotocantinense.com.br\/?p=10917","title":{"rendered":"Agosto dourado: Sa\u00fade de Gurupi promove oficinas de aleitamento materno e cuidados com o rec\u00e9m-nascido"},"content":{"rendered":"\n<p>Durante todo o m\u00eas de agosto, a Secretaria Municipal de Sa\u00fade de Gurupi realizar\u00e1 oficinas para conscientizar sobre a import\u00e2ncia do aleitamento materno e orientar sobre cuidados com o rec\u00e9m-nascido. As atividades acontecer\u00e3o nas Unidades B\u00e1sicas de Sa\u00fade (UBS) e na Cl\u00ednica da Mulher, com participa\u00e7\u00e3o de profissionais especializados.<\/p>\n\n\n\n<p>As oficinas de aleitamento materno ser\u00e3o realizadas em parceria com o Banco de Leite de Gurupi. A coordenadora do Banco de Leite, Jaciara Martins, explicou que a iniciativa fortalece tanto o Sistema \u00danico de Sa\u00fade (SUS) quanto o acesso das mulheres a informa\u00e7\u00f5es e apoio.<\/p>\n\n\n\n<p>\u201cA nossa proposta \u00e9 que os profissionais estejam tamb\u00e9m mais preparados para dar esse apoio t\u00e9cnico, orienta\u00e7\u00f5es relacionadas \u00e0 posi\u00e7\u00e3o e pega, tirar as d\u00favidas das gestantes e pu\u00e9rperas, fortalecendo a m\u00e3e tamb\u00e9m na constitui\u00e7\u00e3o desse leite e entendendo que esse \u00e9 o melhor alimento e que n\u00e3o existe leite fraco e que existe sim a interfer\u00eancia emocional, a d\u00favida da mulher, que abala a amamenta\u00e7\u00e3o\u201d, destacou Jaciara.<\/p>\n\n\n\n<p>J\u00e1 as oficinas de cuidados com o rec\u00e9m-nascido ser\u00e3o conduzidas pela enfermeira obstetra e coordenadora de Sa\u00fade da Mulher e Sa\u00fade da Crian\u00e7a na Aten\u00e7\u00e3o B\u00e1sica, Dynysflayth Moira. \u201cSer\u00e1 um momento de troca, onde vamos ensinar desde a higieniza\u00e7\u00e3o correta, cuidados com o coto umbilical, t\u00e9cnicas de banho seguro, at\u00e9 orienta\u00e7\u00f5es sobre sinais de alerta para procurar atendimento m\u00e9dico. O objetivo \u00e9 oferecer confian\u00e7a e seguran\u00e7a para as m\u00e3es e fam\u00edlias nesse per\u00edodo t\u00e3o especial\u201d, ressaltou.<\/p>\n\n\n\n<p>A secret\u00e1ria de Sa\u00fade, Luana Nunes, enfatizou que a gest\u00e3o municipal tem trabalhado para garantir que cada m\u00e3e e beb\u00ea recebam aten\u00e7\u00e3o integral. \u201cA sa\u00fade p\u00fablica vai al\u00e9m do atendimento m\u00e9dico; \u00e9 tamb\u00e9m informar, orientar e acolher. Nosso compromisso \u00e9 assegurar que as m\u00e3es tenham todo o apoio necess\u00e1rio para oferecer o melhor in\u00edcio de vida aos seus filhos\u201d, declarou a secret\u00e1ria.<\/p>\n\n\n\n<figure class=\"wp-block-image size-large\"><img loading=\"lazy\" decoding=\"async\" width=\"1024\" height=\"685\" src=\"https:\/\/focotocantinense.com.br\/wp-content\/uploads\/2025\/08\/WhatsApp-Image-2025-08-13-at-14.13.38-1-1024x685.jpeg\" alt=\"\" class=\"wp-image-10918\" srcset=\"https:\/\/focotocantinense.com.br\/wp-content\/uploads\/2025\/08\/WhatsApp-Image-2025-08-13-at-14.13.38-1-1024x685.jpeg 1024w, https:\/\/focotocantinense.com.br\/wp-content\/uploads\/2025\/08\/WhatsApp-Image-2025-08-13-at-14.13.38-1-300x201.jpeg 300w, https:\/\/focotocantinense.com.br\/wp-content\/uploads\/2025\/08\/WhatsApp-Image-2025-08-13-at-14.13.38-1-768x514.jpeg 768w, https:\/\/focotocantinense.com.br\/wp-content\/uploads\/2025\/08\/WhatsApp-Image-2025-08-13-at-14.13.38-1-1536x1027.jpeg 1536w, https:\/\/focotocantinense.com.br\/wp-content\/uploads\/2025\/08\/WhatsApp-Image-2025-08-13-at-14.13.38-1-110x75.jpeg 110w, https:\/\/focotocantinense.com.br\/wp-content\/uploads\/2025\/08\/WhatsApp-Image-2025-08-13-at-14.13.38-1.jpeg 1600w\" sizes=\"auto, (max-width: 1024px) 100vw, 1024px\" \/><\/figure>\n\n\n\n<p><\/p>\n\n\n\n<p><strong>Calend\u00e1rio de a\u00e7\u00f5es<\/strong><\/p>\n\n\n\n<p>18\/08\/2025 \u2013 08h \u2013 Cl\u00ednica da Mulher<br>19\/08\/2025 \u2013 07h \u2013 UBS Jo\u00e3o Manoel<br>20\/08\/2025 \u2013 07h15 \u2013 UBS Rosendo<br>20\/08\/2025 \u2013 09h \u2013 UBS Casego e UBS Vila Iris<br>21\/08\/2025 \u2013 07h \u2013 UBS Campo Belo<br>21\/08\/2025 \u2013 13h \u2013 UBS Pedroso e UBS Buritis<br>22\/08\/2025 \u2013 08h \u2013 UBS Vila Nova<br>26\/08\/2025 \u2013 08h \u2013 UBS Parque das Ac\u00e1cias<br>26\/08\/2025 \u2013 13h \u2013 UBS Nova Fronteira<br>26\/08\/2025 \u2013 08h \u2013 UBS Waldir Lins<br>27\/08\/2025 \u2013 08h \u2013 UBS Bela Vista<br>27\/08\/2025 \u2013 07h \u2013 UBS Sevilha<br>27\/08\/2025 \u2013 08h \u2013 UBS Sol Nascente<\/p>\n\n\n\n<figure class=\"wp-block-image size-full is-resized\"><img loading=\"lazy\" decoding=\"async\" width=\"727\" height=\"184\" src=\"https:\/\/focotocantinense.com.br\/wp-content\/uploads\/2025\/08\/SHOW-DE-HUMOR-DE-VINICIUS-MARTINS-3.jpeg\" alt=\"\" class=\"wp-image-10906\" style=\"width:840px;height:auto\" srcset=\"https:\/\/focotocantinense.com.br\/wp-content\/uploads\/2025\/08\/SHOW-DE-HUMOR-DE-VINICIUS-MARTINS-3.jpeg 727w, https:\/\/focotocantinense.com.br\/wp-content\/uploads\/2025\/08\/SHOW-DE-HUMOR-DE-VINICIUS-MARTINS-3-300x76.jpeg 300w\" sizes=\"auto, (max-width: 727px) 100vw, 727px\" \/><\/figure>\n","protected":false},"excerpt":{"rendered":"<p>Durante todo o m\u00eas de agosto, a Secretaria Municipal de Sa\u00fade de Gurupi realizar\u00e1 oficinas para conscientizar sobre a import\u00e2ncia do aleitamento materno e orientar sobre cuidados com o rec\u00e9m-nascido. As atividades acontecer\u00e3o nas Unidades B\u00e1sicas de Sa\u00fade (UBS) e na Cl\u00ednica da Mulher, com participa\u00e7\u00e3o de profissionais especializados. As oficinas de aleitamento materno ser\u00e3o &hellip;<\/p>\n","protected":false},"author":5,"featured_media":10918,"comment_status":"open","ping_status":"open","sticky":false,"template":"","format":"standard","meta":{"footnotes":""},"categories":[38],"tags":[],"class_list":["post-10917","post","type-post","status-publish","format-standard","has-post-thumbnail","","category-gurupi"],"_links":{"self":[{"href":"https:\/\/focotocantinense.com.br\/index.php?rest_route=\/wp\/v2\/posts\/10917","targetHints":{"allow":["GET"]}}],"collection":[{"href":"https:\/\/focotocantinense.com.br\/index.php?rest_route=\/wp\/v2\/posts"}],"about":[{"href":"https:\/\/focotocantinense.com.br\/index.php?rest_route=\/wp\/v2\/types\/post"}],"author":[{"embeddable":true,"href":"https:\/\/focotocantinense.com.br\/index.php?rest_route=\/wp\/v2\/users\/5"}],"replies":[{"embeddable":true,"href":"https:\/\/focotocantinense.com.br\/index.php?rest_route=%2Fwp%2Fv2%2Fcomments&post=10917"}],"version-history":[{"count":2,"href":"https:\/\/focotocantinense.com.br\/index.php?rest_route=\/wp\/v2\/posts\/10917\/revisions"}],"predecessor-version":[{"id":10920,"href":"https:\/\/focotocantinense.com.br\/index.php?rest_route=\/wp\/v2\/posts\/10917\/revisions\/10920"}],"wp:featuredmedia":[{"embeddable":true,"href":"https:\/\/focotocantinense.com.br\/index.php?rest_route=\/wp\/v2\/media\/10918"}],"wp:attachment":[{"href":"https:\/\/focotocantinense.com.br\/index.php?rest_route=%2Fwp%2Fv2%2Fmedia&parent=10917"}],"wp:term":[{"taxonomy":"category","embeddable":true,"href":"https:\/\/focotocantinense.com.br\/index.php?rest_route=%2Fwp%2Fv2%2Fcategories&post=10917"},{"taxonomy":"post_tag","embeddable":true,"href":"https:\/\/focotocantinense.com.br\/index.php?rest_route=%2Fwp%2Fv2%2Ftags&post=10917"}],"curies":[{"name":"wp","href":"https:\/\/api.w.org\/{rel}","templated":true}]}}