{"id":10909,"date":"2025-08-14T19:17:00","date_gmt":"2025-08-14T22:17:00","guid":{"rendered":"https:\/\/focotocantinense.com.br\/?p=10909"},"modified":"2025-08-14T19:20:40","modified_gmt":"2025-08-14T22:20:40","slug":"ministerio-da-cultura-promove-ii-encontro-de-gestores-municipais-de-cultura-do-tocantins-com-foco-na-politica-nacional-aldir-blanc-e-sistema-nacional-de-cultura","status":"publish","type":"post","link":"https:\/\/focotocantinense.com.br\/?p=10909","title":{"rendered":"Minist\u00e9rio da Cultura promove II Encontro de Gestores Municipais de Cultura do Tocantins com foco na Pol\u00edtica Nacional Aldir Blanc e Sistema Nacional de Cultura"},"content":{"rendered":"\n<p><\/p>\n\n\n\n<p>Na pr\u00f3xima segunda e ter\u00e7a-feira, dias 18 e 19 de agosto, o Minist\u00e9rio da Cultura (MinC), por meio da Secretaria de Articula\u00e7\u00e3o Federativa e Comit\u00eas de Cultura (SAFCC) e da Secretaria da Cidadania e Diversidade Cultural (SCDC), realiza, em Palmas, o II Encontro de Gestores Municipais de Cultura do Tocantins, dentro da programa\u00e7\u00e3o da Semana do Patrim\u00f4nio Cultural do Tocantins.<\/p>\n\n\n\n<p>Com execu\u00e7\u00e3o do Escrit\u00f3rio do MinC no Tocantins, o encontro tem como foco principal oficinas para implementa\u00e7\u00e3o da Pol\u00edtica Nacional Aldir Blanc, o fortalecimento do Sistema Nacional de Cultura (SNC) e a integra\u00e7\u00e3o da Pol\u00edtica Nacional Aldir Blanc com a Pol\u00edtica Nacional de Cultura Viva. O objetivo \u00e9 apoiar gestores municipais na elabora\u00e7\u00e3o e execu\u00e7\u00e3o de seus Planos de Aplica\u00e7\u00e3o de Recursos, promover o alinhamento t\u00e9cnico e ampliar a articula\u00e7\u00e3o entre munic\u00edpios, Estado e Uni\u00e3o para o fortalecimento das pol\u00edticas culturais no Tocantins.<\/p>\n\n\n\n<figure class=\"wp-block-image size-full is-resized\"><img loading=\"lazy\" decoding=\"async\" width=\"758\" height=\"406\" src=\"https:\/\/focotocantinense.com.br\/wp-content\/uploads\/2025\/08\/aaaaaaaa.jpeg\" alt=\"\" class=\"wp-image-10910\" style=\"width:384px;height:auto\" srcset=\"https:\/\/focotocantinense.com.br\/wp-content\/uploads\/2025\/08\/aaaaaaaa.jpeg 758w, https:\/\/focotocantinense.com.br\/wp-content\/uploads\/2025\/08\/aaaaaaaa-300x161.jpeg 300w, https:\/\/focotocantinense.com.br\/wp-content\/uploads\/2025\/08\/aaaaaaaa-310x165.jpeg 310w\" sizes=\"auto, (max-width: 758px) 100vw, 758px\" \/><\/figure>\n\n\n\n<p><\/p>\n\n\n\n<p>Durante todo o evento, haver\u00e1 um estande do Minist\u00e9rio da Cultura para atendimentos individuais a t\u00e9cnicos e gestores municipais de cultura, com orienta\u00e7\u00f5es personalizadas. Al\u00e9m dos gestores, t\u00e9cnicos dos \u00f3rg\u00e3os municipais de cultura tamb\u00e9m poder\u00e3o participar de todas as atividades e oficinas, que seguem at\u00e9 o dia 22 de agosto, dentro da programa\u00e7\u00e3o da Semana do Patrim\u00f4nio Cultural do Tocantins.<\/p>\n\n\n\n<p>A programa\u00e7\u00e3o contempla debates sobre o papel do SNC na estrutura\u00e7\u00e3o das pol\u00edticas culturais e oficinas que orientam a aplica\u00e7\u00e3o da Pol\u00edtica Nacional Aldir Blanc, especialmente na articula\u00e7\u00e3o com redes comunit\u00e1rias e territ\u00f3rios culturais. Entre as autoridades do MinC confirmadas, est\u00e1 Roberta Martins, Secret\u00e1ria Nacional de Articula\u00e7\u00e3o Federativa e Comit\u00eas de Cultura.<\/p>\n\n\n\n<p>A Semana do Patrim\u00f4nio Cultural do Tocantins \u00e9 uma a\u00e7\u00e3o conjunta do Minist\u00e9rio da Cultura, por meio da SAFCC e SCDC, do Instituto do Patrim\u00f4nio Hist\u00f3rico e Art\u00edstico Nacional \u2013 Superintend\u00eancia do Tocantins (IPHAN-TO) e da Secretaria de Estado da Cultura do Tocantins (Secult-TO).<\/p>\n\n\n\n<p><strong>Atividade paralela do Minist\u00e9rio da Cultura<\/strong><\/p>\n\n\n\n<p>Como parte das agendas do MinC no Estado, ser\u00e1 realizada, no dia 19 de agosto, em Porto Nacional (TO), a visita&nbsp;\u00e0s instala\u00e7\u00f5es&nbsp;da futura sede do Escrit\u00f3rio Modelo de Conserva\u00e7\u00e3o do Tocantins \u2013 Conviver, um projeto do IPHAN em parceria com a Universidade Federal do Tocantins (UFT), com apoio das Prefeituras de Porto Nacional e Natividade.<\/p>\n\n\n\n<p>O Pont\u00e3o de Cultura Tambores do Tocantins\/Comsa\u00fade e o Comit\u00ea de Cultura no Tocantins colaboram na organiza\u00e7\u00e3o da pauta social com os movimentos culturais e entidades civis. A programa\u00e7\u00e3o inclui cortejo cultural, visita ao Casar\u00e3o 1810 e agenda social na sede do Pont\u00e3o de Cultura Tambores do Tocantins\/Comsa\u00fade, fortalecendo a integra\u00e7\u00e3o entre pol\u00edticas culturais e iniciativas comunit\u00e1rias no Tocantins.<\/p>\n\n\n\n<p><strong>Programa\u00e7\u00e3o resumida<\/strong><\/p>\n\n\n\n<ul class=\"wp-block-list\">\n<li>08h \u00e0s 12h \u2013 II Semin\u00e1rio de Arquivos Hist\u00f3ricos Documentais do Tocantins \u2013 IFTO Palmas<\/li>\n\n\n\n<li>14h \u00e0s 17h \u2013 Mesa de Abertura e Oficina: \u201cDesafios e implementa\u00e7\u00e3o do Sistema Nacional de Cultura\u201d \u2013 UFT Palmas<\/li>\n\n\n\n<li>18h30 \u00e0s 21h30 \u2013 Abertura Oficial Semana do Patrim\u00f4nio Cultural do Tocantins \u2013 Audit\u00f3rio do SENAC Palmas<\/li>\n\n\n\n<li>08h \u00e0s 12h \u2013 Oficinas do Sistema Nacional de Patrim\u00f4nio Cultural \u2013 IFTO Palmas<\/li>\n\n\n\n<li>14h \u00e0s 18h \u2013 Oficinas para implementa\u00e7\u00e3o da Pol\u00edtica Nacional Aldir Blanc e integra\u00e7\u00e3o com a Pol\u00edtica Nacional de Cultura Viva \u2013 UFT Palmas<\/li>\n\n\n\n<li><\/li>\n\n\n\n<li>09h \u2013 visita a futura instala\u00e7\u00e3o da sede do Escrit\u00f3rio Modelo de Conserva\u00e7\u00e3o do Tocantins \u2013 Conviver<\/li>\n\n\n\n<li>09h30 \u2013 Cortejo Cultural e visita ao Casar\u00e3o 1810<\/li>\n\n\n\n<li>10h \u2013 Agenda social com movimentos culturais e entidades civis \u2013 Pont\u00e3o de Cultura Tambores do Tocantins\/Comsa\u00fade<\/li>\n<\/ul>\n\n\n\n<p><\/p>\n\n\n\n<figure class=\"wp-block-image size-full is-resized\"><img loading=\"lazy\" decoding=\"async\" width=\"727\" height=\"184\" src=\"https:\/\/focotocantinense.com.br\/wp-content\/uploads\/2025\/08\/SHOW-DE-HUMOR-DE-VINICIUS-MARTINS-3.jpeg\" alt=\"\" class=\"wp-image-10906\" style=\"width:840px;height:auto\" srcset=\"https:\/\/focotocantinense.com.br\/wp-content\/uploads\/2025\/08\/SHOW-DE-HUMOR-DE-VINICIUS-MARTINS-3.jpeg 727w, https:\/\/focotocantinense.com.br\/wp-content\/uploads\/2025\/08\/SHOW-DE-HUMOR-DE-VINICIUS-MARTINS-3-300x76.jpeg 300w\" sizes=\"auto, (max-width: 727px) 100vw, 727px\" \/><\/figure>\n","protected":false},"excerpt":{"rendered":"<p>Na pr\u00f3xima segunda e ter\u00e7a-feira, dias 18 e 19 de agosto, o Minist\u00e9rio da Cultura (MinC), por meio da Secretaria de Articula\u00e7\u00e3o Federativa e Comit\u00eas de Cultura (SAFCC) e da Secretaria da Cidadania e Diversidade Cultural (SCDC), realiza, em Palmas, o II Encontro de Gestores Municipais de Cultura do Tocantins, dentro da programa\u00e7\u00e3o da Semana &hellip;<\/p>\n","protected":false},"author":5,"featured_media":10910,"comment_status":"open","ping_status":"open","sticky":false,"template":"","format":"standard","meta":{"footnotes":""},"categories":[104],"tags":[],"class_list":["post-10909","post","type-post","status-publish","format-standard","has-post-thumbnail","","category-cultura"],"_links":{"self":[{"href":"https:\/\/focotocantinense.com.br\/index.php?rest_route=\/wp\/v2\/posts\/10909","targetHints":{"allow":["GET"]}}],"collection":[{"href":"https:\/\/focotocantinense.com.br\/index.php?rest_route=\/wp\/v2\/posts"}],"about":[{"href":"https:\/\/focotocantinense.com.br\/index.php?rest_route=\/wp\/v2\/types\/post"}],"author":[{"embeddable":true,"href":"https:\/\/focotocantinense.com.br\/index.php?rest_route=\/wp\/v2\/users\/5"}],"replies":[{"embeddable":true,"href":"https:\/\/focotocantinense.com.br\/index.php?rest_route=%2Fwp%2Fv2%2Fcomments&post=10909"}],"version-history":[{"count":5,"href":"https:\/\/focotocantinense.com.br\/index.php?rest_route=\/wp\/v2\/posts\/10909\/revisions"}],"predecessor-version":[{"id":10916,"href":"https:\/\/focotocantinense.com.br\/index.php?rest_route=\/wp\/v2\/posts\/10909\/revisions\/10916"}],"wp:featuredmedia":[{"embeddable":true,"href":"https:\/\/focotocantinense.com.br\/index.php?rest_route=\/wp\/v2\/media\/10910"}],"wp:attachment":[{"href":"https:\/\/focotocantinense.com.br\/index.php?rest_route=%2Fwp%2Fv2%2Fmedia&parent=10909"}],"wp:term":[{"taxonomy":"category","embeddable":true,"href":"https:\/\/focotocantinense.com.br\/index.php?rest_route=%2Fwp%2Fv2%2Fcategories&post=10909"},{"taxonomy":"post_tag","embeddable":true,"href":"https:\/\/focotocantinense.com.br\/index.php?rest_route=%2Fwp%2Fv2%2Ftags&post=10909"}],"curies":[{"name":"wp","href":"https:\/\/api.w.org\/{rel}","templated":true}]}}