{"id":10897,"date":"2025-08-14T10:51:31","date_gmt":"2025-08-14T13:51:31","guid":{"rendered":"https:\/\/focotocantinense.com.br\/?p=10897"},"modified":"2025-08-14T18:39:06","modified_gmt":"2025-08-14T21:39:06","slug":"antonio-andrade-garante-aprovacao-de-projeto-que-assegura-cirurgia-plastica-reparadora-no-sus-para-mulheres-vitimas-de-violencia","status":"publish","type":"post","link":"https:\/\/focotocantinense.com.br\/?p=10897","title":{"rendered":"Antonio Andrade garante aprova\u00e7\u00e3o de projeto que assegura cirurgia pl\u00e1stica reparadora no SUS para mulheres v\u00edtimas de viol\u00eancia"},"content":{"rendered":"\n<p>Comiss\u00e3o de Sa\u00fade da C\u00e2mara dos Deputados aprovou, nesta quarta-feira, o projeto de lei que garante \u00e0s mulheres v\u00edtimas de viol\u00eancia o direito \u00e0 cirurgia pl\u00e1stica reparadora pelo Sistema \u00danico de Sa\u00fade (SUS). A relatoria foi conduzida pelo deputado federal Antonio Andrade (Republicanos-TO), que destacou a import\u00e2ncia da proposta para a recupera\u00e7\u00e3o f\u00edsica e emocional dessas mulheres.<\/p>\n\n\n\n<figure class=\"wp-block-image size-large is-resized\"><img loading=\"lazy\" decoding=\"async\" width=\"1024\" height=\"682\" src=\"https:\/\/focotocantinense.com.br\/wp-content\/uploads\/2025\/08\/toinho-foto-camara-dos-deputados-1024x682.jpeg\" alt=\"\" class=\"wp-image-10898\" style=\"width:376px;height:auto\" srcset=\"https:\/\/focotocantinense.com.br\/wp-content\/uploads\/2025\/08\/toinho-foto-camara-dos-deputados-1024x682.jpeg 1024w, https:\/\/focotocantinense.com.br\/wp-content\/uploads\/2025\/08\/toinho-foto-camara-dos-deputados-300x200.jpeg 300w, https:\/\/focotocantinense.com.br\/wp-content\/uploads\/2025\/08\/toinho-foto-camara-dos-deputados-768x512.jpeg 768w, https:\/\/focotocantinense.com.br\/wp-content\/uploads\/2025\/08\/toinho-foto-camara-dos-deputados-1536x1023.jpeg 1536w, https:\/\/focotocantinense.com.br\/wp-content\/uploads\/2025\/08\/toinho-foto-camara-dos-deputados-310x205.jpeg 310w, https:\/\/focotocantinense.com.br\/wp-content\/uploads\/2025\/08\/toinho-foto-camara-dos-deputados.jpeg 1600w\" sizes=\"auto, (max-width: 1024px) 100vw, 1024px\" \/><\/figure>\n\n\n\n<p>O texto altera a Lei Maria da Penha para incluir expressamente o direito \u00e0 cirurgia pl\u00e1stica reparadora, estabelecendo prazos para a realiza\u00e7\u00e3o do procedimento, a fim de agilizar o atendimento e garantir que as v\u00edtimas recebam o suporte necess\u00e1rio de forma r\u00e1pida e efetiva.<\/p>\n\n\n\n<p>Segundo Antonio Andrade, a medida \u00e9 um avan\u00e7o importante na prote\u00e7\u00e3o e assist\u00eancia \u00e0s mulheres.<\/p>\n\n\n\n<p>\u201cA viol\u00eancia contra a mulher deixa marcas que v\u00e3o muito al\u00e9m das f\u00edsicas. Garantir a cirurgia pl\u00e1stica reparadora pelo SUS \u00e9 devolver dignidade, autoestima e esperan\u00e7a para que essas mulheres possam reconstruir suas vidas\u201d, afirmou o relator.<\/p>\n\n\n\n<p>A proposta tamb\u00e9m prev\u00ea que a execu\u00e7\u00e3o do procedimento siga protocolos definidos pelo Minist\u00e9rio da Sa\u00fade, de forma a assegurar a qualidade do atendimento e a prioriza\u00e7\u00e3o de casos mais graves.<\/p>\n\n\n\n<p>Com a aprova\u00e7\u00e3o na Comiss\u00e3o de Sa\u00fade, o projeto segue para as pr\u00f3ximas etapas de tramita\u00e7\u00e3o na C\u00e2mara dos Deputados.<\/p>\n\n\n\n<p>Antonio Andrade refor\u00e7ou seu compromisso com pol\u00edticas p\u00fablicas que protejam as mulheres e ampliem o acesso \u00e0 sa\u00fade:<br>\u201cEste \u00e9 mais um passo para tornar o SUS cada vez mais inclusivo e humano, atendendo \u00e0s necessidades de quem mais precisa.\u201d<\/p>\n\n\n\n<figure class=\"wp-block-image size-full is-resized\"><img loading=\"lazy\" decoding=\"async\" width=\"727\" height=\"184\" src=\"https:\/\/focotocantinense.com.br\/wp-content\/uploads\/2025\/08\/SHOW-DE-HUMOR-DE-VINICIUS-MARTINS-1.jpeg\" alt=\"\" class=\"wp-image-10874\" style=\"width:840px;height:auto\" srcset=\"https:\/\/focotocantinense.com.br\/wp-content\/uploads\/2025\/08\/SHOW-DE-HUMOR-DE-VINICIUS-MARTINS-1.jpeg 727w, https:\/\/focotocantinense.com.br\/wp-content\/uploads\/2025\/08\/SHOW-DE-HUMOR-DE-VINICIUS-MARTINS-1-300x76.jpeg 300w\" sizes=\"auto, (max-width: 727px) 100vw, 727px\" \/><\/figure>\n","protected":false},"excerpt":{"rendered":"<p>Comiss\u00e3o de Sa\u00fade da C\u00e2mara dos Deputados aprovou, nesta quarta-feira, o projeto de lei que garante \u00e0s mulheres v\u00edtimas de viol\u00eancia o direito \u00e0 cirurgia pl\u00e1stica reparadora pelo Sistema \u00danico de Sa\u00fade (SUS). A relatoria foi conduzida pelo deputado federal Antonio Andrade (Republicanos-TO), que destacou a import\u00e2ncia da proposta para a recupera\u00e7\u00e3o f\u00edsica e emocional &hellip;<\/p>\n","protected":false},"author":5,"featured_media":10898,"comment_status":"open","ping_status":"open","sticky":false,"template":"","format":"standard","meta":{"footnotes":""},"categories":[1],"tags":[],"class_list":["post-10897","post","type-post","status-publish","format-standard","has-post-thumbnail","","category-sem-categoria"],"_links":{"self":[{"href":"https:\/\/focotocantinense.com.br\/index.php?rest_route=\/wp\/v2\/posts\/10897","targetHints":{"allow":["GET"]}}],"collection":[{"href":"https:\/\/focotocantinense.com.br\/index.php?rest_route=\/wp\/v2\/posts"}],"about":[{"href":"https:\/\/focotocantinense.com.br\/index.php?rest_route=\/wp\/v2\/types\/post"}],"author":[{"embeddable":true,"href":"https:\/\/focotocantinense.com.br\/index.php?rest_route=\/wp\/v2\/users\/5"}],"replies":[{"embeddable":true,"href":"https:\/\/focotocantinense.com.br\/index.php?rest_route=%2Fwp%2Fv2%2Fcomments&post=10897"}],"version-history":[{"count":2,"href":"https:\/\/focotocantinense.com.br\/index.php?rest_route=\/wp\/v2\/posts\/10897\/revisions"}],"predecessor-version":[{"id":10901,"href":"https:\/\/focotocantinense.com.br\/index.php?rest_route=\/wp\/v2\/posts\/10897\/revisions\/10901"}],"wp:featuredmedia":[{"embeddable":true,"href":"https:\/\/focotocantinense.com.br\/index.php?rest_route=\/wp\/v2\/media\/10898"}],"wp:attachment":[{"href":"https:\/\/focotocantinense.com.br\/index.php?rest_route=%2Fwp%2Fv2%2Fmedia&parent=10897"}],"wp:term":[{"taxonomy":"category","embeddable":true,"href":"https:\/\/focotocantinense.com.br\/index.php?rest_route=%2Fwp%2Fv2%2Fcategories&post=10897"},{"taxonomy":"post_tag","embeddable":true,"href":"https:\/\/focotocantinense.com.br\/index.php?rest_route=%2Fwp%2Fv2%2Ftags&post=10897"}],"curies":[{"name":"wp","href":"https:\/\/api.w.org\/{rel}","templated":true}]}}