{"id":10892,"date":"2025-08-14T10:10:07","date_gmt":"2025-08-14T13:10:07","guid":{"rendered":"https:\/\/focotocantinense.com.br\/?p=10892"},"modified":"2025-08-14T18:40:09","modified_gmt":"2025-08-14T21:40:09","slug":"em-gesto-de-fe-e-respeito-a-tradicao-governador-wanderlei-barbosa-prestigia-show-do-padre-fabio-de-melo-no-santuario-do-senhor-do-bonfim","status":"publish","type":"post","link":"https:\/\/focotocantinense.com.br\/?p=10892","title":{"rendered":"Em gesto de f\u00e9 e respeito \u00e0 tradi\u00e7\u00e3o, governador Wanderlei Barbosa prestigia show do padre F\u00e1bio de Melo no Santu\u00e1rio do Senhor do Bonfim"},"content":{"rendered":"\n<p><em><strong>Programa\u00e7\u00e3o fomenta o turismo religioso, atraindo pessoas das mais diversas regi\u00f5es do Tocantins e at\u00e9 de outros estados<\/strong><\/em><\/p>\n\n\n\n<p><\/p>\n\n\n\n<p>O governador do Tocantins, Wanderlei Barbosa, acompanhado da primeira-dama e secret\u00e1ria extraordin\u00e1ria de Participa\u00e7\u00f5es Sociais, Karynne Sotero, se juntou a milhares de romeiros na noite dessa quarta-feira, 13, para participar do show do padre F\u00e1bio de Melo, realizado no Santu\u00e1rio do Senhor do Bonfim, em Natividade, na regi\u00e3o sudeste do estado. A apresenta\u00e7\u00e3o fez parte da programa\u00e7\u00e3o do festejo deste ano e contou com apoio do Governo do Tocantins, por meio da Secretaria de Estado do Turismo (Setur).<\/p>\n\n\n\n<figure class=\"wp-block-image size-large is-resized\"><img loading=\"lazy\" decoding=\"async\" width=\"1024\" height=\"585\" src=\"https:\/\/focotocantinense.com.br\/wp-content\/uploads\/2025\/08\/F5-Fies-Tharson-Lopes-1024x585.jpeg\" alt=\"\" class=\"wp-image-10894\" style=\"width:373px;height:auto\" srcset=\"https:\/\/focotocantinense.com.br\/wp-content\/uploads\/2025\/08\/F5-Fies-Tharson-Lopes-1024x585.jpeg 1024w, https:\/\/focotocantinense.com.br\/wp-content\/uploads\/2025\/08\/F5-Fies-Tharson-Lopes-300x171.jpeg 300w, https:\/\/focotocantinense.com.br\/wp-content\/uploads\/2025\/08\/F5-Fies-Tharson-Lopes-768x439.jpeg 768w, https:\/\/focotocantinense.com.br\/wp-content\/uploads\/2025\/08\/F5-Fies-Tharson-Lopes-1536x878.jpeg 1536w, https:\/\/focotocantinense.com.br\/wp-content\/uploads\/2025\/08\/F5-Fies-Tharson-Lopes-2048x1170.jpeg 2048w\" sizes=\"auto, (max-width: 1024px) 100vw, 1024px\" \/><\/figure>\n\n\n\n<p>A programa\u00e7\u00e3o fomenta o turismo religioso, atraindo pessoas das mais diversas regi\u00f5es do Tocantins e at\u00e9 de outros estados, que procuram o local para pagar promessas e fortalecer a f\u00e9. Na ocasi\u00e3o, o governador Wanderlei Barbosa tamb\u00e9m participou da entrega do T\u00edtulo de Cidad\u00e3o Tocantinense ao padre F\u00e1bio de Melo. A honraria foi aprovada pela Assembleia Legislativa do Tocantins (Aleto).&nbsp;<\/p>\n\n\n\n<p>Na condi\u00e7\u00e3o de romeiro, o chefe do Executivo estadual ressaltou que, a exemplo dos anos anteriores, compareceu para louvar e prestigiar esse momento marcante da programa\u00e7\u00e3o. &#8220;Estivemos aqui com todos os romeiros, para apreciar essa grande atra\u00e7\u00e3o, que \u00e9 o show do padre F\u00e1bio de Melo, que recebeu o T\u00edtulo de Cidad\u00e3o Tocantinense, concedido pela Assembleia Legislativa&#8221;, enfatizou o governador, ao destacar o primeiro feriado estadual do Senhor do Bonfim, a ser comemorado na sexta-feira, 15 de agosto.<\/p>\n\n\n\n<p>A primeira-dama Karynne Sotero salientou as a\u00e7\u00f5es do Estado para proporcionar bem-estar a quem participa deste momento. &#8220;O Governo do Tocantins est\u00e1 presente aqui n\u00e3o s\u00f3 com estrutura, mas com cora\u00e7\u00e3o. A estrutura de apoio da Setas [Secretaria de Estado do Trabalho e Desenvolvimento Social], por exemplo, \u00e9 um espa\u00e7o de cuidado, escuta e acolhimento. A gente sabe que quem vem at\u00e9 aqui, muitas vezes enfrenta desafios para estar presente e o papel do Estado \u00e9 garantir dignidade, conforto e respeito a todos os romeiros\u201d, pontuou.&nbsp;<\/p>\n\n\n\n<figure class=\"wp-block-image size-large\"><img loading=\"lazy\" decoding=\"async\" width=\"1024\" height=\"585\" src=\"https:\/\/focotocantinense.com.br\/wp-content\/uploads\/2025\/08\/F2-Gov-entrega-de-titulo-Tharson-Lopes-1024x585.jpg\" alt=\"\" class=\"wp-image-10895\" srcset=\"https:\/\/focotocantinense.com.br\/wp-content\/uploads\/2025\/08\/F2-Gov-entrega-de-titulo-Tharson-Lopes-1024x585.jpg 1024w, https:\/\/focotocantinense.com.br\/wp-content\/uploads\/2025\/08\/F2-Gov-entrega-de-titulo-Tharson-Lopes-300x171.jpg 300w, https:\/\/focotocantinense.com.br\/wp-content\/uploads\/2025\/08\/F2-Gov-entrega-de-titulo-Tharson-Lopes-768x439.jpg 768w, https:\/\/focotocantinense.com.br\/wp-content\/uploads\/2025\/08\/F2-Gov-entrega-de-titulo-Tharson-Lopes.jpg 1280w\" sizes=\"auto, (max-width: 1024px) 100vw, 1024px\" \/><\/figure>\n\n\n\n<p>O reitor do Santu\u00e1rio do Senhor do Bonfim, padre Leomar Sousa, agradeceu a presen\u00e7a do governador e refor\u00e7ou a import\u00e2ncia da programa\u00e7\u00e3o. &#8220;Agrade\u00e7o o apoio para realiza\u00e7\u00e3o dessa importante programa\u00e7\u00e3o cultural e religiosa para o nosso povo. A f\u00e9 e a cultura n\u00e3o se dissociam. O romeiro vem aqui primeiro pelo Senhor do Bonfim, mas a\u00e7\u00f5es como esse show fomentam muito a vinda do romeiro ao Santu\u00e1rio&#8221;, declarou.&nbsp;<\/p>\n\n\n\n<p>Com o tema <em>Romeiros: Peregrinos de Esperan\u00e7a<\/em>, a programa\u00e7\u00e3o lit\u00fargica oficial do Festejo do Nosso Senhor do Bonfim, em Natividade, iniciou no dia 6 e segue at\u00e9 17 de agosto. A festa re\u00fane fi\u00e9is, peregrinos e turistas durante dias de intensa programa\u00e7\u00e3o, incluindo ter\u00e7os, novenas, caminhadas e prociss\u00f5es. Uma das tradi\u00e7\u00f5es mais marcantes \u00e9 a romaria a p\u00e9, em que os devotos percorrem cerca de 23 km da cidade de Natividade at\u00e9 o povoado do Bonfim.<\/p>\n\n\n\n<p>Devota do Senhor do Bonfim e frequentadora ass\u00eddua do festejo todos os anos, Maria do Socorro Souza, do munic\u00edpio de Alvorada, elogiou a programa\u00e7\u00e3o deste ano e destacou que o show enriqueceu o evento. &#8220;Este ano a programa\u00e7\u00e3o religiosa est\u00e1 muito boa e a presen\u00e7a do padre F\u00e1bio de Melo fortalece a f\u00e9 dos romeiros. Al\u00e9m da espiritualidade, o show constitui tamb\u00e9m um momento de entreterimento&#8221;, concluiu.&nbsp;<\/p>\n\n\n\n<p>Deocleciano Aires, que tamb\u00e9m participa do festejo todos os anos, assegurou que a presen\u00e7a do padre F\u00e1bio de Melo demonstra a import\u00e2ncia do festejo para os tocantinenses. &#8220;Um show desse porte demonstra a grandeza da romaria, enriquece a festa e movimenta o turismo religioso&#8221;, comentou.&nbsp;<\/p>\n\n\n\n<p>&#8220;Essa romaria que tem praticamente 300 anos. Agora, com esse show cat\u00f3lico, com certeza trouxe mais interatividade no local&#8221;, ressaltou o padre Marcos Rabelo Campos, da cidade de S\u00e3o Val\u00e9rio da Natividade.&nbsp;<\/p>\n\n\n\n<figure class=\"wp-block-image size-full is-resized\"><img loading=\"lazy\" decoding=\"async\" width=\"727\" height=\"184\" src=\"https:\/\/focotocantinense.com.br\/wp-content\/uploads\/2025\/08\/SHOW-DE-HUMOR-DE-VINICIUS-MARTINS-2.jpeg\" alt=\"\" class=\"wp-image-10902\" style=\"width:840px;height:auto\" srcset=\"https:\/\/focotocantinense.com.br\/wp-content\/uploads\/2025\/08\/SHOW-DE-HUMOR-DE-VINICIUS-MARTINS-2.jpeg 727w, https:\/\/focotocantinense.com.br\/wp-content\/uploads\/2025\/08\/SHOW-DE-HUMOR-DE-VINICIUS-MARTINS-2-300x76.jpeg 300w\" sizes=\"auto, (max-width: 727px) 100vw, 727px\" \/><\/figure>\n","protected":false},"excerpt":{"rendered":"<p>Programa\u00e7\u00e3o fomenta o turismo religioso, atraindo pessoas das mais diversas regi\u00f5es do Tocantins e at\u00e9 de outros estados O governador do Tocantins, Wanderlei Barbosa, acompanhado da primeira-dama e secret\u00e1ria extraordin\u00e1ria de Participa\u00e7\u00f5es Sociais, Karynne Sotero, se juntou a milhares de romeiros na noite dessa quarta-feira, 13, para participar do show do padre F\u00e1bio de Melo, &hellip;<\/p>\n","protected":false},"author":5,"featured_media":10893,"comment_status":"open","ping_status":"open","sticky":false,"template":"","format":"standard","meta":{"footnotes":""},"categories":[1],"tags":[],"class_list":["post-10892","post","type-post","status-publish","format-standard","has-post-thumbnail","","category-sem-categoria"],"_links":{"self":[{"href":"https:\/\/focotocantinense.com.br\/index.php?rest_route=\/wp\/v2\/posts\/10892","targetHints":{"allow":["GET"]}}],"collection":[{"href":"https:\/\/focotocantinense.com.br\/index.php?rest_route=\/wp\/v2\/posts"}],"about":[{"href":"https:\/\/focotocantinense.com.br\/index.php?rest_route=\/wp\/v2\/types\/post"}],"author":[{"embeddable":true,"href":"https:\/\/focotocantinense.com.br\/index.php?rest_route=\/wp\/v2\/users\/5"}],"replies":[{"embeddable":true,"href":"https:\/\/focotocantinense.com.br\/index.php?rest_route=%2Fwp%2Fv2%2Fcomments&post=10892"}],"version-history":[{"count":2,"href":"https:\/\/focotocantinense.com.br\/index.php?rest_route=\/wp\/v2\/posts\/10892\/revisions"}],"predecessor-version":[{"id":10903,"href":"https:\/\/focotocantinense.com.br\/index.php?rest_route=\/wp\/v2\/posts\/10892\/revisions\/10903"}],"wp:featuredmedia":[{"embeddable":true,"href":"https:\/\/focotocantinense.com.br\/index.php?rest_route=\/wp\/v2\/media\/10893"}],"wp:attachment":[{"href":"https:\/\/focotocantinense.com.br\/index.php?rest_route=%2Fwp%2Fv2%2Fmedia&parent=10892"}],"wp:term":[{"taxonomy":"category","embeddable":true,"href":"https:\/\/focotocantinense.com.br\/index.php?rest_route=%2Fwp%2Fv2%2Fcategories&post=10892"},{"taxonomy":"post_tag","embeddable":true,"href":"https:\/\/focotocantinense.com.br\/index.php?rest_route=%2Fwp%2Fv2%2Ftags&post=10892"}],"curies":[{"name":"wp","href":"https:\/\/api.w.org\/{rel}","templated":true}]}}