{"id":10885,"date":"2025-08-12T08:05:38","date_gmt":"2025-08-12T11:05:38","guid":{"rendered":"https:\/\/focotocantinense.com.br\/?p=10885"},"modified":"2025-08-12T08:05:39","modified_gmt":"2025-08-12T11:05:39","slug":"networking-negocios-e-espiritualidade-serao-temas-trabalhados-na-conferencia-para-homens-em-gurupi-inscricoes-ja-estao-abertas","status":"publish","type":"post","link":"https:\/\/focotocantinense.com.br\/?p=10885","title":{"rendered":"Networking, neg\u00f3cios e espiritualidade ser\u00e3o temas trabalhados na Confer\u00eancia para Homens em Gurupi. Inscri\u00e7\u00f5es j\u00e1 est\u00e3o abertas"},"content":{"rendered":"\n<p>Um dos palestrantes \u00e9 o empres\u00e1rio e pastor, Rodrigo Rosnalin, Fundador da Neemo (vendida para Linx), ex-diretor e s\u00f3cio Stone Co, Fundador da Airticles.ai, Investidor em 15 startups, advisor na DPONet, com forma\u00e7\u00e3o em ci\u00eancias da computa\u00e7\u00e3o e MBA em gest\u00e3o, marketing e empreendedorismo pela PUC.<\/p>\n\n\n\n<figure class=\"wp-block-image size-large is-resized\"><img loading=\"lazy\" decoding=\"async\" width=\"682\" height=\"1024\" src=\"https:\/\/focotocantinense.com.br\/wp-content\/uploads\/2025\/08\/CLIFITO-FOTO-4-682x1024.jpeg\" alt=\"\" class=\"wp-image-10887\" style=\"width:363px;height:auto\" srcset=\"https:\/\/focotocantinense.com.br\/wp-content\/uploads\/2025\/08\/CLIFITO-FOTO-4-682x1024.jpeg 682w, https:\/\/focotocantinense.com.br\/wp-content\/uploads\/2025\/08\/CLIFITO-FOTO-4-200x300.jpeg 200w, https:\/\/focotocantinense.com.br\/wp-content\/uploads\/2025\/08\/CLIFITO-FOTO-4-768x1153.jpeg 768w, https:\/\/focotocantinense.com.br\/wp-content\/uploads\/2025\/08\/CLIFITO-FOTO-4-1023x1536.jpeg 1023w, https:\/\/focotocantinense.com.br\/wp-content\/uploads\/2025\/08\/CLIFITO-FOTO-4.jpeg 1066w\" sizes=\"auto, (max-width: 682px) 100vw, 682px\" \/><\/figure>\n\n\n\n<p>Nos pr\u00f3ximos dias 29 e 30 de agosto, ser\u00e1 realizado em Gurupi, regi\u00e3o sul do Tocantins a Confer\u00eancia de Homens, promovido pela Igreja Batista Eben\u00e9zer (IBE em C\u00e9lulas). O evento vai trabalhar quest\u00f5es como a import\u00e2ncia do networking, neg\u00f3cios e espiritualidade masculina. Um dos palestrantes \u00e9 o pastor e empres\u00e1rio, Rodrigo Rosnalin, Fundador da Neemo (vendida para Linx), ex-diretor e s\u00f3cio Stone Co, Fundador da Airticles.ai, Investidor em 15 startups, advisor na DPONet, com forma\u00e7\u00e3o em ci\u00eancias da computa\u00e7\u00e3o e MBA em gest\u00e3o, marketing e empreendedorismo pela PUC.<\/p>\n\n\n\n<p>Segundo o pastor S\u00eanior da IBE em C\u00e9lulas, Jos\u00e9 de Melo Neto, a expectativa \u00e9 que pelo menos 400 homens participem do evento. \u201c\u00c9 a primeira confer\u00eancia de homens da IBE e a expectativa est\u00e1 muito grande. O que tem nos motivado \u00e9 levar o nome de Jesus para homens de Gurupi e regi\u00e3o. Ser\u00e1 um tempo de receber mais do c\u00e9u, reciclando e sabendo que somos homens segundo o cora\u00e7\u00e3o de Deus, al\u00e9m de aprendermos mais sobre a import\u00e2ncia dos bons relacionamentos para a vida pessoal e profissional,\u201d destacou o pastor.<\/p>\n\n\n\n<figure class=\"wp-block-image size-large\"><img loading=\"lazy\" decoding=\"async\" width=\"1024\" height=\"576\" src=\"https:\/\/focotocantinense.com.br\/wp-content\/uploads\/2025\/08\/CLIFITO-FOTO-1-1024x576.jpeg\" alt=\"\" class=\"wp-image-10888\" srcset=\"https:\/\/focotocantinense.com.br\/wp-content\/uploads\/2025\/08\/CLIFITO-FOTO-1-1024x576.jpeg 1024w, https:\/\/focotocantinense.com.br\/wp-content\/uploads\/2025\/08\/CLIFITO-FOTO-1-300x169.jpeg 300w, https:\/\/focotocantinense.com.br\/wp-content\/uploads\/2025\/08\/CLIFITO-FOTO-1-768x432.jpeg 768w, https:\/\/focotocantinense.com.br\/wp-content\/uploads\/2025\/08\/CLIFITO-FOTO-1-1536x864.jpeg 1536w, https:\/\/focotocantinense.com.br\/wp-content\/uploads\/2025\/08\/CLIFITO-FOTO-1.jpeg 1600w\" sizes=\"auto, (max-width: 1024px) 100vw, 1024px\" \/><\/figure>\n\n\n\n<p>Al\u00e9m do empres\u00e1rio e pastor, Rodrigo Rosnalin, o conferencista, psic\u00f3logo e pastor Frank Oliveira tamb\u00e9m vai participar do evento. Frank, tamb\u00e9m vai falar sobre a import\u00e2ncia do homem posicionado e o papel dele em Deus no meio da fam\u00edlia e neg\u00f3cios.<\/p>\n\n\n\n<figure class=\"wp-block-image size-large\"><img loading=\"lazy\" decoding=\"async\" width=\"1024\" height=\"576\" src=\"https:\/\/focotocantinense.com.br\/wp-content\/uploads\/2025\/08\/CLIFITO-FOTO-2-1024x576.jpeg\" alt=\"\" class=\"wp-image-10889\" srcset=\"https:\/\/focotocantinense.com.br\/wp-content\/uploads\/2025\/08\/CLIFITO-FOTO-2-1024x576.jpeg 1024w, https:\/\/focotocantinense.com.br\/wp-content\/uploads\/2025\/08\/CLIFITO-FOTO-2-300x169.jpeg 300w, https:\/\/focotocantinense.com.br\/wp-content\/uploads\/2025\/08\/CLIFITO-FOTO-2-768x432.jpeg 768w, https:\/\/focotocantinense.com.br\/wp-content\/uploads\/2025\/08\/CLIFITO-FOTO-2-1536x864.jpeg 1536w, https:\/\/focotocantinense.com.br\/wp-content\/uploads\/2025\/08\/CLIFITO-FOTO-2.jpeg 1600w\" sizes=\"auto, (max-width: 1024px) 100vw, 1024px\" \/><\/figure>\n\n\n\n<p>O encontro come\u00e7a na sexta-feira (29), a partir das 19h e no s\u00e1bado (30), inicia \u00e0s 15h, com momento de troca de experi\u00eancias entre empres\u00e1rios e empreendedores. Toda a programa\u00e7\u00e3o finaliza \u00e0s21h30. O endere\u00e7o da IBE em C\u00e9lulas \u00e9 na rua 09 com avenida Rio de Janeiro.<\/p>\n\n\n\n<figure class=\"wp-block-image size-large\"><img loading=\"lazy\" decoding=\"async\" width=\"682\" height=\"1024\" src=\"https:\/\/focotocantinense.com.br\/wp-content\/uploads\/2025\/08\/CLIFITO-FOTO-5-682x1024.jpeg\" alt=\"\" class=\"wp-image-10890\" srcset=\"https:\/\/focotocantinense.com.br\/wp-content\/uploads\/2025\/08\/CLIFITO-FOTO-5-682x1024.jpeg 682w, https:\/\/focotocantinense.com.br\/wp-content\/uploads\/2025\/08\/CLIFITO-FOTO-5-200x300.jpeg 200w, https:\/\/focotocantinense.com.br\/wp-content\/uploads\/2025\/08\/CLIFITO-FOTO-5-768x1153.jpeg 768w, https:\/\/focotocantinense.com.br\/wp-content\/uploads\/2025\/08\/CLIFITO-FOTO-5-1023x1536.jpeg 1023w, https:\/\/focotocantinense.com.br\/wp-content\/uploads\/2025\/08\/CLIFITO-FOTO-5.jpeg 1066w\" sizes=\"auto, (max-width: 682px) 100vw, 682px\" \/><\/figure>\n\n\n\n<p>Os interessados em participar devem fazer inscri\u00e7\u00e3o o quanto antes pelo link: https:\/\/www.e-inscricao.com\/igreja-batista-ebenezer\/conferenciadehomensibe A taxa de inscri\u00e7\u00e3o \u00e9 de apenas R$ 100,00<\/p>\n\n\n\n<p>Por: Clifton Morais\/ Assessoria de Imprensa \u2013 IBE em C\u00e9lulas<\/p>\n","protected":false},"excerpt":{"rendered":"<p>Um dos palestrantes \u00e9 o empres\u00e1rio e pastor, Rodrigo Rosnalin, Fundador da Neemo (vendida para Linx), ex-diretor e s\u00f3cio Stone Co, Fundador da Airticles.ai, Investidor em 15 startups, advisor na DPONet, com forma\u00e7\u00e3o em ci\u00eancias da computa\u00e7\u00e3o e MBA em gest\u00e3o, marketing e empreendedorismo pela PUC. Nos pr\u00f3ximos dias 29 e 30 de agosto, ser\u00e1 &hellip;<\/p>\n","protected":false},"author":5,"featured_media":10886,"comment_status":"open","ping_status":"open","sticky":false,"template":"","format":"standard","meta":{"footnotes":""},"categories":[1],"tags":[],"class_list":["post-10885","post","type-post","status-publish","format-standard","has-post-thumbnail","","category-sem-categoria"],"_links":{"self":[{"href":"https:\/\/focotocantinense.com.br\/index.php?rest_route=\/wp\/v2\/posts\/10885","targetHints":{"allow":["GET"]}}],"collection":[{"href":"https:\/\/focotocantinense.com.br\/index.php?rest_route=\/wp\/v2\/posts"}],"about":[{"href":"https:\/\/focotocantinense.com.br\/index.php?rest_route=\/wp\/v2\/types\/post"}],"author":[{"embeddable":true,"href":"https:\/\/focotocantinense.com.br\/index.php?rest_route=\/wp\/v2\/users\/5"}],"replies":[{"embeddable":true,"href":"https:\/\/focotocantinense.com.br\/index.php?rest_route=%2Fwp%2Fv2%2Fcomments&post=10885"}],"version-history":[{"count":1,"href":"https:\/\/focotocantinense.com.br\/index.php?rest_route=\/wp\/v2\/posts\/10885\/revisions"}],"predecessor-version":[{"id":10891,"href":"https:\/\/focotocantinense.com.br\/index.php?rest_route=\/wp\/v2\/posts\/10885\/revisions\/10891"}],"wp:featuredmedia":[{"embeddable":true,"href":"https:\/\/focotocantinense.com.br\/index.php?rest_route=\/wp\/v2\/media\/10886"}],"wp:attachment":[{"href":"https:\/\/focotocantinense.com.br\/index.php?rest_route=%2Fwp%2Fv2%2Fmedia&parent=10885"}],"wp:term":[{"taxonomy":"category","embeddable":true,"href":"https:\/\/focotocantinense.com.br\/index.php?rest_route=%2Fwp%2Fv2%2Fcategories&post=10885"},{"taxonomy":"post_tag","embeddable":true,"href":"https:\/\/focotocantinense.com.br\/index.php?rest_route=%2Fwp%2Fv2%2Ftags&post=10885"}],"curies":[{"name":"wp","href":"https:\/\/api.w.org\/{rel}","templated":true}]}}