{"id":10881,"date":"2025-08-11T11:54:08","date_gmt":"2025-08-11T14:54:08","guid":{"rendered":"https:\/\/focotocantinense.com.br\/?p=10881"},"modified":"2025-08-11T11:54:08","modified_gmt":"2025-08-11T14:54:08","slug":"palmas-recebe-roadshow-lg-para-instaladores-no-dia-12-de-agosto","status":"publish","type":"post","link":"https:\/\/focotocantinense.com.br\/?p=10881","title":{"rendered":"Palmas recebe Roadshow LG para instaladores no dia 12 de agosto"},"content":{"rendered":"\n<p><em>Evento gratuito no SENAI Taquaralto contar\u00e1 com palestras t\u00e9cnicas e exposi\u00e7\u00e3o de solu\u00e7\u00f5es em climatiza\u00e7\u00e3o<\/em><\/p>\n\n\n\n<figure class=\"wp-block-image size-full is-resized\"><img loading=\"lazy\" decoding=\"async\" width=\"593\" height=\"538\" src=\"https:\/\/focotocantinense.com.br\/wp-content\/uploads\/2025\/08\/senai-palmas-curso-f.jpg\" alt=\"\" class=\"wp-image-10882\" style=\"width:373px;height:auto\" srcset=\"https:\/\/focotocantinense.com.br\/wp-content\/uploads\/2025\/08\/senai-palmas-curso-f.jpg 593w, https:\/\/focotocantinense.com.br\/wp-content\/uploads\/2025\/08\/senai-palmas-curso-f-300x272.jpg 300w\" sizes=\"auto, (max-width: 593px) 100vw, 593px\" \/><\/figure>\n\n\n\n<p><strong>S\u00e3o Paulo, 07 de agosto de 2025<\/strong> \u2013 A cidade de Palmas ser\u00e1 a pr\u00f3xima a receber o <strong>Roadshow LG para Instaladores<\/strong>, que acontece no dia <strong>12 de agosto<\/strong>, das <strong>18h \u00e0s 22h<\/strong>, no <strong>SENAI Taquaralto <em>(Avenida Tocantins, N\u00ba 06-A, Quadra 09, Setor Morada do Sol)<\/em><\/strong>. Gratuito e voltado para profissionais da \u00e1rea de ar-condicionado e climatiza\u00e7\u00e3o, o evento tem como objetivo capacitar e atualizar instaladores sobre as inova\u00e7\u00f5es e solu\u00e7\u00f5es da marca, al\u00e9m de fortalecer a qualidade dos servi\u00e7os prestados no setor.<\/p>\n\n\n\n<p>Durante o encontro, os participantes poder\u00e3o conferir e participar de uma conversa com conte\u00fado t\u00e9cnico, conhecendo com mais detalhes as linhas de produtos <strong>LG AI Dual Inverter,<\/strong> que combina efici\u00eancia energ\u00e9tica com conectividade inteligente; o <strong>modelo Artcool<\/strong>, que se destaca pelo design sofisticado; e outras solu\u00e7\u00f5es pensadas para oferecer conforto, economia e desempenho em regi\u00f5es de clima predominantemente quente, como o Nordeste.<\/p>\n\n\n\n<p>A programa\u00e7\u00e3o inclui uma apresenta\u00e7\u00e3o institucional sobre a LG, conte\u00fados t\u00e9cnicos voltados \u00e0 instala\u00e7\u00e3o b\u00e1sica de aparelhos de ar-condicionado, especifica\u00e7\u00f5es de produtos e orienta\u00e7\u00f5es detalhadas sobre o <strong>g\u00e1s refrigerante R32<\/strong>, incluindo cuidados e recomenda\u00e7\u00f5es de uso. O encontro tamb\u00e9m reserva um momento para esclarecimento de d\u00favidas com especialistas da marca.<\/p>\n\n\n\n<p>A agenda come\u00e7a com um coffee de boas-vindas e segue com sess\u00f5es de treinamento e demonstra\u00e7\u00f5es t\u00e9cnicas. Ao final, os participantes recebem brindes exclusivos. A expectativa \u00e9 reunir os profissionais de refrigera\u00e7\u00e3o e climatiza\u00e7\u00e3o da regi\u00e3o.<\/p>\n\n\n\n<p>\u201cTemos grande expectativa com essa edi\u00e7\u00e3o em Palmas. \u00c9 uma oportunidade de estarmos pr\u00f3ximos aos profissionais da regi\u00e3o, oferecendo conhecimento t\u00e9cnico e apresentando as solu\u00e7\u00f5es mais avan\u00e7adas do nosso portf\u00f3lio\u201d, afirma <strong>Lucas Nogueira<\/strong>, Gerente de Produto de Ar-Condicionado Residencial da LG Brasil.<\/p>\n\n\n\n<p>As inscri\u00e7\u00f5es est\u00e3o abertas e podem ser feitas pelo link: <a href=\"https:\/\/urldefense.com\/v3\/__https:\/forms.office.com\/r\/EyXqBvAAk9__;!!IfJP2Nwhk5Z0yJ43lA!NbL4vFLJB_XMHDPZ7sBYmtaW-YqJH9GxZysQ1do_yWHQx1GkUvnYdHxEkyzVecTqr-sbZlrocYqWLtelgtmAax6H504O5bujswI$\">https:\/\/forms.office.com\/r\/EyXqBvAAk9<\/a><\/p>\n\n\n\n<p><strong># # #<\/strong> <strong>CONTATO BURSON \u2013 ASSESSORIA DE IMPRENSA:<\/strong><br>Alex Cara &#8211; <a href=\"mailto:alex.cara@bursonglobal.com\">alex.cara@bursonglobal.com<br><\/a>Daniel Trefilio \u2013 <a href=\"mailto:daniel.trefilio@bursonglobal.com\">daniel.trefilio@bursonglobal.com<br><\/a><\/p>\n","protected":false},"excerpt":{"rendered":"<p>Evento gratuito no SENAI Taquaralto contar\u00e1 com palestras t\u00e9cnicas e exposi\u00e7\u00e3o de solu\u00e7\u00f5es em climatiza\u00e7\u00e3o S\u00e3o Paulo, 07 de agosto de 2025 \u2013 A cidade de Palmas ser\u00e1 a pr\u00f3xima a receber o Roadshow LG para Instaladores, que acontece no dia 12 de agosto, das 18h \u00e0s 22h, no SENAI Taquaralto (Avenida Tocantins, N\u00ba 06-A, &hellip;<\/p>\n","protected":false},"author":5,"featured_media":10883,"comment_status":"open","ping_status":"open","sticky":false,"template":"","format":"standard","meta":{"footnotes":""},"categories":[1],"tags":[],"class_list":["post-10881","post","type-post","status-publish","format-standard","has-post-thumbnail","","category-sem-categoria"],"_links":{"self":[{"href":"https:\/\/focotocantinense.com.br\/index.php?rest_route=\/wp\/v2\/posts\/10881","targetHints":{"allow":["GET"]}}],"collection":[{"href":"https:\/\/focotocantinense.com.br\/index.php?rest_route=\/wp\/v2\/posts"}],"about":[{"href":"https:\/\/focotocantinense.com.br\/index.php?rest_route=\/wp\/v2\/types\/post"}],"author":[{"embeddable":true,"href":"https:\/\/focotocantinense.com.br\/index.php?rest_route=\/wp\/v2\/users\/5"}],"replies":[{"embeddable":true,"href":"https:\/\/focotocantinense.com.br\/index.php?rest_route=%2Fwp%2Fv2%2Fcomments&post=10881"}],"version-history":[{"count":1,"href":"https:\/\/focotocantinense.com.br\/index.php?rest_route=\/wp\/v2\/posts\/10881\/revisions"}],"predecessor-version":[{"id":10884,"href":"https:\/\/focotocantinense.com.br\/index.php?rest_route=\/wp\/v2\/posts\/10881\/revisions\/10884"}],"wp:featuredmedia":[{"embeddable":true,"href":"https:\/\/focotocantinense.com.br\/index.php?rest_route=\/wp\/v2\/media\/10883"}],"wp:attachment":[{"href":"https:\/\/focotocantinense.com.br\/index.php?rest_route=%2Fwp%2Fv2%2Fmedia&parent=10881"}],"wp:term":[{"taxonomy":"category","embeddable":true,"href":"https:\/\/focotocantinense.com.br\/index.php?rest_route=%2Fwp%2Fv2%2Fcategories&post=10881"},{"taxonomy":"post_tag","embeddable":true,"href":"https:\/\/focotocantinense.com.br\/index.php?rest_route=%2Fwp%2Fv2%2Ftags&post=10881"}],"curies":[{"name":"wp","href":"https:\/\/api.w.org\/{rel}","templated":true}]}}