{"id":10865,"date":"2025-08-07T09:01:20","date_gmt":"2025-08-07T12:01:20","guid":{"rendered":"https:\/\/focotocantinense.com.br\/?p=10865"},"modified":"2025-08-07T09:11:38","modified_gmt":"2025-08-07T12:11:38","slug":"camara-de-formoso-do-araguaia-inicia-atividades-do-segundo-semestre-com-foco-em-transparencia-participacao-popular-e-desenvolvimento","status":"publish","type":"post","link":"https:\/\/focotocantinense.com.br\/?p=10865","title":{"rendered":"C\u00e2mara de Formoso do Araguaia inicia atividades do segundo semestre com foco em transpar\u00eancia, participa\u00e7\u00e3o popular e desenvolvimento"},"content":{"rendered":"\n<figure class=\"wp-block-image size-full is-resized\"><img loading=\"lazy\" decoding=\"async\" width=\"1000\" height=\"563\" src=\"https:\/\/focotocantinense.com.br\/wp-content\/uploads\/2025\/08\/Vereador-Paulo-Sergio.jpeg\" alt=\"\" class=\"wp-image-10867\" style=\"width:379px;height:auto\" srcset=\"https:\/\/focotocantinense.com.br\/wp-content\/uploads\/2025\/08\/Vereador-Paulo-Sergio.jpeg 1000w, https:\/\/focotocantinense.com.br\/wp-content\/uploads\/2025\/08\/Vereador-Paulo-Sergio-300x169.jpeg 300w, https:\/\/focotocantinense.com.br\/wp-content\/uploads\/2025\/08\/Vereador-Paulo-Sergio-768x432.jpeg 768w\" sizes=\"auto, (max-width: 1000px) 100vw, 1000px\" \/><\/figure>\n\n\n\n<p><\/p>\n\n\n\n<p><strong><em>Por Jonas Amaral<\/em><\/strong><\/p>\n\n\n\n<p>A C\u00e2mara Municipal de Formoso do Araguaia deu in\u00edcio, nesta segunda-feira, 4 de agosto, aos trabalhos legislativos do segundo semestre, em uma solenidade marcada por espiritualidade, presen\u00e7a de autoridades e di\u00e1logo com a comunidade. A sess\u00e3o solene foi realizada no Plen\u00e1rio Meroveu Alves Parri\u00e3o e contou com a presen\u00e7a de vereadores, lideran\u00e7as pol\u00edticas locais e da popula\u00e7\u00e3o, incluindo o vice-prefeito Ronison Parente.<\/p>\n\n\n\n<figure class=\"wp-block-image size-full is-resized\"><img loading=\"lazy\" decoding=\"async\" width=\"768\" height=\"470\" src=\"https:\/\/focotocantinense.com.br\/wp-content\/uploads\/2025\/08\/cccc.jpeg\" alt=\"\" class=\"wp-image-10866\" style=\"width:385px;height:auto\" srcset=\"https:\/\/focotocantinense.com.br\/wp-content\/uploads\/2025\/08\/cccc.jpeg 768w, https:\/\/focotocantinense.com.br\/wp-content\/uploads\/2025\/08\/cccc-300x184.jpeg 300w\" sizes=\"auto, (max-width: 768px) 100vw, 768px\" \/><\/figure>\n\n\n\n<p>Apesar da pausa nas sess\u00f5es ordin\u00e1rias no m\u00eas de julho, a C\u00e2mara n\u00e3o esteve fechada. Vereadores e o setor administrativo funcionou normalmente, de forma escalonada, assegurando o andamento dos servi\u00e7os internos e o atendimento \u00e0s demandas da popula\u00e7\u00e3o.<\/p>\n\n\n\n<p><strong><em>Presidente destaca conquistas e convida \u00e0 participa\u00e7\u00e3o popular<\/em><\/strong><\/p>\n\n\n\n<p>Em seu discurso, o presidente da C\u00e2mara, vereador Paulo S\u00e9rgio, fez um balan\u00e7o positivo do primeiro semestre de 2025, destacando avan\u00e7os como requerimentos aprovados, indica\u00e7\u00f5es encaminhadas ao Executivo e projetos de lei debatidos e sancionados. O parlamentar reafirmou o compromisso com a transpar\u00eancia, a \u00e9tica e a boa gest\u00e3o.<\/p>\n\n\n\n<figure class=\"wp-block-image size-full is-resized\"><img loading=\"lazy\" decoding=\"async\" width=\"768\" height=\"450\" src=\"https:\/\/focotocantinense.com.br\/wp-content\/uploads\/2025\/08\/aaaaaaaaaaaaaa.jpg\" alt=\"\" class=\"wp-image-10877\" style=\"width:840px;height:auto\" srcset=\"https:\/\/focotocantinense.com.br\/wp-content\/uploads\/2025\/08\/aaaaaaaaaaaaaa.jpg 768w, https:\/\/focotocantinense.com.br\/wp-content\/uploads\/2025\/08\/aaaaaaaaaaaaaa-300x176.jpg 300w\" sizes=\"auto, (max-width: 768px) 100vw, 768px\" \/><\/figure>\n\n\n\n<p><strong><em>Calend\u00e1rio de sess\u00f5es e transmiss\u00e3o ao vivo<\/em><\/strong><\/p>\n\n\n\n<p>O calend\u00e1rio de sess\u00f5es ordin\u00e1rias do m\u00eas de agosto j\u00e1 est\u00e1 definido. As reuni\u00f5es ocorrer\u00e3o nos dias&nbsp;<strong>07, 08, 12, 13 e 14<\/strong>&nbsp;de agosto, sempre \u00e0s 8h da manh\u00e3, com transmiss\u00e3o ao vivo pelo canal oficial da C\u00e2mara no Instagram: @camaradeformosodoaraguaia. A iniciativa visa ampliar o acesso da popula\u00e7\u00e3o \u00e0s atividades legislativas e fortalecer a participa\u00e7\u00e3o cidad\u00e3.<\/p>\n\n\n\n<figure class=\"wp-block-image size-full is-resized\"><img loading=\"lazy\" decoding=\"async\" width=\"768\" height=\"486\" src=\"https:\/\/focotocantinense.com.br\/wp-content\/uploads\/2025\/08\/ddd.jpeg\" alt=\"\" class=\"wp-image-10879\" style=\"width:840px;height:auto\" srcset=\"https:\/\/focotocantinense.com.br\/wp-content\/uploads\/2025\/08\/ddd.jpeg 768w, https:\/\/focotocantinense.com.br\/wp-content\/uploads\/2025\/08\/ddd-300x190.jpeg 300w\" sizes=\"auto, (max-width: 768px) 100vw, 768px\" \/><\/figure>\n\n\n\n<p><\/p>\n\n\n\n<p><strong><em>Momento de reflex\u00e3o espiritual<\/em><\/strong><\/p>\n\n\n\n<p>A abertura da solenidade foi conduzida com um devocional dirigido pelo Pastor Herik Assis, que trouxe um momento de louvor e uma palavra de reflex\u00e3o. A iniciativa conferiu um clima de acolhimento e inspira\u00e7\u00e3o \u00e0 cerim\u00f4nia, refor\u00e7ando os valores de f\u00e9 e uni\u00e3o presentes na comunidade formosense.<\/p>\n\n\n\n<p>\u201cQueremos convidar voc\u00ea, cidad\u00e3o formosense, a participar ativamente das discuss\u00f5es sobre os rumos da nossa cidade. Vamos trabalhar para que Formoso do Araguaia seja a melhor cidade do sul do Tocantins. Estamos aqui para servir voc\u00eas\u201d, afirmou Paulo S\u00e9rgio.<\/p>\n\n\n\n<p><strong><em>Expectativas e prioridades para o novo semestre<\/em><\/strong><\/p>\n\n\n\n<p>Segundo o presidente, o segundo semestre j\u00e1 inicia com diversos projetos em pauta, com foco em \u00e1reas estrat\u00e9gicas como sa\u00fade, educa\u00e7\u00e3o, infraestrutura e seguran\u00e7a p\u00fablica. A C\u00e2mara se compromete a manter um ambiente democr\u00e1tico e participativo, incentivando os cidad\u00e3os a acompanhar as sess\u00f5es e contribuir com sugest\u00f5es.<\/p>\n\n\n\n<figure class=\"wp-block-image size-full is-resized\"><img loading=\"lazy\" decoding=\"async\" width=\"768\" height=\"456\" src=\"https:\/\/focotocantinense.com.br\/wp-content\/uploads\/2025\/08\/fffff.jpeg\" alt=\"\" class=\"wp-image-10875\" style=\"width:840px;height:auto\" srcset=\"https:\/\/focotocantinense.com.br\/wp-content\/uploads\/2025\/08\/fffff.jpeg 768w, https:\/\/focotocantinense.com.br\/wp-content\/uploads\/2025\/08\/fffff-300x178.jpeg 300w\" sizes=\"auto, (max-width: 768px) 100vw, 768px\" \/><\/figure>\n\n\n\n<p><\/p>\n\n\n\n<p><strong><em>Confraterniza\u00e7\u00e3o e acolhimento no retorno<\/em><\/strong><\/p>\n\n\n\n<p>Encerrando a solenidade de forma acolhedora e descontra\u00edda, foi oferecido um coffee break especial a todos os presentes. O momento de confraterniza\u00e7\u00e3o simbolizou o recome\u00e7o dos trabalhos com esp\u00edrito colaborativo, refor\u00e7ando os la\u00e7os entre os parlamentares, servidores p\u00fablicos e comunidade.<\/p>\n\n\n\n<p>Paulo S\u00e9rgio tamb\u00e9m refor\u00e7ou que a Casa de Leis continuar\u00e1 sendo um espa\u00e7o aberto ao di\u00e1logo e \u00e0s decis\u00f5es que impactam diretamente a coletividade, com o objetivo de promover o desenvolvimento sustent\u00e1vel do munic\u00edpio.<\/p>\n\n\n\n<figure class=\"wp-block-image size-large is-resized\"><img loading=\"lazy\" decoding=\"async\" width=\"576\" height=\"1024\" src=\"https:\/\/focotocantinense.com.br\/wp-content\/uploads\/2025\/08\/eeee-576x1024.jpeg\" alt=\"\" class=\"wp-image-10871\" style=\"width:840px;height:auto\" srcset=\"https:\/\/focotocantinense.com.br\/wp-content\/uploads\/2025\/08\/eeee-576x1024.jpeg 576w, https:\/\/focotocantinense.com.br\/wp-content\/uploads\/2025\/08\/eeee-169x300.jpeg 169w, https:\/\/focotocantinense.com.br\/wp-content\/uploads\/2025\/08\/eeee.jpeg 720w\" sizes=\"auto, (max-width: 576px) 100vw, 576px\" \/><\/figure>\n\n\n\n<p><\/p>\n\n\n\n<p><\/p>\n\n\n\n<figure class=\"wp-block-image size-full is-resized\"><img loading=\"lazy\" decoding=\"async\" width=\"727\" height=\"184\" src=\"https:\/\/focotocantinense.com.br\/wp-content\/uploads\/2025\/08\/SHOW-DE-HUMOR-DE-VINICIUS-MARTINS-1.jpeg\" alt=\"\" class=\"wp-image-10874\" style=\"width:840px;height:auto\" srcset=\"https:\/\/focotocantinense.com.br\/wp-content\/uploads\/2025\/08\/SHOW-DE-HUMOR-DE-VINICIUS-MARTINS-1.jpeg 727w, https:\/\/focotocantinense.com.br\/wp-content\/uploads\/2025\/08\/SHOW-DE-HUMOR-DE-VINICIUS-MARTINS-1-300x76.jpeg 300w\" sizes=\"auto, (max-width: 727px) 100vw, 727px\" \/><\/figure>\n","protected":false},"excerpt":{"rendered":"<p>Por Jonas Amaral A C\u00e2mara Municipal de Formoso do Araguaia deu in\u00edcio, nesta segunda-feira, 4 de agosto, aos trabalhos legislativos do segundo semestre, em uma solenidade marcada por espiritualidade, presen\u00e7a de autoridades e di\u00e1logo com a comunidade. A sess\u00e3o solene foi realizada no Plen\u00e1rio Meroveu Alves Parri\u00e3o e contou com a presen\u00e7a de vereadores, lideran\u00e7as &hellip;<\/p>\n","protected":false},"author":5,"featured_media":10866,"comment_status":"open","ping_status":"open","sticky":false,"template":"","format":"standard","meta":{"footnotes":""},"categories":[51],"tags":[],"class_list":["post-10865","post","type-post","status-publish","format-standard","has-post-thumbnail","","category-formoso-do-araguaia"],"_links":{"self":[{"href":"https:\/\/focotocantinense.com.br\/index.php?rest_route=\/wp\/v2\/posts\/10865","targetHints":{"allow":["GET"]}}],"collection":[{"href":"https:\/\/focotocantinense.com.br\/index.php?rest_route=\/wp\/v2\/posts"}],"about":[{"href":"https:\/\/focotocantinense.com.br\/index.php?rest_route=\/wp\/v2\/types\/post"}],"author":[{"embeddable":true,"href":"https:\/\/focotocantinense.com.br\/index.php?rest_route=\/wp\/v2\/users\/5"}],"replies":[{"embeddable":true,"href":"https:\/\/focotocantinense.com.br\/index.php?rest_route=%2Fwp%2Fv2%2Fcomments&post=10865"}],"version-history":[{"count":6,"href":"https:\/\/focotocantinense.com.br\/index.php?rest_route=\/wp\/v2\/posts\/10865\/revisions"}],"predecessor-version":[{"id":10880,"href":"https:\/\/focotocantinense.com.br\/index.php?rest_route=\/wp\/v2\/posts\/10865\/revisions\/10880"}],"wp:featuredmedia":[{"embeddable":true,"href":"https:\/\/focotocantinense.com.br\/index.php?rest_route=\/wp\/v2\/media\/10866"}],"wp:attachment":[{"href":"https:\/\/focotocantinense.com.br\/index.php?rest_route=%2Fwp%2Fv2%2Fmedia&parent=10865"}],"wp:term":[{"taxonomy":"category","embeddable":true,"href":"https:\/\/focotocantinense.com.br\/index.php?rest_route=%2Fwp%2Fv2%2Fcategories&post=10865"},{"taxonomy":"post_tag","embeddable":true,"href":"https:\/\/focotocantinense.com.br\/index.php?rest_route=%2Fwp%2Fv2%2Ftags&post=10865"}],"curies":[{"name":"wp","href":"https:\/\/api.w.org\/{rel}","templated":true}]}}