{"id":10860,"date":"2025-08-06T17:38:21","date_gmt":"2025-08-06T20:38:21","guid":{"rendered":"https:\/\/focotocantinense.com.br\/?p=10860"},"modified":"2025-08-06T17:39:50","modified_gmt":"2025-08-06T20:39:50","slug":"vanderlei-luxemburgo-contrata-jornalista-marco-poggio-para-integrar-time-de-jornalismo-da-record","status":"publish","type":"post","link":"https:\/\/focotocantinense.com.br\/?p=10860","title":{"rendered":"Vanderlei Luxemburgo contrata jornalista Marco Poggio para integrar time de jornalismo da Record"},"content":{"rendered":"\n<figure class=\"wp-block-image size-large is-resized\"><img loading=\"lazy\" decoding=\"async\" width=\"819\" height=\"1024\" src=\"https:\/\/focotocantinense.com.br\/wp-content\/uploads\/2025\/08\/AAA-819x1024.jpeg\" alt=\"\" class=\"wp-image-10861\" style=\"width:394px;height:auto\" srcset=\"https:\/\/focotocantinense.com.br\/wp-content\/uploads\/2025\/08\/AAA-819x1024.jpeg 819w, https:\/\/focotocantinense.com.br\/wp-content\/uploads\/2025\/08\/AAA-240x300.jpeg 240w, https:\/\/focotocantinense.com.br\/wp-content\/uploads\/2025\/08\/AAA-768x960.jpeg 768w, https:\/\/focotocantinense.com.br\/wp-content\/uploads\/2025\/08\/AAA.jpeg 1080w\" sizes=\"auto, (max-width: 819px) 100vw, 819px\" \/><\/figure>\n\n\n\n<p><em><strong>A TV Jovem Record no Tocantins segue em crescimento e anuncia mais uma grande contrata\u00e7\u00e3o para refor\u00e7ar sua equipe<\/strong><\/em><\/p>\n\n\n\n<p>A Record TV no Tocantins consolida seu momento de expans\u00e3o com a chegada do experiente jornalista e apresentador Marco Ant\u00f4nio Poggio, o Marc\u00e3o, que integra agora o time de comunica\u00e7\u00e3o da emissora. O contrato foi assinado na \u00faltima sexta-feira (01\/08), e o comunicador vem para somar \u00e0s estrat\u00e9gias da nova programa\u00e7\u00e3o que ser\u00e1 lan\u00e7ada na segunda quinzena de agosto, refor\u00e7ando o compromisso da emissora com conte\u00fado de qualidade e jornalismo de credibilidade. &nbsp;<\/p>\n\n\n\n<p><strong>Investimentos e crescimento<\/strong><\/p>\n\n\n\n<p>Sob a gest\u00e3o do empres\u00e1rio Vanderlei Luxemburgo, a TV Jovem Record tem investido em estrutura e talentos locais, posicionando-se como uma das emissoras que mais crescem no Estado. A chegada de Marc\u00e3o refor\u00e7a esse movimento e promete elevar ainda mais o padr\u00e3o do jornalismo regional. &nbsp;<\/p>\n\n\n\n<p>A TV Jovem faz parte da Rede Record, uma das maiores emissoras do pa\u00eds, comprometida com informa\u00e7\u00e3o, entretenimento e conte\u00fado de qualidade para toda a fam\u00edlia.<\/p>\n\n\n\n<p><strong>De volta \u00e0s origens<\/strong><\/p>\n\n\n\n<p>Marc\u00e3o retorna \u00e0 casa onde come\u00e7ou sua trajet\u00f3ria na televis\u00e3o, ainda no in\u00edcio dos anos 2000, quando ficou conhecido como &#8216;Tio Marc\u00e3o&#8217;, comandando os primeiros sete (7) anos do Balan\u00e7o Geral TO, consolidando-se como uma das vozes mais respeitadas do Tocantins. Sua volta \u00e0 Record simboliza n\u00e3o apenas uma nova fase profissional, mas tamb\u00e9m um reencontro com sua hist\u00f3ria. &nbsp;<\/p>\n\n\n\n<p>Al\u00e9m de sua atua\u00e7\u00e3o na TV, Marc\u00e3o tamb\u00e9m \u00e9 conhecido por comandar o programa de r\u00e1dio &#8216;Opini\u00e3o e Debate&#8217;, transmitido diariamente pela Jovem Palmas FM, onde debate temas relevantes para a sociedade tocantinense. Sua versatilidade e experi\u00eancia em diferentes m\u00eddias refor\u00e7am sua capacidade de conectar-se&nbsp;com&nbsp;o&nbsp;p\u00fablico.<\/p>\n\n\n\n<figure class=\"wp-block-image size-full is-resized\"><img loading=\"lazy\" decoding=\"async\" width=\"727\" height=\"184\" src=\"https:\/\/focotocantinense.com.br\/wp-content\/uploads\/2025\/08\/SHOW-DE-HUMOR-DE-VINICIUS-MARTINS.jpeg\" alt=\"\" class=\"wp-image-10851\" style=\"width:840px;height:auto\" srcset=\"https:\/\/focotocantinense.com.br\/wp-content\/uploads\/2025\/08\/SHOW-DE-HUMOR-DE-VINICIUS-MARTINS.jpeg 727w, https:\/\/focotocantinense.com.br\/wp-content\/uploads\/2025\/08\/SHOW-DE-HUMOR-DE-VINICIUS-MARTINS-300x76.jpeg 300w\" sizes=\"auto, (max-width: 727px) 100vw, 727px\" \/><\/figure>\n","protected":false},"excerpt":{"rendered":"<p>A TV Jovem Record no Tocantins segue em crescimento e anuncia mais uma grande contrata\u00e7\u00e3o para refor\u00e7ar sua equipe A Record TV no Tocantins consolida seu momento de expans\u00e3o com a chegada do experiente jornalista e apresentador Marco Ant\u00f4nio Poggio, o Marc\u00e3o, que integra agora o time de comunica\u00e7\u00e3o da emissora. O contrato foi assinado &hellip;<\/p>\n","protected":false},"author":5,"featured_media":10861,"comment_status":"open","ping_status":"open","sticky":false,"template":"","format":"standard","meta":{"footnotes":""},"categories":[1],"tags":[],"class_list":["post-10860","post","type-post","status-publish","format-standard","has-post-thumbnail","","category-sem-categoria"],"_links":{"self":[{"href":"https:\/\/focotocantinense.com.br\/index.php?rest_route=\/wp\/v2\/posts\/10860","targetHints":{"allow":["GET"]}}],"collection":[{"href":"https:\/\/focotocantinense.com.br\/index.php?rest_route=\/wp\/v2\/posts"}],"about":[{"href":"https:\/\/focotocantinense.com.br\/index.php?rest_route=\/wp\/v2\/types\/post"}],"author":[{"embeddable":true,"href":"https:\/\/focotocantinense.com.br\/index.php?rest_route=\/wp\/v2\/users\/5"}],"replies":[{"embeddable":true,"href":"https:\/\/focotocantinense.com.br\/index.php?rest_route=%2Fwp%2Fv2%2Fcomments&post=10860"}],"version-history":[{"count":3,"href":"https:\/\/focotocantinense.com.br\/index.php?rest_route=\/wp\/v2\/posts\/10860\/revisions"}],"predecessor-version":[{"id":10864,"href":"https:\/\/focotocantinense.com.br\/index.php?rest_route=\/wp\/v2\/posts\/10860\/revisions\/10864"}],"wp:featuredmedia":[{"embeddable":true,"href":"https:\/\/focotocantinense.com.br\/index.php?rest_route=\/wp\/v2\/media\/10861"}],"wp:attachment":[{"href":"https:\/\/focotocantinense.com.br\/index.php?rest_route=%2Fwp%2Fv2%2Fmedia&parent=10860"}],"wp:term":[{"taxonomy":"category","embeddable":true,"href":"https:\/\/focotocantinense.com.br\/index.php?rest_route=%2Fwp%2Fv2%2Fcategories&post=10860"},{"taxonomy":"post_tag","embeddable":true,"href":"https:\/\/focotocantinense.com.br\/index.php?rest_route=%2Fwp%2Fv2%2Ftags&post=10860"}],"curies":[{"name":"wp","href":"https:\/\/api.w.org\/{rel}","templated":true}]}}