{"id":1086,"date":"2021-04-08T19:07:34","date_gmt":"2021-04-08T22:07:34","guid":{"rendered":"http:\/\/focotocantinense.com.br\/?p=1086"},"modified":"2021-04-08T19:09:16","modified_gmt":"2021-04-08T22:09:16","slug":"secretaria-de-educacao-de-tocantinia-promove-a-distribuicao-de-cadernos-para-atividades-remotas-nesta-sexta-feira-9","status":"publish","type":"post","link":"https:\/\/focotocantinense.com.br\/?p=1086","title":{"rendered":"Secretaria de Educa\u00e7\u00e3o de Tocant\u00ednia promove a distribui\u00e7\u00e3o de cadernos para atividades remotas nesta sexta-feira, 9"},"content":{"rendered":"\n<p>Nesta sexta-feira, dia 9, a Prefeitura de Tocant\u00ednia, por meio da Secretaria Municipal de Educa\u00e7\u00e3o (SEMED) realiza a entrega do 5\u00b0 bloco do Caderno das Atividades que os alunos&nbsp; do Sistema Municipal de Educa\u00e7\u00e3o v\u00e3o desenvolver de forma remota. A entrega acontece no hor\u00e1rio das 8 \u00e0s 14 horas.<\/p>\n\n\n\n<p>Ao fazer um balan\u00e7o das atividades remotas desenvolvidas pelos&nbsp; alunos de Tocant\u00ednia, durante esse per\u00edodo de pandemia, &nbsp;o&nbsp; secret\u00e1rio municipal Educa\u00e7\u00e3o, Andr\u00e9 Goveia, informou que com &nbsp;todos os desafios impostos pela pandemia, &nbsp;a Secretaria Municipal de Educa\u00e7\u00e3o tem conseguido avan\u00e7ar no cumprimento do ano letivo por meio da realiza\u00e7\u00e3o das aulas remotas utilizando-se de todos os meios, &nbsp;tais como a plataforma e o caderno de atividades.<\/p>\n\n\n\n<p>O secret\u00e1rio informou ainda, a constata\u00e7\u00e3o de que desta forma, neste novo modelo de Educa\u00e7\u00e3o, os alunos est\u00e3o se adaptando cada vez mais, &nbsp;fazendo com que haja aprendizagem satisfat\u00f3ria e o curr\u00edculo n\u00e3o fique comprometido.<\/p>\n\n\n\n<p>\u201cAs &nbsp;lacunas porventura deixadas por este novo formato de ensino est\u00e3o sendo diagnosticadas a cada bloco para que possam ser sanadas por meio de interven\u00e7\u00e3o pedag\u00f3gica, &nbsp;implicando no redirecionamento das atividades propostas ou em poss\u00edveis a\u00e7\u00f5es reparadoras quando do retorno as aulas presenciais\u201d, Explicou Andr\u00e9 Goveia.<\/p>\n\n\n\n<p><strong>Nova realidade<\/strong><\/p>\n\n\n\n<p>Para encarar essa nova realidade, a Secretaria Municipal de Educa\u00e7\u00e3o de Tocant\u00ednia teve que preparar&nbsp; os professores de forma adequada.&nbsp; Os professores&nbsp;da Rede Municipal de Educa\u00e7\u00e3o&nbsp; passaram por um processo de forma\u00e7\u00e3o continuada que os habilitaram para o manuseio de uma&nbsp; plataforma e um tutorial que foi disponibilizado aos pais e alunos para orient\u00e1-los a usarem a ferramenta.&nbsp;<\/p>\n\n\n\n<p>\u201cCom essa plataforma virtual os alunos da rede municipal passaram a contar com mais recursos para o desenvolvimento das atividades educacionais \u00e0 dist\u00e2ncia\u201d, explicou o secret\u00e1rio,&nbsp; ressaltando que essa modalidade de ensino continuar\u00e1 funcionando durante todo o per\u00edodo de suspens\u00e3o das aulas presenciais.&nbsp; Por meio da plataforma s\u00e3o postados v\u00eddeo-aulas, exerc\u00edcios e atividades interativas para o desenvolvimento dos conte\u00fados escolares.&nbsp;<strong>(Leontina Martins)<\/strong><\/p>\n\n\n\n<figure class=\"wp-block-image\"><img decoding=\"async\" src=\"http:\/\/n1to.com.br\/img\/uploads\/constantino.jpg\" alt=\"\"\/><\/figure>\n\n\n\n<figure class=\"wp-block-image is-style-default\"><img decoding=\"async\" src=\"http:\/\/n1to.com.br\/img\/uploads\/171280510_3344932748941539_9004621879465130757_n.jpg\" alt=\"\"\/><\/figure>\n","protected":false},"excerpt":{"rendered":"<p>Nesta sexta-feira, dia 9, a Prefeitura de Tocant\u00ednia, por meio da Secretaria Municipal de Educa\u00e7\u00e3o (SEMED) realiza a entrega do 5\u00b0 bloco do Caderno das Atividades que os alunos&nbsp; do Sistema Municipal de Educa\u00e7\u00e3o v\u00e3o desenvolver de forma remota. A entrega acontece no hor\u00e1rio das 8 \u00e0s 14 horas. Ao fazer um balan\u00e7o das atividades &hellip;<\/p>\n","protected":false},"author":5,"featured_media":1088,"comment_status":"open","ping_status":"open","sticky":false,"template":"","format":"standard","meta":{"footnotes":""},"categories":[1,78],"tags":[],"class_list":["post-1086","post","type-post","status-publish","format-standard","has-post-thumbnail","","category-sem-categoria","category-tocantinia"],"_links":{"self":[{"href":"https:\/\/focotocantinense.com.br\/index.php?rest_route=\/wp\/v2\/posts\/1086","targetHints":{"allow":["GET"]}}],"collection":[{"href":"https:\/\/focotocantinense.com.br\/index.php?rest_route=\/wp\/v2\/posts"}],"about":[{"href":"https:\/\/focotocantinense.com.br\/index.php?rest_route=\/wp\/v2\/types\/post"}],"author":[{"embeddable":true,"href":"https:\/\/focotocantinense.com.br\/index.php?rest_route=\/wp\/v2\/users\/5"}],"replies":[{"embeddable":true,"href":"https:\/\/focotocantinense.com.br\/index.php?rest_route=%2Fwp%2Fv2%2Fcomments&post=1086"}],"version-history":[{"count":2,"href":"https:\/\/focotocantinense.com.br\/index.php?rest_route=\/wp\/v2\/posts\/1086\/revisions"}],"predecessor-version":[{"id":1090,"href":"https:\/\/focotocantinense.com.br\/index.php?rest_route=\/wp\/v2\/posts\/1086\/revisions\/1090"}],"wp:featuredmedia":[{"embeddable":true,"href":"https:\/\/focotocantinense.com.br\/index.php?rest_route=\/wp\/v2\/media\/1088"}],"wp:attachment":[{"href":"https:\/\/focotocantinense.com.br\/index.php?rest_route=%2Fwp%2Fv2%2Fmedia&parent=1086"}],"wp:term":[{"taxonomy":"category","embeddable":true,"href":"https:\/\/focotocantinense.com.br\/index.php?rest_route=%2Fwp%2Fv2%2Fcategories&post=1086"},{"taxonomy":"post_tag","embeddable":true,"href":"https:\/\/focotocantinense.com.br\/index.php?rest_route=%2Fwp%2Fv2%2Ftags&post=1086"}],"curies":[{"name":"wp","href":"https:\/\/api.w.org\/{rel}","templated":true}]}}