{"id":10853,"date":"2025-08-05T15:59:26","date_gmt":"2025-08-05T18:59:26","guid":{"rendered":"https:\/\/focotocantinense.com.br\/?p=10853"},"modified":"2025-08-05T16:01:40","modified_gmt":"2025-08-05T19:01:40","slug":"casa-de-apoio-do-governo-do-tocantins-realiza-mais-mais-de-9-mil-atendimentos-de-janeiro-a-junho-de-2025","status":"publish","type":"post","link":"https:\/\/focotocantinense.com.br\/?p=10853","title":{"rendered":"Casa de Apoio do Governo do Tocantins realiza mais mais de 9 mil atendimentos de janeiro a junho de 2025"},"content":{"rendered":"\n<p>Institui\u00e7\u00e3o atende pessoas de diversos munic\u00edpios do Tocantins e de outros estados, que est\u00e3o em tratamento de sa\u00fade nos hospitais p\u00fablicos estaduais de Palmas<\/p>\n\n\n\n<p><strong>Eliane Ten\u00f3rio\/Governo do Tocantins<\/strong><\/p>\n\n\n\n<p>O Governo do Tocantins, por meio da Secretaria de Estado do Trabalho e Desenvolvimento Social (Setas), administra a Casa de Apoio Vera L\u00facia Pagani, que fica localizada em Palmas.&nbsp;A institui\u00e7\u00e3o atende pessoas vindas de diversos munic\u00edpios do Tocantins e de outros estados, que est\u00e3o em tratamento de sa\u00fade nos hospitais p\u00fablicos estaduais&nbsp;de Palmas. No primeiro semestre de 2025, a Casa de Apoio realizou 9.090 atendimentos aos usu\u00e1rios.<\/p>\n\n\n\n<figure class=\"wp-block-image size-large is-resized\"><img loading=\"lazy\" decoding=\"async\" width=\"1024\" height=\"682\" src=\"https:\/\/focotocantinense.com.br\/wp-content\/uploads\/2025\/08\/foto-5-Equipe-responsavel-pela-Casa-de-Apoio-administrada-pelo-Governo-do-Tocantins-credito-_-Carlessandro-Souza-Governo-do-Tocantins-1024x682.jpg\" alt=\"\" class=\"wp-image-10857\" style=\"width:371px;height:auto\" srcset=\"https:\/\/focotocantinense.com.br\/wp-content\/uploads\/2025\/08\/foto-5-Equipe-responsavel-pela-Casa-de-Apoio-administrada-pelo-Governo-do-Tocantins-credito-_-Carlessandro-Souza-Governo-do-Tocantins-1024x682.jpg 1024w, https:\/\/focotocantinense.com.br\/wp-content\/uploads\/2025\/08\/foto-5-Equipe-responsavel-pela-Casa-de-Apoio-administrada-pelo-Governo-do-Tocantins-credito-_-Carlessandro-Souza-Governo-do-Tocantins-300x200.jpg 300w, https:\/\/focotocantinense.com.br\/wp-content\/uploads\/2025\/08\/foto-5-Equipe-responsavel-pela-Casa-de-Apoio-administrada-pelo-Governo-do-Tocantins-credito-_-Carlessandro-Souza-Governo-do-Tocantins-768x512.jpg 768w, https:\/\/focotocantinense.com.br\/wp-content\/uploads\/2025\/08\/foto-5-Equipe-responsavel-pela-Casa-de-Apoio-administrada-pelo-Governo-do-Tocantins-credito-_-Carlessandro-Souza-Governo-do-Tocantins-1536x1024.jpg 1536w, https:\/\/focotocantinense.com.br\/wp-content\/uploads\/2025\/08\/foto-5-Equipe-responsavel-pela-Casa-de-Apoio-administrada-pelo-Governo-do-Tocantins-credito-_-Carlessandro-Souza-Governo-do-Tocantins-2048x1365.jpg 2048w, https:\/\/focotocantinense.com.br\/wp-content\/uploads\/2025\/08\/foto-5-Equipe-responsavel-pela-Casa-de-Apoio-administrada-pelo-Governo-do-Tocantins-credito-_-Carlessandro-Souza-Governo-do-Tocantins-310x205.jpg 310w\" sizes=\"auto, (max-width: 1024px) 100vw, 1024px\" \/><\/figure>\n\n\n\n<p>A Casa de Apoio do Governo do Tocantins foi inaugurada em abril de 2006. Desde sua implanta\u00e7\u00e3o j\u00e1 s\u00e3o mais de 370 mil atendimentos. De janeiro a junho foram atendidas mais de 2 mil pessoas e fornecidas cerca de 15 mil refei\u00e7\u00f5es aos h\u00f3spedes da Casa. A a\u00e7\u00e3o integra um conjunto de pol\u00edticas sociais fortalecidas pelo governador Wanderlei Barbosa e pela primeira-dama Karynne Sotero, que t\u00eam trabalhado para ampliar a rede de apoio \u00e0s pessoas em situa\u00e7\u00e3o de vulnerabilidade em todo o Tocantins.<\/p>\n\n\n\n<p>Os h\u00f3spedes s\u00e3o selecionados e encaminhados pelas assistentes sociais dos hospitais de Palmas.&nbsp; Geovane da Silva Miranda \u00e9 do munic\u00edpio de Maracan\u00e3, no Par\u00e1 e est\u00e1 hospedado na Casa para acompanhar a recupera\u00e7\u00e3o do irm\u00e3o, Renan Augusto da Silva Miranda, que foi uma das v\u00edtimas no acidente com estudantes da Universidade Federal do Par\u00e1 e que partiram de Bel\u00e9m para participar do Congresso da UNE, em Goi\u00e2nia, e foi socorrido para o hospital geral de Palmas. \u201cEstou na Casa de Apoio h\u00e1 14 dias e \u00e9 gigante a import\u00e2ncia desse lugar. N\u00e3o conhe\u00e7o, no pa\u00eds, nenhuma institui\u00e7\u00e3o, mantida pelo poder p\u00fablico, com a qualidade que oferece a Casa de Apoio do Governo do Tocantins. Aqui me senti num ambiente familiar, todos s\u00e3o tratados igualmente.&nbsp; Na Casa senti a solidariedade que todos expressam com a dor que o outro est\u00e1 passando, aqui temos informa\u00e7\u00f5es e apoio dos funcion\u00e1rios e h\u00f3spedes o tempo todo &#8220;. destacou.<\/p>\n\n\n\n<p><a>A&nbsp;<\/a><a>paciente Maria Aid\u00ea Alves Carvalho, de Reden\u00e7\u00e3o, no Par\u00e1, faz tratamento oncol\u00f3gico h\u00e1 mais de sete anos<\/a>. Nesta semana est\u00e1 em Palmas para dar continuidade \u00e0s sess\u00f5es de radioterapia. \u201cA Casa de Apoio \u00e9 de extrema import\u00e2ncia para n\u00f3s. Os funcion\u00e1rios sempre nos recebem muito bem e estou feliz por poder ficar aqui\u201d.<\/p>\n\n\n\n<figure class=\"wp-block-image size-large\"><img loading=\"lazy\" decoding=\"async\" width=\"1024\" height=\"682\" src=\"https:\/\/focotocantinense.com.br\/wp-content\/uploads\/2025\/08\/foto-3-Paciente-Maria-Aide-Alves-Carvalho-de-Redencao-no-Para-faz-tratamento-oncologico-em-Palmas-e-esta-hospedada-na-Casa-de-Apoio-credito-Carlessandro-Souza-Governo-do-Tocantins-1024x682.jpg\" alt=\"\" class=\"wp-image-10855\" srcset=\"https:\/\/focotocantinense.com.br\/wp-content\/uploads\/2025\/08\/foto-3-Paciente-Maria-Aide-Alves-Carvalho-de-Redencao-no-Para-faz-tratamento-oncologico-em-Palmas-e-esta-hospedada-na-Casa-de-Apoio-credito-Carlessandro-Souza-Governo-do-Tocantins-1024x682.jpg 1024w, https:\/\/focotocantinense.com.br\/wp-content\/uploads\/2025\/08\/foto-3-Paciente-Maria-Aide-Alves-Carvalho-de-Redencao-no-Para-faz-tratamento-oncologico-em-Palmas-e-esta-hospedada-na-Casa-de-Apoio-credito-Carlessandro-Souza-Governo-do-Tocantins-300x200.jpg 300w, https:\/\/focotocantinense.com.br\/wp-content\/uploads\/2025\/08\/foto-3-Paciente-Maria-Aide-Alves-Carvalho-de-Redencao-no-Para-faz-tratamento-oncologico-em-Palmas-e-esta-hospedada-na-Casa-de-Apoio-credito-Carlessandro-Souza-Governo-do-Tocantins-768x512.jpg 768w, https:\/\/focotocantinense.com.br\/wp-content\/uploads\/2025\/08\/foto-3-Paciente-Maria-Aide-Alves-Carvalho-de-Redencao-no-Para-faz-tratamento-oncologico-em-Palmas-e-esta-hospedada-na-Casa-de-Apoio-credito-Carlessandro-Souza-Governo-do-Tocantins-1536x1024.jpg 1536w, https:\/\/focotocantinense.com.br\/wp-content\/uploads\/2025\/08\/foto-3-Paciente-Maria-Aide-Alves-Carvalho-de-Redencao-no-Para-faz-tratamento-oncologico-em-Palmas-e-esta-hospedada-na-Casa-de-Apoio-credito-Carlessandro-Souza-Governo-do-Tocantins-2048x1365.jpg 2048w, https:\/\/focotocantinense.com.br\/wp-content\/uploads\/2025\/08\/foto-3-Paciente-Maria-Aide-Alves-Carvalho-de-Redencao-no-Para-faz-tratamento-oncologico-em-Palmas-e-esta-hospedada-na-Casa-de-Apoio-credito-Carlessandro-Souza-Governo-do-Tocantins-310x205.jpg 310w\" sizes=\"auto, (max-width: 1024px) 100vw, 1024px\" \/><\/figure>\n\n\n\n<p>O casal Josias da Concei\u00e7\u00e3o e Luzirene Rodrigues da Costa mora em Pedro Afonso, munic\u00edpio a cerca de 180 km da capital. \u201cDesde o in\u00edcio de janeiro, meu tempo tem sido todo para cuidar dela pois est\u00e1 em tratamento oncol\u00f3gico em Palmas e ficamos hospedados na Casa de Apoio do Governo do Tocantins. \u00c9 de grande import\u00e2ncia para n\u00f3s, n\u00e3o fosse esse apoio n\u00e3o sei como estaria o tratamento\u201d, confessou.<\/p>\n\n\n\n<p>A titular da Setas, Cleizenir Divina,&nbsp;destaca o trabalho realizado na Casa de Apoio administrada pelo Governo do Tocantins. \u201cA institui\u00e7\u00e3o \u00e9 de grande import\u00e2ncia por ir al\u00e9m de ofertar hospedagem, mas principalmente cuidar das pessoas acolhendo-as quando mais precisam. O trabalho da equipe da Casa de Apoio Vera L\u00facia \u00e9 realizado com muita dedica\u00e7\u00e3o, passando seguran\u00e7a e tranquilidade para os h\u00f3spedes e resultando no apoio de parceiros e volunt\u00e1rios para a institui\u00e7\u00e3o\u201d, ressalta.<\/p>\n\n\n\n<figure class=\"wp-block-image size-large\"><img loading=\"lazy\" decoding=\"async\" width=\"1024\" height=\"682\" src=\"https:\/\/focotocantinense.com.br\/wp-content\/uploads\/2025\/08\/Foto-4-Josias-da-Conceicao-de-Pedro-Afonso-acompanha-a-esposa-Luzirene-Rodrigues-da-Costa-que-esta-em-tratamento-oncologico-na-capital-credito-Carlessandro-Souza-Governo-do-Tocantins-1024x682.jpg\" alt=\"\" class=\"wp-image-10856\" srcset=\"https:\/\/focotocantinense.com.br\/wp-content\/uploads\/2025\/08\/Foto-4-Josias-da-Conceicao-de-Pedro-Afonso-acompanha-a-esposa-Luzirene-Rodrigues-da-Costa-que-esta-em-tratamento-oncologico-na-capital-credito-Carlessandro-Souza-Governo-do-Tocantins-1024x682.jpg 1024w, https:\/\/focotocantinense.com.br\/wp-content\/uploads\/2025\/08\/Foto-4-Josias-da-Conceicao-de-Pedro-Afonso-acompanha-a-esposa-Luzirene-Rodrigues-da-Costa-que-esta-em-tratamento-oncologico-na-capital-credito-Carlessandro-Souza-Governo-do-Tocantins-300x200.jpg 300w, https:\/\/focotocantinense.com.br\/wp-content\/uploads\/2025\/08\/Foto-4-Josias-da-Conceicao-de-Pedro-Afonso-acompanha-a-esposa-Luzirene-Rodrigues-da-Costa-que-esta-em-tratamento-oncologico-na-capital-credito-Carlessandro-Souza-Governo-do-Tocantins-768x512.jpg 768w, https:\/\/focotocantinense.com.br\/wp-content\/uploads\/2025\/08\/Foto-4-Josias-da-Conceicao-de-Pedro-Afonso-acompanha-a-esposa-Luzirene-Rodrigues-da-Costa-que-esta-em-tratamento-oncologico-na-capital-credito-Carlessandro-Souza-Governo-do-Tocantins-1536x1024.jpg 1536w, https:\/\/focotocantinense.com.br\/wp-content\/uploads\/2025\/08\/Foto-4-Josias-da-Conceicao-de-Pedro-Afonso-acompanha-a-esposa-Luzirene-Rodrigues-da-Costa-que-esta-em-tratamento-oncologico-na-capital-credito-Carlessandro-Souza-Governo-do-Tocantins-2048x1365.jpg 2048w, https:\/\/focotocantinense.com.br\/wp-content\/uploads\/2025\/08\/Foto-4-Josias-da-Conceicao-de-Pedro-Afonso-acompanha-a-esposa-Luzirene-Rodrigues-da-Costa-que-esta-em-tratamento-oncologico-na-capital-credito-Carlessandro-Souza-Governo-do-Tocantins-310x205.jpg 310w\" sizes=\"auto, (max-width: 1024px) 100vw, 1024px\" \/><\/figure>\n\n\n\n<p>A respons\u00e1vel pela Casa de Apoio, Joaquina Sousa Carneiro, afirmou sobre a import\u00e2ncia do apoio volunt\u00e1rio da sociedade civil para a Casa. \u201cAl\u00e9m do custeio cont\u00ednuo do Governo do Tocantins, que oferece gratuitamente as principais refei\u00e7\u00f5es e atendimento humanizado, a institui\u00e7\u00e3o tamb\u00e9m \u00e9 fortalecida com doa\u00e7\u00f5es de parceiros e volunt\u00e1rios, que contribuem com itens de limpeza e material de higiene pessoal, como escova e creme dental, sabonete, absorvente e papel higi\u00eanico, entre outros. Outra forma de contribui\u00e7\u00e3o dos volunt\u00e1rios \u00e9 com presta\u00e7\u00e3o de servi\u00e7o, fisioterapia, palestras, atividades de entretenimento, cursos de artesanato e apoio religioso e espiritual, entre outros\u201d.<\/p>\n\n\n\n<p><strong>Doa\u00e7\u00f5es<\/strong><\/p>\n\n\n\n<p>A Casa de Apoio recebe doa\u00e7\u00f5es e a\u00e7\u00f5es volunt\u00e1rias de amparo emocional e espiritual para seus h\u00f3spedes. Algumas das necessidades constantes dos usu\u00e1rios s\u00e3o roupas, cal\u00e7ados fechados (exig\u00eancia dos hospitais) e itens de higiene pessoal. Os interessados em conhecer a Casa e se tornarem parceiros podem entrar em contato pelo telefone (63) 3218-2465.<\/p>\n\n\n\n<p><strong>Casa de Apoio<\/strong><\/p>\n\n\n\n<p>O objetivo \u00e9 oferecer conforto e condi\u00e7\u00f5es dignas a pacientes que moram no interior e realizam tratamento de sa\u00fade em Palmas. Os h\u00f3spedes da Casa s\u00e3o pacientes encaminhados, por assistentes sociais, dos hospitais p\u00fablicos de Palmas: Hospital Geral, Hospital Infantil e Maternidade Dona Regina. A Casa tem capacidade de atender, diariamente, mais de 120 pessoas.<\/p>\n\n\n\n<p><strong>Estrutura f\u00edsica<\/strong><\/p>\n\n\n\n<p>A estrutura f\u00edsica da Casa \u00e9 composta por&nbsp;mais de 120 leitos equipados com beliches e ar-condicionado, cozinha, brinquedoteca, sala interdisciplinar, parquinho, \u00e1rea de conviv\u00eancia social e capela.<\/p>\n\n\n\n<p><strong>Localiza\u00e7\u00e3o<\/strong><\/p>\n\n\n\n<p><a>A institui\u00e7\u00e3o est\u00e1 localizada a apenas 200 metros do Hospital Geral de Palmas (HGP), o que facilita o acesso dos pacientes aos tratamentos<\/a>.<\/p>\n","protected":false},"excerpt":{"rendered":"<p>Institui\u00e7\u00e3o atende pessoas de diversos munic\u00edpios do Tocantins e de outros estados, que est\u00e3o em tratamento de sa\u00fade nos hospitais p\u00fablicos estaduais de Palmas Eliane Ten\u00f3rio\/Governo do Tocantins O Governo do Tocantins, por meio da Secretaria de Estado do Trabalho e Desenvolvimento Social (Setas), administra a Casa de Apoio Vera L\u00facia Pagani, que fica localizada &hellip;<\/p>\n","protected":false},"author":5,"featured_media":10854,"comment_status":"open","ping_status":"open","sticky":false,"template":"","format":"standard","meta":{"footnotes":""},"categories":[1],"tags":[],"class_list":["post-10853","post","type-post","status-publish","format-standard","has-post-thumbnail","","category-sem-categoria"],"_links":{"self":[{"href":"https:\/\/focotocantinense.com.br\/index.php?rest_route=\/wp\/v2\/posts\/10853","targetHints":{"allow":["GET"]}}],"collection":[{"href":"https:\/\/focotocantinense.com.br\/index.php?rest_route=\/wp\/v2\/posts"}],"about":[{"href":"https:\/\/focotocantinense.com.br\/index.php?rest_route=\/wp\/v2\/types\/post"}],"author":[{"embeddable":true,"href":"https:\/\/focotocantinense.com.br\/index.php?rest_route=\/wp\/v2\/users\/5"}],"replies":[{"embeddable":true,"href":"https:\/\/focotocantinense.com.br\/index.php?rest_route=%2Fwp%2Fv2%2Fcomments&post=10853"}],"version-history":[{"count":2,"href":"https:\/\/focotocantinense.com.br\/index.php?rest_route=\/wp\/v2\/posts\/10853\/revisions"}],"predecessor-version":[{"id":10859,"href":"https:\/\/focotocantinense.com.br\/index.php?rest_route=\/wp\/v2\/posts\/10853\/revisions\/10859"}],"wp:featuredmedia":[{"embeddable":true,"href":"https:\/\/focotocantinense.com.br\/index.php?rest_route=\/wp\/v2\/media\/10854"}],"wp:attachment":[{"href":"https:\/\/focotocantinense.com.br\/index.php?rest_route=%2Fwp%2Fv2%2Fmedia&parent=10853"}],"wp:term":[{"taxonomy":"category","embeddable":true,"href":"https:\/\/focotocantinense.com.br\/index.php?rest_route=%2Fwp%2Fv2%2Fcategories&post=10853"},{"taxonomy":"post_tag","embeddable":true,"href":"https:\/\/focotocantinense.com.br\/index.php?rest_route=%2Fwp%2Fv2%2Ftags&post=10853"}],"curies":[{"name":"wp","href":"https:\/\/api.w.org\/{rel}","templated":true}]}}