{"id":10844,"date":"2025-08-04T11:35:37","date_gmt":"2025-08-04T14:35:37","guid":{"rendered":"https:\/\/focotocantinense.com.br\/?p=10844"},"modified":"2025-08-04T11:35:37","modified_gmt":"2025-08-04T14:35:37","slug":"prefeitura-de-gurupi-inaugura-praca-bias-araujo-reis-no-setor-joao-lisboa-da-cruz-e-moradores-festejam-novo-espaco","status":"publish","type":"post","link":"https:\/\/focotocantinense.com.br\/?p=10844","title":{"rendered":"Prefeitura de Gurupi inaugura Pra\u00e7a Bias Ara\u00fajo Reis no setor Jo\u00e3o Lisboa da Cruz e moradores festejam novo espa\u00e7o"},"content":{"rendered":"\n<p>A noite deste s\u00e1bado, 02, foi marcada por celebra\u00e7\u00e3o e alegria no setor Jo\u00e3o Lisboa da Cruz. A Prefeitura de Gurupi inaugurou a Pra\u00e7a Bias Ara\u00fajo Reis, transformando o que antes era um terreno ocioso em um novo espa\u00e7o p\u00fablico de lazer e conviv\u00eancia para a comunidade. A cerim\u00f4nia de entrega contou com a presen\u00e7a da prefeita Josi Nunes, do vice-prefeito Adailton Fonseca, autoridades pol\u00edticas, moradores e familiares do homenageado.<\/p>\n\n\n\n<figure class=\"wp-block-image size-large is-resized\"><img loading=\"lazy\" decoding=\"async\" width=\"1024\" height=\"576\" src=\"https:\/\/focotocantinense.com.br\/wp-content\/uploads\/2025\/08\/1-PRACA-1024x576.jpeg\" alt=\"\" class=\"wp-image-10849\" style=\"width:378px;height:auto\" srcset=\"https:\/\/focotocantinense.com.br\/wp-content\/uploads\/2025\/08\/1-PRACA-1024x576.jpeg 1024w, https:\/\/focotocantinense.com.br\/wp-content\/uploads\/2025\/08\/1-PRACA-300x169.jpeg 300w, https:\/\/focotocantinense.com.br\/wp-content\/uploads\/2025\/08\/1-PRACA-768x432.jpeg 768w, https:\/\/focotocantinense.com.br\/wp-content\/uploads\/2025\/08\/1-PRACA-1536x864.jpeg 1536w, https:\/\/focotocantinense.com.br\/wp-content\/uploads\/2025\/08\/1-PRACA.jpeg 1600w\" sizes=\"auto, (max-width: 1024px) 100vw, 1024px\" \/><\/figure>\n\n\n\n<p><\/p>\n\n\n\n<p>A programa\u00e7\u00e3o festiva contou com atividades culturais, esportivas e de lazer para as crian\u00e7as, promovendo a integra\u00e7\u00e3o entre os moradores e valorizando o novo espa\u00e7o. A pra\u00e7a foi constru\u00edda com estrutura moderna e funcional, incluindo academia da Melhor Idade, playground infantil, quadra de areia, cal\u00e7amento, bancos, lixeiras e ilumina\u00e7\u00e3o, oferecendo conforto, seguran\u00e7a e bem-estar para a popula\u00e7\u00e3o.<\/p>\n\n\n\n<p>Durante a solenidade, a prefeita Josi Nunes destacou que esta \u00e9 a sexta pra\u00e7a entregue somente em 2025. \u201cEstamos transformando espa\u00e7os ociosos em v\u00e1rios setores, que agora est\u00e3o sendo revestidos em pra\u00e7as com toda uma estrutura para proporcionar momentos de lazer, bem-estar, atividades f\u00edsicas e conviv\u00eancia para as fam\u00edlias desfrutarem. Estou muito feliz com o que estamos fazendo em Gurupi, estou atr\u00e1s de recursos constantemente em Bras\u00edlia justamente para investir em melhorias na nossa cidade. \u00c9 investimento em todos os cantos da nossa cidade, tudo isso fruto das parcerias que realizamos em nossa gest\u00e3o\u201d, afirmou.<\/p>\n\n\n\n<p>O vice-prefeito Adailton Fonseca refor\u00e7ou o compromisso da gest\u00e3o com o desenvolvimento equilibrado da cidade. \u201cJ\u00e1 \u00e9 a sexta pra\u00e7a inaugurada e ainda tem muito mais. Assim, estamos avan\u00e7ando, levando qualidade de vida e lazer para todas as regi\u00f5es do munic\u00edpio. Essa \u00e9 uma gest\u00e3o que olha para os quatro cantos de Gurupi\u201d, disse.<\/p>\n\n\n\n<figure class=\"wp-block-image size-large\"><img loading=\"lazy\" decoding=\"async\" width=\"1024\" height=\"685\" src=\"https:\/\/focotocantinense.com.br\/wp-content\/uploads\/2025\/08\/3-PRACA-1-1024x685.jpeg\" alt=\"\" class=\"wp-image-10850\" srcset=\"https:\/\/focotocantinense.com.br\/wp-content\/uploads\/2025\/08\/3-PRACA-1-1024x685.jpeg 1024w, https:\/\/focotocantinense.com.br\/wp-content\/uploads\/2025\/08\/3-PRACA-1-300x201.jpeg 300w, https:\/\/focotocantinense.com.br\/wp-content\/uploads\/2025\/08\/3-PRACA-1-768x514.jpeg 768w, https:\/\/focotocantinense.com.br\/wp-content\/uploads\/2025\/08\/3-PRACA-1-1536x1027.jpeg 1536w, https:\/\/focotocantinense.com.br\/wp-content\/uploads\/2025\/08\/3-PRACA-1-110x75.jpeg 110w, https:\/\/focotocantinense.com.br\/wp-content\/uploads\/2025\/08\/3-PRACA-1.jpeg 1600w\" sizes=\"auto, (max-width: 1024px) 100vw, 1024px\" \/><\/figure>\n\n\n\n<p><\/p>\n\n\n\n<p>A secret\u00e1ria Municipal de Infraestrutura, Juliana Passarin, ressaltou que o setor Jo\u00e3o Lisboa da Cruz vem recebendo diversas melhorias. \u201cAl\u00e9m da pra\u00e7a, o bairro todo foi recapeado com material asf\u00e1ltico de qualidade, al\u00e9m de ilumina\u00e7\u00e3o de LED. \u00c9 um investimento importante, que melhora a qualidade de vida e valoriza o setor\u201d, afirmou.<\/p>\n\n\n\n<p><strong>Moradores comemoram&nbsp;<\/strong><\/p>\n\n\n\n<p>A entrega da pra\u00e7a foi motivo de comemora\u00e7\u00e3o entre os moradores do bairro. A presidente da Associa\u00e7\u00e3o de Moradores do setor Jo\u00e3o Lisboa da Cruz, Maria Aparecida Mendes Sim\u00e3o, agradeceu \u00e0 gest\u00e3o pela obra. \u201cEssa pra\u00e7a \u00e9 muito importante para as fam\u00edlias do bairro. Agora temos um espa\u00e7o bonito, seguro e agrad\u00e1vel para todos aproveitarem, especialmente as crian\u00e7as e os idosos\u201d, disse.<\/p>\n\n\n\n<p>A moradora Creuzeli Solano de Carvalho tamb\u00e9m celebrou a novidade. \u201cFicou linda! As fam\u00edlias v\u00e3o desfrutar bastante. A gente esperava por isso h\u00e1 muito tempo. \u00c9 gratificante ver esse avan\u00e7o chegando no nosso setor\u201d, afirmou.<\/p>\n\n\n\n<p><strong>Homenageado<\/strong><\/p>\n\n\n\n<p>A pra\u00e7a leva o nome de Bias Ara\u00fajo Reis, em reconhecimento a um dos pioneiros que ajudaram a construir Gurupi. Nascido em 23 de novembro de 1929, em Alto Parna\u00edba (MA), Bias passou parte da inf\u00e2ncia nos povoados de Castelo e Cocal, at\u00e9 se mudar para Pedro Afonso, onde serviu como militar por tr\u00eas anos.<\/p>\n\n\n\n<p>Em 1957, fixou resid\u00eancia em Gurupi, que na \u00e9poca ainda pertencia ao munic\u00edpio de Porto Nacional, no norte goiano. Foi um dos primeiros pedreiros da cidade, reconhecido como \u201cmestre de obras\u201d por sua dedica\u00e7\u00e3o na constru\u00e7\u00e3o de importantes pr\u00e9dios p\u00fablicos, como a antiga Prefeitura Municipal, o primeiro mercado municipal e o Hospital S\u00e3o Lucas. Al\u00e9m disso, contribuiu para a constru\u00e7\u00e3o de v\u00e1rias resid\u00eancias de moradores pioneiros.<\/p>\n\n\n\n<p>Bias Ara\u00fajo Reis faleceu em 18 de outubro de 2023, aos 93 anos, em Palmas, deixando um legado de trabalho, respeito e compromisso com o desenvolvimento de Gurupi.<\/p>\n\n\n\n<p><strong>Familiares agradecem homenagem<\/strong><\/p>\n\n\n\n<p>Durante a inaugura\u00e7\u00e3o, familiares do homenageado expressaram gratid\u00e3o pela lembran\u00e7a. O genro, Jos\u00e9 Messias Ara\u00fajo, destacou a import\u00e2ncia da homenagem. \u201cNos alegra essa obra maravilhosa. Mostra que a cidade est\u00e1 em boas m\u00e3os. Uma grande homenagem a um grande homem, pioneiro. Essa gest\u00e3o tem resgatado os nomes de pioneiros que come\u00e7aram essa cidade que hoje mostra ser uma cidade maravilhosa no estado do Tocantins\u201d, afirmou.<\/p>\n\n\n\n<p>A neta, Marianna Rosa, tamb\u00e9m se emocionou com a homenagem. \u201cHoje \u00e9 um dia de muita emo\u00e7\u00e3o e gratid\u00e3o por essa homenagem. Nossa fam\u00edlia agradece \u00e0 Prefeitura, \u00e0 C\u00e2mara Municipal e a todas as pessoas que trabalharam nessa obra. Foi uma justa homenagem. Com coragem, trabalho e f\u00e9, meu av\u00f4 ajudou a construir essa cidade como um grande pioneiro e deixou um legado de valores que continua vivo dentro de n\u00f3s\u201d, declarou.<\/p>\n\n\n\n<p><strong>Presen\u00e7as<\/strong><\/p>\n\n\n\n<p>Estiveram presentes na solenidade, al\u00e9m da prefeita Josi Nunes e do vice-prefeito Adailton Fonseca, o deputado estadual Eduardo Fortes; os vereadores Jair do Povo, Matheus Monteiro, Walter Coelho, C\u00e9lia Lima e M\u00e1rio Cezar Lustosa; al\u00e9m de secret\u00e1rios municipais e lideran\u00e7as da comunidade.<\/p>\n\n\n\n<p><strong>Novas pra\u00e7as ser\u00e3o entregues<\/strong><\/p>\n\n\n\n<p>A entrega da Pra\u00e7a Bias Ara\u00fajo Reis integra o projeto de requalifica\u00e7\u00e3o urbana da Prefeitura de Gurupi, que j\u00e1 entregou seis novas pra\u00e7as em 2025. Ainda neste ano, est\u00e3o previstas as inaugura\u00e7\u00f5es de mais sete pra\u00e7as nos setores Campo Bello, Waldir Lins, Bom Sossego, Povoado Trevo da Praia, Pedroso, Jardim dos Buritis e Sol Nascente, ampliando o acesso a espa\u00e7os de lazer e conviv\u00eancia por toda a cidade.<\/p>\n\n\n\n<p><\/p>\n\n\n\n<figure class=\"wp-block-image size-full is-resized\"><img loading=\"lazy\" decoding=\"async\" width=\"727\" height=\"184\" src=\"https:\/\/focotocantinense.com.br\/wp-content\/uploads\/2025\/08\/SHOW-DE-HUMOR-DE-VINICIUS-MARTINS.jpeg\" alt=\"\" class=\"wp-image-10851\" style=\"width:840px;height:auto\" srcset=\"https:\/\/focotocantinense.com.br\/wp-content\/uploads\/2025\/08\/SHOW-DE-HUMOR-DE-VINICIUS-MARTINS.jpeg 727w, https:\/\/focotocantinense.com.br\/wp-content\/uploads\/2025\/08\/SHOW-DE-HUMOR-DE-VINICIUS-MARTINS-300x76.jpeg 300w\" sizes=\"auto, (max-width: 727px) 100vw, 727px\" \/><\/figure>\n","protected":false},"excerpt":{"rendered":"<p>A noite deste s\u00e1bado, 02, foi marcada por celebra\u00e7\u00e3o e alegria no setor Jo\u00e3o Lisboa da Cruz. A Prefeitura de Gurupi inaugurou a Pra\u00e7a Bias Ara\u00fajo Reis, transformando o que antes era um terreno ocioso em um novo espa\u00e7o p\u00fablico de lazer e conviv\u00eancia para a comunidade. A cerim\u00f4nia de entrega contou com a presen\u00e7a &hellip;<\/p>\n","protected":false},"author":5,"featured_media":10848,"comment_status":"open","ping_status":"open","sticky":false,"template":"","format":"standard","meta":{"footnotes":""},"categories":[38],"tags":[],"class_list":["post-10844","post","type-post","status-publish","format-standard","has-post-thumbnail","","category-gurupi"],"_links":{"self":[{"href":"https:\/\/focotocantinense.com.br\/index.php?rest_route=\/wp\/v2\/posts\/10844","targetHints":{"allow":["GET"]}}],"collection":[{"href":"https:\/\/focotocantinense.com.br\/index.php?rest_route=\/wp\/v2\/posts"}],"about":[{"href":"https:\/\/focotocantinense.com.br\/index.php?rest_route=\/wp\/v2\/types\/post"}],"author":[{"embeddable":true,"href":"https:\/\/focotocantinense.com.br\/index.php?rest_route=\/wp\/v2\/users\/5"}],"replies":[{"embeddable":true,"href":"https:\/\/focotocantinense.com.br\/index.php?rest_route=%2Fwp%2Fv2%2Fcomments&post=10844"}],"version-history":[{"count":1,"href":"https:\/\/focotocantinense.com.br\/index.php?rest_route=\/wp\/v2\/posts\/10844\/revisions"}],"predecessor-version":[{"id":10852,"href":"https:\/\/focotocantinense.com.br\/index.php?rest_route=\/wp\/v2\/posts\/10844\/revisions\/10852"}],"wp:featuredmedia":[{"embeddable":true,"href":"https:\/\/focotocantinense.com.br\/index.php?rest_route=\/wp\/v2\/media\/10848"}],"wp:attachment":[{"href":"https:\/\/focotocantinense.com.br\/index.php?rest_route=%2Fwp%2Fv2%2Fmedia&parent=10844"}],"wp:term":[{"taxonomy":"category","embeddable":true,"href":"https:\/\/focotocantinense.com.br\/index.php?rest_route=%2Fwp%2Fv2%2Fcategories&post=10844"},{"taxonomy":"post_tag","embeddable":true,"href":"https:\/\/focotocantinense.com.br\/index.php?rest_route=%2Fwp%2Fv2%2Ftags&post=10844"}],"curies":[{"name":"wp","href":"https:\/\/api.w.org\/{rel}","templated":true}]}}