{"id":10843,"date":"2025-08-04T11:30:04","date_gmt":"2025-08-04T14:30:04","guid":{"rendered":"https:\/\/focotocantinense.com.br\/?p=10843"},"modified":"2025-08-04T11:30:04","modified_gmt":"2025-08-04T14:30:04","slug":"em-dianopolis-durante-romaria-da-sucupira-governador-wanderlei-barbosa-reforca-compromisso-com-a-valorizacao-das-manifestacoes-religiosas","status":"publish","type":"post","link":"https:\/\/focotocantinense.com.br\/?p=10843","title":{"rendered":"Em Dian\u00f3polis, durante Romaria da Sucupira, governador Wanderlei Barbosa refor\u00e7a compromisso com a valoriza\u00e7\u00e3o das manifesta\u00e7\u00f5es religiosas"},"content":{"rendered":"\n<p><em>Festejo re\u00fane romeiros, fam\u00edlias e grupos folcl\u00f3ricos em torno de uma tradi\u00e7\u00e3o cultural centen\u00e1ria<\/em><\/p>\n\n\n\n<p><strong>D\u00e9bora Gomes\/Governo do Tocantins<\/strong><br><\/p>\n\n\n\n<p>Como forma de valorizar a f\u00e9 e as manifesta\u00e7\u00f5es religiosas do estado, o governador do Tocantins, Wanderlei Barbosa, acompanhado da primeira-dama e secret\u00e1ria Extraordin\u00e1ria de Participa\u00e7\u00f5es Sociais, Karynne Sotero; e do secret\u00e1rio de Estado do Turismo, Hercy Filho, participou na manh\u00e3&nbsp;deste s\u00e1bado, 2, da Missa Solene de Nossa Senhora do Ros\u00e1rio, durante a tradicional Romaria da Sucupira, realizada na zona rural de Dian\u00f3polis, regi\u00e3o sudeste do estado.<\/p>\n\n\n\n<figure class=\"wp-block-image size-large is-resized\"><img loading=\"lazy\" decoding=\"async\" width=\"1024\" height=\"585\" src=\"https:\/\/focotocantinense.com.br\/wp-content\/uploads\/2025\/08\/F8-Gov-Wanderlei-Barbosa-Durante-Romaria-Foto-Marcio-Vieira-1024x585.jpg\" alt=\"\" class=\"wp-image-10845\" style=\"width:379px;height:auto\" srcset=\"https:\/\/focotocantinense.com.br\/wp-content\/uploads\/2025\/08\/F8-Gov-Wanderlei-Barbosa-Durante-Romaria-Foto-Marcio-Vieira-1024x585.jpg 1024w, https:\/\/focotocantinense.com.br\/wp-content\/uploads\/2025\/08\/F8-Gov-Wanderlei-Barbosa-Durante-Romaria-Foto-Marcio-Vieira-300x171.jpg 300w, https:\/\/focotocantinense.com.br\/wp-content\/uploads\/2025\/08\/F8-Gov-Wanderlei-Barbosa-Durante-Romaria-Foto-Marcio-Vieira-768x439.jpg 768w, https:\/\/focotocantinense.com.br\/wp-content\/uploads\/2025\/08\/F8-Gov-Wanderlei-Barbosa-Durante-Romaria-Foto-Marcio-Vieira-1536x878.jpg 1536w, https:\/\/focotocantinense.com.br\/wp-content\/uploads\/2025\/08\/F8-Gov-Wanderlei-Barbosa-Durante-Romaria-Foto-Marcio-Vieira-2048x1170.jpg 2048w\" sizes=\"auto, (max-width: 1024px) 100vw, 1024px\" \/><\/figure>\n\n\n\n<p>Com mais de 150 anos de tradi\u00e7\u00e3o, a celebra\u00e7\u00e3o destaca-se pela riqueza de manifesta\u00e7\u00f5es culturais e religiosas, incluindo folias, prociss\u00f5es, missas, quermesses, serestas, batizados e o hasteamento do mastro, al\u00e9m da festa do imperador e da imperatriz.<\/p>\n\n\n\n<p>Na ocasi\u00e3o, o chefe do Executivo destacou a emo\u00e7\u00e3o de vivenciar a romaria e ressaltou o compromisso do Governo com o apoio \u00e0s manifesta\u00e7\u00f5es culturais e religiosas em todas as regi\u00f5es do Tocantins. \u201cFico muito feliz de estar nesta romaria. Nosso governo tem apoiado as manifesta\u00e7\u00f5es religiosas, culturais e esportivas, e desta vez n\u00e3o foi diferente. Fizemos o poss\u00edvel e vamos continuar fazendo. O padre me disse: \u2018Voc\u00ea \u00e9 o primeiro governador a nos prestigiar.\u2019 Ent\u00e3o, estar aqui, para mim, \u00e9 uma grande alegria\u201d, afirmou o governador.<\/p>\n\n\n\n<p>A programa\u00e7\u00e3o deste s\u00e1bado incluiu ainda a coroa\u00e7\u00e3o do Rei e da Rainha da festividade e a realiza\u00e7\u00e3o de batizados. Entre os romeiros, o mestre de obras Ad\u00e3o Pereira de Sousa participou ao lado da afilhada Maria Eduarda Lima da Silva, de 10 anos, que recebeu o batismo. \u201cVenho todo ano, somos uma fam\u00edlia de romeiros. Meus av\u00f3s j\u00e1 vinham para a Sucupira e seguimos essa tradi\u00e7\u00e3o. Essa romaria est\u00e1 cada vez mais bonita e bem organizada. Este ano tivemos a presen\u00e7a do governador Wanderlei Barbosa, o que nos deixou muito felizes\u201d, revelou o romeiro.<\/p>\n\n\n\n<p>As atividades do dia seguir\u00e3o com o tradicional levantamento do mastro do Divino Esp\u00edrito Santo, um dos momentos mais simb\u00f3licos e emocionantes para os romeiros. O encerramento da noite ser\u00e1 marcado por um show cat\u00f3lico com o cantor Ulisses Lima, seguido da celebra\u00e7\u00e3o da Santa Missa.<\/p>\n\n\n\n<p>A Romaria da Sucupira conta com o apoio do Governo do Tocantins, por meio da Secretaria de Estado do Turismo (Setur). \u201cAqui s\u00e3o 150 anos de hist\u00f3ria, uma tradi\u00e7\u00e3o que transcende gera\u00e7\u00f5es. E ter o governador presente aqui \u00e9 de um significado imenso para essa comunidade. Eu, como romeiro, como secret\u00e1rio, estou muito feliz de ter essas pessoas aqui presentes, cultivando uma cultura que vem de muitos anos\u201d, destacou o secret\u00e1rio do Turismo, Hercy Filho.<\/p>\n\n\n\n<p>O prefeito de Dian\u00f3polis, Jos\u00e9 Salom\u00e3o, tamb\u00e9m celebrou a presen\u00e7a do governador Wanderlei Barbosa. \u201cEssa romaria \u00e9 hist\u00f3rica, centen\u00e1ria, um momento de ora\u00e7\u00e3o, confraterniza\u00e7\u00e3o, cultura e turismo religioso. A presen\u00e7a honrosa e in\u00e9dita do governador, juntamente com parlamentares, fortalece ainda mais essa celebra\u00e7\u00e3o, que cresce a cada ano, com organiza\u00e7\u00e3o e participa\u00e7\u00e3o expressiva de visitantes\u201d, declarou o gestor.<\/p>\n\n\n\n<p><strong>Governador visita estrutura da festividade<\/strong><\/p>\n\n\n\n<p>Na sexta-feira, 1\u00ba, o governador Wanderlei Barbosa tamb\u00e9m participou do encontro das folias de Nossa Senhora do Ros\u00e1rio e do Divino Esp\u00edrito Santo, seguido da celebra\u00e7\u00e3o da Santa Missa. Ap\u00f3s a cerim\u00f4nia, visitou as barracas e cumprimentou romeiros, conhecendo a estrutura organizada pela comunidade local.<\/p>\n\n\n\n<p><strong>Romaria da Sucupira<\/strong><\/p>\n\n\n\n<p>A Romaria da Sucupira teve in\u00edcio no s\u00e9culo XIX, quando tropeiros que cruzavam o norte goiano e o oeste da Bahia encontraram uma imagem de Nossa Senhora do Ros\u00e1rio sob uma \u00e1rvore de sucupira. O local se tornou ponto de ora\u00e7\u00e3o, dando origem \u00e0 devo\u00e7\u00e3o que permanece viva at\u00e9 hoje.<\/p>\n\n\n\n<p>O padre Eldinei Carneiro lembrou a origem simples da romaria e destacou seu crescimento ao longo do tempo. \u201cEssa romaria come\u00e7ou com tendas de palha, hoje j\u00e1 tem uma grande estrutura. Esse avan\u00e7o \u00e9 fruto do apoio da Igreja, da Prefeitura, do Governo do Estado, dos vereadores e dos deputados. \u00c9 uma alegria enorme ver essa tradi\u00e7\u00e3o crescer. \u00c9 a maior romaria sertaneja do estado\u201d, explicou o p\u00e1roco.<\/p>\n\n\n\n<p>Romeiros veteranos estiveram presentes na Romaria da Sucupira, reafirmando a tradi\u00e7\u00e3o familiar que se mant\u00e9m viva por gera\u00e7\u00f5es. \u00c9 o caso da aposentada Constantina Nunes da Silva que participa da celebra\u00e7\u00e3o desde 1957 e relembra momentos especiais vividos no local, como seu casamento. \u201cParticipo desde os 10 anos de idade e sempre gostei muito desta romaria, onde encontro pessoas queridas. Casei aqui h\u00e1 quase 60 anos, quando a igreja ainda era uma pequena capela. Hoje, a estrutura est\u00e1 muito mais bonita e acolhedora\u201d, destacou.&nbsp;<\/p>\n\n\n\n<p>O aposentado No\u00e1 Franco de Oliveira, tamb\u00e9m romeiro antigo, destacou a import\u00e2ncia da f\u00e9 e a continuidade dessa tradi\u00e7\u00e3o familiar. \u201cA romaria \u00e9 muito importante. \u00c9 uma tradi\u00e7\u00e3o da fam\u00edlia. Meus av\u00f3s j\u00e1 vinham, e eu estou aqui todo ano. Este ano a romaria est\u00e1 muito bonita. N\u00e3o era assim antes, ela vem crescendo cada vez mais. Este lugar \u00e9 uma terra santa\u201d, ressaltou.<\/p>\n\n\n\n<p><strong>Programa\u00e7\u00e3o<\/strong><\/p>\n\n\n\n<p>A programa\u00e7\u00e3o oficial da Romaria da Sucupira teve in\u00edcio na quinta-feira, 31 de julho, e segue at\u00e9 este domingo, 3. No encerramento, a agenda inclui Santa Missa Solene do Divino Esp\u00edrito Santo, marcada para \u00e0s 9h30, al\u00e9m da coroa\u00e7\u00e3o dos imperadores. \u00c0s 18h, ser\u00e1 realizada outra Santa Missa, seguida pelo tradicional ter\u00e7o sertanejo, fogueira e lanche compartilhado \u00e0s 19h30.<\/p>\n\n\n\n<p>O evento conta ainda com a participa\u00e7\u00e3o de lideran\u00e7as religiosas, volunt\u00e1rios e da comunidade local, que preservam e fortalecem a tradi\u00e7\u00e3o ao longo das gera\u00e7\u00f5es.<\/p>\n","protected":false},"excerpt":{"rendered":"<p>Festejo re\u00fane romeiros, fam\u00edlias e grupos folcl\u00f3ricos em torno de uma tradi\u00e7\u00e3o cultural centen\u00e1ria D\u00e9bora Gomes\/Governo do Tocantins Como forma de valorizar a f\u00e9 e as manifesta\u00e7\u00f5es religiosas do estado, o governador do Tocantins, Wanderlei Barbosa, acompanhado da primeira-dama e secret\u00e1ria Extraordin\u00e1ria de Participa\u00e7\u00f5es Sociais, Karynne Sotero; e do secret\u00e1rio de Estado do Turismo, Hercy &hellip;<\/p>\n","protected":false},"author":5,"featured_media":10846,"comment_status":"open","ping_status":"open","sticky":false,"template":"","format":"standard","meta":{"footnotes":""},"categories":[1],"tags":[],"class_list":["post-10843","post","type-post","status-publish","format-standard","has-post-thumbnail","","category-sem-categoria"],"_links":{"self":[{"href":"https:\/\/focotocantinense.com.br\/index.php?rest_route=\/wp\/v2\/posts\/10843","targetHints":{"allow":["GET"]}}],"collection":[{"href":"https:\/\/focotocantinense.com.br\/index.php?rest_route=\/wp\/v2\/posts"}],"about":[{"href":"https:\/\/focotocantinense.com.br\/index.php?rest_route=\/wp\/v2\/types\/post"}],"author":[{"embeddable":true,"href":"https:\/\/focotocantinense.com.br\/index.php?rest_route=\/wp\/v2\/users\/5"}],"replies":[{"embeddable":true,"href":"https:\/\/focotocantinense.com.br\/index.php?rest_route=%2Fwp%2Fv2%2Fcomments&post=10843"}],"version-history":[{"count":1,"href":"https:\/\/focotocantinense.com.br\/index.php?rest_route=\/wp\/v2\/posts\/10843\/revisions"}],"predecessor-version":[{"id":10847,"href":"https:\/\/focotocantinense.com.br\/index.php?rest_route=\/wp\/v2\/posts\/10843\/revisions\/10847"}],"wp:featuredmedia":[{"embeddable":true,"href":"https:\/\/focotocantinense.com.br\/index.php?rest_route=\/wp\/v2\/media\/10846"}],"wp:attachment":[{"href":"https:\/\/focotocantinense.com.br\/index.php?rest_route=%2Fwp%2Fv2%2Fmedia&parent=10843"}],"wp:term":[{"taxonomy":"category","embeddable":true,"href":"https:\/\/focotocantinense.com.br\/index.php?rest_route=%2Fwp%2Fv2%2Fcategories&post=10843"},{"taxonomy":"post_tag","embeddable":true,"href":"https:\/\/focotocantinense.com.br\/index.php?rest_route=%2Fwp%2Fv2%2Ftags&post=10843"}],"curies":[{"name":"wp","href":"https:\/\/api.w.org\/{rel}","templated":true}]}}