{"id":10836,"date":"2025-07-31T15:47:25","date_gmt":"2025-07-31T18:47:25","guid":{"rendered":"https:\/\/focotocantinense.com.br\/?p=10836"},"modified":"2025-07-31T15:48:13","modified_gmt":"2025-07-31T18:48:13","slug":"com-apoio-da-prefeitura-de-gurupi-associacao-gurupiense-de-artesaos-participa-da-25a-fenearte","status":"publish","type":"post","link":"https:\/\/focotocantinense.com.br\/?p=10836","title":{"rendered":"Com apoio da Prefeitura de Gurupi, \u00a0Associa\u00e7\u00e3o Gurupiense de Artes\u00e3os \u00a0participa da 25\u00aa Fenearte"},"content":{"rendered":"\n<p>O munic\u00edpio de Gurupi participou da 25\u00aa edi\u00e7\u00e3o da Feira Nacional de Neg\u00f3cios de Artesanato (Fenearte), realizada em Olinda (PE), com o apoio da Prefeitura, por meio da Secretaria Municipal de Cultura e Turismo. O evento, considerado a maior feira de artesanato da Am\u00e9rica Latina, realizado entre os dias 09 e 20 julho, foi promovido pelo Governo de Pernambuco por meio da Ag\u00eancia de Desenvolvimento Econ\u00f4mico de Pernambuco (Adepe) e tem como objetivo valorizar a cultura popular e o artesanato tradicional e contempor\u00e2neo.<\/p>\n\n\n\n<figure class=\"wp-block-image size-large is-resized\"><img loading=\"lazy\" decoding=\"async\" width=\"1024\" height=\"682\" src=\"https:\/\/focotocantinense.com.br\/wp-content\/uploads\/2025\/07\/BBBBBBBBBBBB-1024x682.jpeg\" alt=\"\" class=\"wp-image-10837\" style=\"width:371px;height:auto\" srcset=\"https:\/\/focotocantinense.com.br\/wp-content\/uploads\/2025\/07\/BBBBBBBBBBBB-1024x682.jpeg 1024w, https:\/\/focotocantinense.com.br\/wp-content\/uploads\/2025\/07\/BBBBBBBBBBBB-300x200.jpeg 300w, https:\/\/focotocantinense.com.br\/wp-content\/uploads\/2025\/07\/BBBBBBBBBBBB-768x512.jpeg 768w, https:\/\/focotocantinense.com.br\/wp-content\/uploads\/2025\/07\/BBBBBBBBBBBB-1536x1023.jpeg 1536w, https:\/\/focotocantinense.com.br\/wp-content\/uploads\/2025\/07\/BBBBBBBBBBBB-310x205.jpeg 310w, https:\/\/focotocantinense.com.br\/wp-content\/uploads\/2025\/07\/BBBBBBBBBBBB.jpeg 1600w\" sizes=\"auto, (max-width: 1024px) 100vw, 1024px\" \/><\/figure>\n\n\n\n<p><\/p>\n\n\n\n<p>Representando Gurupi, a presidente da Associa\u00e7\u00e3o Gurupiense de Artes\u00e3os, Maria do Socorro Souza Barros, avaliou a participa\u00e7\u00e3o como extremamente positiva, destacando o aumento da visibilidade e as oportunidades de comercializa\u00e7\u00e3o dos produtos artesanais da cidade.<\/p>\n\n\n\n<p>&nbsp;\u201cFoi um grande sucesso para todos n\u00f3s artes\u00e3os de Gurupi. Conseguimos apresentar a qualidade e a diversidade do nosso trabalho para visitantes de todo o pa\u00eds e at\u00e9 de outros pa\u00edses. Voltamos com um saldo altamente positivo\u201d, ressaltou Maria do Socorro.<\/p>\n\n\n\n<figure class=\"wp-block-image size-large\"><img loading=\"lazy\" decoding=\"async\" width=\"1024\" height=\"682\" src=\"https:\/\/focotocantinense.com.br\/wp-content\/uploads\/2025\/07\/CCCCCC-1024x682.jpeg\" alt=\"\" class=\"wp-image-10840\" srcset=\"https:\/\/focotocantinense.com.br\/wp-content\/uploads\/2025\/07\/CCCCCC-1024x682.jpeg 1024w, https:\/\/focotocantinense.com.br\/wp-content\/uploads\/2025\/07\/CCCCCC-300x200.jpeg 300w, https:\/\/focotocantinense.com.br\/wp-content\/uploads\/2025\/07\/CCCCCC-768x512.jpeg 768w, https:\/\/focotocantinense.com.br\/wp-content\/uploads\/2025\/07\/CCCCCC-1536x1023.jpeg 1536w, https:\/\/focotocantinense.com.br\/wp-content\/uploads\/2025\/07\/CCCCCC-310x205.jpeg 310w, https:\/\/focotocantinense.com.br\/wp-content\/uploads\/2025\/07\/CCCCCC.jpeg 1600w\" sizes=\"auto, (max-width: 1024px) 100vw, 1024px\" \/><\/figure>\n\n\n\n<p><\/p>\n\n\n\n<p>A artes\u00e3 agradeceu o apoio da Prefeitura de Gurupi. \u201cEm nome de todos os artes\u00e3os, quero agradecer \u00e0 gest\u00e3o municipal e, em especial, \u00e0 secret\u00e1ria de Cultura, Liliane Pagliarini, que tem nos dado todo suporte para fortalecer o artesanato gurupiense e levar nossa arte para al\u00e9m das fronteiras do Tocantins\u201d, concluiu.<\/p>\n\n\n\n<figure class=\"wp-block-image size-full is-resized\"><img loading=\"lazy\" decoding=\"async\" width=\"727\" height=\"184\" src=\"https:\/\/focotocantinense.com.br\/wp-content\/uploads\/2025\/07\/SHOW-DE-HUMOR-DE-VINICIUS-MARTINS-6.jpeg\" alt=\"\" class=\"wp-image-10827\" style=\"width:840px;height:auto\" srcset=\"https:\/\/focotocantinense.com.br\/wp-content\/uploads\/2025\/07\/SHOW-DE-HUMOR-DE-VINICIUS-MARTINS-6.jpeg 727w, https:\/\/focotocantinense.com.br\/wp-content\/uploads\/2025\/07\/SHOW-DE-HUMOR-DE-VINICIUS-MARTINS-6-300x76.jpeg 300w\" sizes=\"auto, (max-width: 727px) 100vw, 727px\" \/><\/figure>\n","protected":false},"excerpt":{"rendered":"<p>O munic\u00edpio de Gurupi participou da 25\u00aa edi\u00e7\u00e3o da Feira Nacional de Neg\u00f3cios de Artesanato (Fenearte), realizada em Olinda (PE), com o apoio da Prefeitura, por meio da Secretaria Municipal de Cultura e Turismo. O evento, considerado a maior feira de artesanato da Am\u00e9rica Latina, realizado entre os dias 09 e 20 julho, foi promovido &hellip;<\/p>\n","protected":false},"author":5,"featured_media":10837,"comment_status":"open","ping_status":"open","sticky":false,"template":"","format":"standard","meta":{"footnotes":""},"categories":[38],"tags":[],"class_list":["post-10836","post","type-post","status-publish","format-standard","has-post-thumbnail","","category-gurupi"],"_links":{"self":[{"href":"https:\/\/focotocantinense.com.br\/index.php?rest_route=\/wp\/v2\/posts\/10836","targetHints":{"allow":["GET"]}}],"collection":[{"href":"https:\/\/focotocantinense.com.br\/index.php?rest_route=\/wp\/v2\/posts"}],"about":[{"href":"https:\/\/focotocantinense.com.br\/index.php?rest_route=\/wp\/v2\/types\/post"}],"author":[{"embeddable":true,"href":"https:\/\/focotocantinense.com.br\/index.php?rest_route=\/wp\/v2\/users\/5"}],"replies":[{"embeddable":true,"href":"https:\/\/focotocantinense.com.br\/index.php?rest_route=%2Fwp%2Fv2%2Fcomments&post=10836"}],"version-history":[{"count":2,"href":"https:\/\/focotocantinense.com.br\/index.php?rest_route=\/wp\/v2\/posts\/10836\/revisions"}],"predecessor-version":[{"id":10841,"href":"https:\/\/focotocantinense.com.br\/index.php?rest_route=\/wp\/v2\/posts\/10836\/revisions\/10841"}],"wp:featuredmedia":[{"embeddable":true,"href":"https:\/\/focotocantinense.com.br\/index.php?rest_route=\/wp\/v2\/media\/10837"}],"wp:attachment":[{"href":"https:\/\/focotocantinense.com.br\/index.php?rest_route=%2Fwp%2Fv2%2Fmedia&parent=10836"}],"wp:term":[{"taxonomy":"category","embeddable":true,"href":"https:\/\/focotocantinense.com.br\/index.php?rest_route=%2Fwp%2Fv2%2Fcategories&post=10836"},{"taxonomy":"post_tag","embeddable":true,"href":"https:\/\/focotocantinense.com.br\/index.php?rest_route=%2Fwp%2Fv2%2Ftags&post=10836"}],"curies":[{"name":"wp","href":"https:\/\/api.w.org\/{rel}","templated":true}]}}