{"id":10825,"date":"2025-07-29T19:32:41","date_gmt":"2025-07-29T22:32:41","guid":{"rendered":"https:\/\/focotocantinense.com.br\/?p=10825"},"modified":"2025-07-29T19:33:48","modified_gmt":"2025-07-29T22:33:48","slug":"mutirao-de-fe-e-consciencia-recolhe-lixo-em-area-turistica-de-taquarucu","status":"publish","type":"post","link":"https:\/\/focotocantinense.com.br\/?p=10825","title":{"rendered":"Mutir\u00e3o de f\u00e9 e consci\u00eancia recolhe lixo em \u00e1rea tur\u00edstica de Taquaru\u00e7u"},"content":{"rendered":"\n<p>O sacerdote de Umbanda, Gildener Sousa, fundador e dirigente do Instituto Umbandista a Tenda do Caboclo reuniu um grupo de filhos do Terreiro para uma a\u00e7\u00e3o ambiental que recolheu cerca de 1.250 litros de lixo das margens do Ribeir\u00e3o Taquaru\u00e7u, na regi\u00e3o do Balne\u00e1rio Lajeiro, no distrito.<\/p>\n\n\n\n<figure class=\"wp-block-image size-full is-resized\"><img loading=\"lazy\" decoding=\"async\" width=\"894\" height=\"497\" src=\"https:\/\/focotocantinense.com.br\/wp-content\/uploads\/2025\/07\/hh.jpeg\" alt=\"\" class=\"wp-image-10826\" style=\"width:385px;height:auto\" srcset=\"https:\/\/focotocantinense.com.br\/wp-content\/uploads\/2025\/07\/hh.jpeg 894w, https:\/\/focotocantinense.com.br\/wp-content\/uploads\/2025\/07\/hh-300x167.jpeg 300w, https:\/\/focotocantinense.com.br\/wp-content\/uploads\/2025\/07\/hh-768x427.jpeg 768w\" sizes=\"auto, (max-width: 894px) 100vw, 894px\" \/><\/figure>\n\n\n\n<p><\/p>\n\n\n\n<p>\u201c\u00c9 importante pra n\u00f3s, umbandistas, zelar da Natureza, preservando esses pontos de for\u00e7a, cada dia mais polu\u00eddos, fazendo a nossa parte cuidando e protegendo dos pontos sagrados que s\u00e3o os rios, a terra, as matas, a Naturaeza como um todo\u201d, ressaltou pai Gil, como o dirigente do instituto \u00e9 conhecido.<\/p>\n\n\n\n<p>Homens, mulheres e at\u00e9 crian\u00e7as participaram da a\u00e7\u00e3o. Cada um levou luvas descart\u00e1veis e sacos de coleta de lixo no tamanho de 50L, ao todo 30 pessoas participaram. \u201cEssa \u00e9 nossa forma de agradecer a Natureza, ao meio ambiente por tudo isso que nos preenche, que ela nos presenteia e nos d\u00e1 for\u00e7a e conhecimento\u201d, frisou Gildener Sousa.<\/p>\n\n\n\n<p>A a\u00e7\u00e3o alcan\u00e7ou cerca de 1km da margem da TO-030, que liga Palmas ao distrito de Taquaru\u00e7u. Alguns dos motoqueiros que fazem parte do grupo de estrada \u201cCavaleiros de Aruanda\u201d, tamb\u00e9m participaram. Renato Oliveira, membro do grupo, destacou a import\u00e2ncia da a\u00e7\u00e3o dizendo que \u201ca quest\u00e3o \u00e9 que a gente passa pelos lugares e muitas vezes n\u00e3o percebe a quantidade de lixo que est\u00e1 \u00e0 beira da estrada. Essa iniciativa da Tenda do Caboclo \u00e9 de suma import\u00e2ncia para conscientizar as pessoas. N\u00e3o vamos jogar lixo n\u00e3o, vamos respeitar a m\u00e3e Natureza, vamos levar o nosso lixo no carro, onde precisar, mas n\u00e3o vamos deixar na rua, no rio que passamos horas de lazer, ou em outro lugar qualquer. Depois v\u00eam as enchentes e outros desastres causados por nossas m\u00e3os. Vamos respeitar nossos antepassados e, acima de tudo respeitar quem vir\u00e1 depois da gente\u201d, ressaltou.<\/p>\n\n\n\n<p>Morador de Taquaru\u00e7u, Samuel Queiroz fez parte da a\u00e7\u00e3o do in\u00edcio ao fim. Recebeu os filhos do terreiro A Tenda do Caboclo em sua casa como ponto de partida para a limpeza realizada. \u201cColhemos muita garrafa de vidro, muito caco de vidro, toco de cigarro, embalagens pl\u00e1sticas de comida, garrafa pet e at\u00e9 fralda descart\u00e1vel usada que trocam nas crian\u00e7as e deixam na margem das cachoeiras. Isso \u00e9 muito triste. Isso tudo \u00e9 falta de consci\u00eancia das pessoas\u201d, disse Samuel mostrando o lixo que recolheu.<\/p>\n\n\n\n<p>A a\u00e7\u00e3o foi iniciada em dos lugares mais procurados nos finais de semana e feriados, a cachoeira do Taquaru\u00e7u no ponto chamado de Guaxinin, que fica no Balne\u00e1rio Lajeiro, altura do km 11 da TO-030.<\/p>\n\n\n\n<figure class=\"wp-block-image size-full is-resized\"><img loading=\"lazy\" decoding=\"async\" width=\"727\" height=\"184\" src=\"https:\/\/focotocantinense.com.br\/wp-content\/uploads\/2025\/07\/SHOW-DE-HUMOR-DE-VINICIUS-MARTINS-6.jpeg\" alt=\"\" class=\"wp-image-10827\" style=\"width:840px;height:auto\" srcset=\"https:\/\/focotocantinense.com.br\/wp-content\/uploads\/2025\/07\/SHOW-DE-HUMOR-DE-VINICIUS-MARTINS-6.jpeg 727w, https:\/\/focotocantinense.com.br\/wp-content\/uploads\/2025\/07\/SHOW-DE-HUMOR-DE-VINICIUS-MARTINS-6-300x76.jpeg 300w\" sizes=\"auto, (max-width: 727px) 100vw, 727px\" \/><\/figure>\n","protected":false},"excerpt":{"rendered":"<p>O sacerdote de Umbanda, Gildener Sousa, fundador e dirigente do Instituto Umbandista a Tenda do Caboclo reuniu um grupo de filhos do Terreiro para uma a\u00e7\u00e3o ambiental que recolheu cerca de 1.250 litros de lixo das margens do Ribeir\u00e3o Taquaru\u00e7u, na regi\u00e3o do Balne\u00e1rio Lajeiro, no distrito. \u201c\u00c9 importante pra n\u00f3s, umbandistas, zelar da Natureza, &hellip;<\/p>\n","protected":false},"author":5,"featured_media":10826,"comment_status":"open","ping_status":"open","sticky":false,"template":"","format":"standard","meta":{"footnotes":""},"categories":[37],"tags":[],"class_list":["post-10825","post","type-post","status-publish","format-standard","has-post-thumbnail","","category-palmas"],"_links":{"self":[{"href":"https:\/\/focotocantinense.com.br\/index.php?rest_route=\/wp\/v2\/posts\/10825","targetHints":{"allow":["GET"]}}],"collection":[{"href":"https:\/\/focotocantinense.com.br\/index.php?rest_route=\/wp\/v2\/posts"}],"about":[{"href":"https:\/\/focotocantinense.com.br\/index.php?rest_route=\/wp\/v2\/types\/post"}],"author":[{"embeddable":true,"href":"https:\/\/focotocantinense.com.br\/index.php?rest_route=\/wp\/v2\/users\/5"}],"replies":[{"embeddable":true,"href":"https:\/\/focotocantinense.com.br\/index.php?rest_route=%2Fwp%2Fv2%2Fcomments&post=10825"}],"version-history":[{"count":3,"href":"https:\/\/focotocantinense.com.br\/index.php?rest_route=\/wp\/v2\/posts\/10825\/revisions"}],"predecessor-version":[{"id":10831,"href":"https:\/\/focotocantinense.com.br\/index.php?rest_route=\/wp\/v2\/posts\/10825\/revisions\/10831"}],"wp:featuredmedia":[{"embeddable":true,"href":"https:\/\/focotocantinense.com.br\/index.php?rest_route=\/wp\/v2\/media\/10826"}],"wp:attachment":[{"href":"https:\/\/focotocantinense.com.br\/index.php?rest_route=%2Fwp%2Fv2%2Fmedia&parent=10825"}],"wp:term":[{"taxonomy":"category","embeddable":true,"href":"https:\/\/focotocantinense.com.br\/index.php?rest_route=%2Fwp%2Fv2%2Fcategories&post=10825"},{"taxonomy":"post_tag","embeddable":true,"href":"https:\/\/focotocantinense.com.br\/index.php?rest_route=%2Fwp%2Fv2%2Ftags&post=10825"}],"curies":[{"name":"wp","href":"https:\/\/api.w.org\/{rel}","templated":true}]}}