{"id":10821,"date":"2025-07-26T19:57:26","date_gmt":"2025-07-26T22:57:26","guid":{"rendered":"https:\/\/focotocantinense.com.br\/?p=10821"},"modified":"2025-07-26T19:57:47","modified_gmt":"2025-07-26T22:57:47","slug":"poeta-tocantinense-andre-goveia-lanca-livro-de-poesias-em-palmas","status":"publish","type":"post","link":"https:\/\/focotocantinense.com.br\/?p=10821","title":{"rendered":"Poeta tocantinense Andr\u00e9 Goveia lan\u00e7a livro de poesias em Palmas"},"content":{"rendered":"\n<p>Grande revela\u00e7\u00e3o da poesia tocantinense contempor\u00e2nea, o &nbsp;poeta e professor Andr\u00e9 Goveia, promoveu o lan\u00e7amento do seu livro de poesias, intitulado de&nbsp; \u201c<em><strong>Capim&nbsp;Dourado&nbsp;Po\u00e9tico<\/strong><\/em>\u201d, na sexta-feira (25), \u00e0 tarde, durante a movimentada programa\u00e7\u00e3o&nbsp;&nbsp;do&nbsp;&nbsp;1\u00ba Festival da Literatura Independente do Tocantins (Flito),&nbsp;&nbsp;realizado em Palmas.<\/p>\n\n\n\n<figure class=\"wp-block-image size-full is-resized\"><img loading=\"lazy\" decoding=\"async\" width=\"689\" height=\"485\" src=\"https:\/\/focotocantinense.com.br\/wp-content\/uploads\/2025\/07\/1-Poeta-Andre-Goveia-lanca-livro-em-Palmas-Divulgacao.jpeg.jpg\" alt=\"\" class=\"wp-image-10822\" style=\"width:360px;height:auto\" srcset=\"https:\/\/focotocantinense.com.br\/wp-content\/uploads\/2025\/07\/1-Poeta-Andre-Goveia-lanca-livro-em-Palmas-Divulgacao.jpeg.jpg 689w, https:\/\/focotocantinense.com.br\/wp-content\/uploads\/2025\/07\/1-Poeta-Andre-Goveia-lanca-livro-em-Palmas-Divulgacao.jpeg-300x211.jpg 300w\" sizes=\"auto, (max-width: 689px) 100vw, 689px\" \/><\/figure>\n\n\n\n<p><\/p>\n\n\n\n<p><strong>Sobre a obra<\/strong><\/p>\n\n\n\n<p>&nbsp;A obra \u00e9 uma publica\u00e7\u00e3o da conceituada&nbsp; &nbsp;Editora Veloso, de Gurupi, que vem se destacando por colocar em pr\u00e1tica um audacioso projeto liter\u00e1rio que visa valorizar e dar mais visibilidade aos autores do Tocantins.&nbsp;<\/p>\n\n\n\n<p><strong>Poesia multiforme<\/strong><\/p>\n\n\n\n<p>Para o festejado poeta e jornalista Zacarias Martins, que integra o Comit\u00ea de Cultura no Tocantins, bem como, a Academia Tocantinense de Letras (ATL), a obra de autoria do professor Andr\u00e9 Goveia chega em boa hora para aplacar a fome &nbsp;de leitura daqueles que gostam de uma boa poesia. \u201cA produ\u00e7\u00e3o po\u00e9tica de Andr\u00e9 Goveia \u00e9 multiforme e irisada, tendo ainda, como caracter\u00edstica, uma linguagem de f\u00e1cil compreens\u00e3o e que encanta o leitor justamente por sua simplicidade e criatividade\u201d, destacou Martins.<\/p>\n\n\n\n<p><strong>Credenciais do Autor<\/strong><\/p>\n\n\n\n<p>Natural de Tocant\u00ednia, Andr\u00e9 Goveia \u00e9 escritor, poeta, professor de carreira da rede estadual, professor na Universidade da Maturidade (UFT\/UMA), pedagogo, especialista em Gest\u00e3o Educacional e Metodologias de Ensino, licenciado em Letras. Tamb\u00e9m, \u00e9 Mestre&nbsp;&nbsp;&nbsp;em Educa\u00e7\u00e3o.&nbsp; &nbsp;O autor integra os quadros de&nbsp;&nbsp;&nbsp; membro correspondente da Academia Gurupiense de Letras (AGL), &nbsp;&nbsp;da Academia Paraisense de Letras (APL) e da Academia de Letras de Aragua\u00edna (Acalanto), da Academia Capixaba de Letras e Artes dos Poetas Trovadores (ACLAPTCTC, bem como, da &nbsp;Academia de Letras e Artes de Goi\u00e1s (ALG).<\/p>\n\n\n\n<p>Participou do Anu\u00e1rio de Poetas e Escritores do Tocantins, nas edi\u00e7\u00f5es de 2016, 2017, 2018 e 2019, bem como, da&nbsp;&nbsp;&nbsp;Antologia Veloso \u2013 2020.&nbsp;&nbsp;&nbsp; Tamb\u00e9m est\u00e1 presente na colet\u00e2nea Literatura Tocantinense (2020), organizada pelo professor Pedro Albeirice da Rocha.<\/p>\n\n\n\n<p>Al\u00e9m de \u201c<em><strong>Capim&nbsp;Dourado&nbsp;Po\u00e9tico<\/strong><\/em>\u201d, Goveia \u00e9 autor de mais outros &nbsp;cinco&nbsp; livros individuais&nbsp; no g\u00eanero poesia, &nbsp;sendo eles:&nbsp;\u201c<em><strong>Recitando a Vida<\/strong><\/em>\u201d&nbsp;(2018),&nbsp; \u201c<em><strong>Poesias da Vida<\/strong><\/em>\u201d&nbsp;(2019),&nbsp;&nbsp;\u201c<em><strong>Hoje \u00e9 dia de Poesia<\/strong><\/em>\u201d&nbsp;(2020), &nbsp;\u201c<em><strong>Poetizando Vidas<\/strong><\/em>\u201d&nbsp;(2021) e&nbsp;\u201c<em><strong>Versos&nbsp;M\u00e1gicos<\/strong><\/em>\u201d,&nbsp;todos publicados pela Editora Veloso, de Gurupi.<\/p>\n\n\n\n<figure class=\"wp-block-image is-resized\"><img decoding=\"async\" src=\"https:\/\/blogger.googleusercontent.com\/img\/b\/R29vZ2xl\/AVvXsEgo6TqEUzlLurEElbF1lKJeLjCpApEmmjAm_ZW_-53vKroAvmZTe4-W4xSZnz1YUtx6zdt5Pno_gwI3pay4JufYvf6bkLnDkhY6MQVOV2Tkb1Rfjpmm0fPnwZwyWw9cpkv4t8ztIy53fEcEsPwJBtz_Bi13mwF8IpEKoMqZNBImqXkc-4WCNuXLumlESnJw\/w502-h127\/SHOW%20DE%20HUMOR%20DE%20VINICIUS%20MARTINS.jpeg\" alt=\"\" style=\"width:840px;height:auto\"\/><\/figure>\n","protected":false},"excerpt":{"rendered":"<p>Grande revela\u00e7\u00e3o da poesia tocantinense contempor\u00e2nea, o &nbsp;poeta e professor Andr\u00e9 Goveia, promoveu o lan\u00e7amento do seu livro de poesias, intitulado de&nbsp; \u201cCapim&nbsp;Dourado&nbsp;Po\u00e9tico\u201d, na sexta-feira (25), \u00e0 tarde, durante a movimentada programa\u00e7\u00e3o&nbsp;&nbsp;do&nbsp;&nbsp;1\u00ba Festival da Literatura Independente do Tocantins (Flito),&nbsp;&nbsp;realizado em Palmas. Sobre a obra &nbsp;A obra \u00e9 uma publica\u00e7\u00e3o da conceituada&nbsp; &nbsp;Editora Veloso, de Gurupi, &hellip;<\/p>\n","protected":false},"author":5,"featured_media":10822,"comment_status":"open","ping_status":"open","sticky":false,"template":"","format":"standard","meta":{"footnotes":""},"categories":[37],"tags":[],"class_list":["post-10821","post","type-post","status-publish","format-standard","has-post-thumbnail","","category-palmas"],"_links":{"self":[{"href":"https:\/\/focotocantinense.com.br\/index.php?rest_route=\/wp\/v2\/posts\/10821","targetHints":{"allow":["GET"]}}],"collection":[{"href":"https:\/\/focotocantinense.com.br\/index.php?rest_route=\/wp\/v2\/posts"}],"about":[{"href":"https:\/\/focotocantinense.com.br\/index.php?rest_route=\/wp\/v2\/types\/post"}],"author":[{"embeddable":true,"href":"https:\/\/focotocantinense.com.br\/index.php?rest_route=\/wp\/v2\/users\/5"}],"replies":[{"embeddable":true,"href":"https:\/\/focotocantinense.com.br\/index.php?rest_route=%2Fwp%2Fv2%2Fcomments&post=10821"}],"version-history":[{"count":2,"href":"https:\/\/focotocantinense.com.br\/index.php?rest_route=\/wp\/v2\/posts\/10821\/revisions"}],"predecessor-version":[{"id":10824,"href":"https:\/\/focotocantinense.com.br\/index.php?rest_route=\/wp\/v2\/posts\/10821\/revisions\/10824"}],"wp:featuredmedia":[{"embeddable":true,"href":"https:\/\/focotocantinense.com.br\/index.php?rest_route=\/wp\/v2\/media\/10822"}],"wp:attachment":[{"href":"https:\/\/focotocantinense.com.br\/index.php?rest_route=%2Fwp%2Fv2%2Fmedia&parent=10821"}],"wp:term":[{"taxonomy":"category","embeddable":true,"href":"https:\/\/focotocantinense.com.br\/index.php?rest_route=%2Fwp%2Fv2%2Fcategories&post=10821"},{"taxonomy":"post_tag","embeddable":true,"href":"https:\/\/focotocantinense.com.br\/index.php?rest_route=%2Fwp%2Fv2%2Ftags&post=10821"}],"curies":[{"name":"wp","href":"https:\/\/api.w.org\/{rel}","templated":true}]}}