{"id":10812,"date":"2025-07-24T19:43:49","date_gmt":"2025-07-24T22:43:49","guid":{"rendered":"https:\/\/focotocantinense.com.br\/?p=10812"},"modified":"2025-07-24T19:48:48","modified_gmt":"2025-07-24T22:48:48","slug":"expectativa-de-desenvolvimento-economico-cresce-no-jalapao-com-entrega-de-aeroporto-em-dezembro-pelo-governo-do-tocantins","status":"publish","type":"post","link":"https:\/\/focotocantinense.com.br\/?p=10812","title":{"rendered":"Expectativa de desenvolvimento econ\u00f4mico cresce no Jalap\u00e3o com entrega de aeroporto em dezembro pelo Governo do Tocantins"},"content":{"rendered":"\n<p>A proximidade da entrega do aeroporto no munic\u00edpio de S\u00e3o F\u00e9lix, na regi\u00e3o do Jalap\u00e3o, marcada para dezembro, aumenta a expectativa entre empres\u00e1rios, moradores e turistas, sendo esta uma das obras mais aguardadas para aprimorar a infraestrutura local, impulsionar a economia e fortalecer o turismo tocantinense. O governador do Tocantins, Wanderlei Barbosa, anunciou a entrega durante vistoria realizada no \u00faltimo domingo, 20. O projeto representa um investimento de R$ 20 milh\u00f5es por parte da gest\u00e3o estadual.<\/p>\n\n\n\n<figure class=\"wp-block-image size-full is-resized\"><img loading=\"lazy\" decoding=\"async\" width=\"670\" height=\"414\" src=\"https:\/\/focotocantinense.com.br\/wp-content\/uploads\/2025\/07\/Com-70-das-obras-concluidas-o-aeroporto-de-Sao-Felix-e-um-dos-principais-investimentos-para-impulsionar-o-turismo-e-a-economia-do-Jalapao-.jpg\" alt=\"\" class=\"wp-image-10813\" style=\"width:364px;height:auto\" srcset=\"https:\/\/focotocantinense.com.br\/wp-content\/uploads\/2025\/07\/Com-70-das-obras-concluidas-o-aeroporto-de-Sao-Felix-e-um-dos-principais-investimentos-para-impulsionar-o-turismo-e-a-economia-do-Jalapao-.jpg 670w, https:\/\/focotocantinense.com.br\/wp-content\/uploads\/2025\/07\/Com-70-das-obras-concluidas-o-aeroporto-de-Sao-Felix-e-um-dos-principais-investimentos-para-impulsionar-o-turismo-e-a-economia-do-Jalapao--300x185.jpg 300w\" sizes=\"auto, (max-width: 670px) 100vw, 670px\" \/><\/figure>\n\n\n\n<p><strong><em>Com 70% das obras conclu\u00eddas, o aeroporto de S\u00e3o F\u00e9lix \u00e9 um dos principais investimentos para impulsionar o turismo e a economia do Jalap\u00e3o &#8211; In\u00e1cio Neto\/Governo do Tocantin<\/em><\/strong><br><br>&#8220;A constru\u00e7\u00e3o do aeroporto no Jalap\u00e3o representa um divisor de \u00e1guas para o turismo tocantinense. Estamos falando de mais acesso, mais seguran\u00e7a e mais oportunidades para quem quer conhecer esse para\u00edso natural, que \u00e9 um dos destinos mais desejados do Brasil. Al\u00e9m de impulsionar a chegada de turistas nacionais e internacionais, essa infraestrutura fortalece o nosso plano de ordenamento e desenvolvimento tur\u00edstico da regi\u00e3o, garantindo que o crescimento aconte\u00e7a de forma sustent\u00e1vel, com respeito \u00e0s comunidades locais e a valoriza\u00e7\u00e3o dos atrativos naturais. \u00c9 um passo estrat\u00e9gico, que conecta o Jalap\u00e3o ao mundo e abre novas portas para o Tocantins como destino de experi\u00eancias, natureza e hospitalidade&#8221;, ressalta o secret\u00e1rio de Estado do Turismo, Hercy Filho.<\/p>\n\n\n\n<p>O prefeito de S\u00e3o F\u00e9lix, Gercimar Xavier, enfatiza o impacto das obras de infraestrutura na regi\u00e3o, especialmente a constru\u00e7\u00e3o do aeroporto e a pavimenta\u00e7\u00e3o das estradas. \u201cEstamos muito felizes com o aeroporto, que j\u00e1 est\u00e1 com 70% das obras conclu\u00eddas. \u00c9 uma obra importante n\u00e3o s\u00f3 para o Jalap\u00e3o, mas para o Tocantins e para o Brasil, pois o mundo inteiro vai conhecer o nosso estado. Temos gratid\u00e3o ao governador Wanderlei Barbosa por esta e outras obras de grande import\u00e2ncia para alavancar o nosso munic\u00edpio de S\u00e3o F\u00e9lix. A expectativa de vida aqui j\u00e1 \u00e9 outra. Antes, t\u00ednhamos muitas dificuldades de locomo\u00e7\u00e3o e, hoje em dia, vivemos uma nova realidade. Com o asfalto chegando a S\u00e3o F\u00e9lix, ligando a comunidade do Prata a Mateiros, a expectativa \u00e9 enorme, porque o fluxo de turistas e de circula\u00e7\u00e3o vai crescer muito\u201d, afirma o prefeito.<\/p>\n\n\n\n<p><strong>Aeroporto de S\u00e3o F\u00e9lix<\/strong><br><br>A constru\u00e7\u00e3o do aeroporto foi iniciada em fevereiro deste ano pelo Governo do Tocantins, por meio da Secretaria de Estado do Turismo (Setur), em parceria com a Caixa Econ\u00f4mica Federal. A Construtora Belmonte LTDA \u00e9 a empresa respons\u00e1vel pela execu\u00e7\u00e3o dos trabalhos, cuja Ordem de Servi\u00e7o foi assinada pelo governador Wanderlei Barbosa, em dezembro de 2024.<br><br>O empres\u00e1rio Emerson Guerra Carvalho visitou recentemente o Jalap\u00e3o com a fam\u00edlia e destaca a perspectiva de investir na regi\u00e3o diante dos avan\u00e7os. \u201cEstamos fazendo um tour pelo Jalap\u00e3o, \u00e9 um campo tur\u00edstico maravilhoso. Trouxemos parentes e a fam\u00edlia para conhecer. Queremos investir no Jalap\u00e3o, contribuindo com as pessoas que j\u00e1 trabalham aqui e trazer visitantes para conhecer as belezas naturais. O Jalap\u00e3o \u00e9 um lugar com a natureza muito preservada e com o aeroporto vai proporcionar uma facilidade muito grande para turistas do mundo todo. Com essa novidade, acredito que o turismo, que j\u00e1 \u00e9 muito bom, deve aumentar em 100%\u201d, expressa Emerson.<br><br>Morador de S\u00e3o F\u00e9lix desde os cinco anos, o empres\u00e1rio Ulisses Tomer Pereira Porto, que possui uma ag\u00eancia de viagens para o Jalap\u00e3o, destaca as mudan\u00e7as no munic\u00edpio e os avan\u00e7os que espera com a chegada do novo aeroporto. \u201cEu cheguei aqui em S\u00e3o F\u00e9lix com cinco anos e j\u00e1 mudou bastante o desenvolvimento. Como empres\u00e1rio, j\u00e1 estou me preparando para isso, trazendo professores para treinar a minha equipe e tamb\u00e9m capacitando os meus guias para serem bil\u00edngues, pois v\u00e3o chegar mais turistas internacionais para n\u00f3s atendermos. O turismo vai mudar muito. Antigamente, aqui era de muito dif\u00edcil acesso, com estradas ruins, e j\u00e1 est\u00e1 melhor para os empres\u00e1rios e para a popula\u00e7\u00e3o. Com isso, o desenvolvimento est\u00e1 aumentando e a expectativa \u00e9 enorme com a entrega do aeroporto em dezembro\u201d, declara o empres\u00e1rio.<\/p>\n\n\n\n<p><strong>Pavimenta\u00e7\u00e3o asf\u00e1ltica da TO-030<\/strong><\/p>\n\n\n\n<p>Al\u00e9m da entrega do aeroporto, o Governo do Tocantins tamb\u00e9m far\u00e1 a entrega das obras de pavimenta\u00e7\u00e3o asf\u00e1ltica da TO-030, com extens\u00e3o de 20 km de S\u00e3o F\u00e9lix at\u00e9 a comunidade quilombola Povoado do Prata. O investimento \u00e9 de R$ 50 milh\u00f5es e comp\u00f5e o pacote de a\u00e7\u00f5es com investimento total de R$ 300 milh\u00f5es em andamento realizado pelo Governo do Tocantins, por meio da Ag\u00eancia de Transportes, Obras e Infraestrutura (Ageto), voltado para a melhoria da infraestrutura, a expans\u00e3o da malha vi\u00e1ria e o fortalecimento do desenvolvimento econ\u00f4mico e tur\u00edstico da regi\u00e3o do Jalap\u00e3o.<\/p>\n\n\n\n<p>Durante passeio com a fam\u00edlia, Otacir Ara\u00fajo Neto destaca a expectativa pela melhoria do acesso com o novo asfalto na regi\u00e3o. \u201c\u00c9 uma maravilha que as estradas estejam passando por melhorias, porque enfrentamos trechos ruins, mas quando chegamos, compensou muito. Com o asfalto, o acesso vai ficar muito bom. Passamos por um trecho asfaltado e j\u00e1 deu para comemorar. Paramos na cachoeira, no fervedouro, e, agora, estamos indo para Palmas\u201d, comemora Otacir.<\/p>\n\n\n\n<p><img decoding=\"async\" src=\"https:\/\/central.to.gov.br\/image\/435985?w=670&amp;h=414\"><\/p>\n\n\n\n<p><strong><em>Governador Wanderlei Barbosa vistoria obras do aeroporto de S\u00e3o F\u00e9lix e anuncia entrega para dezembro, refor\u00e7ando o compromisso com o desenvolvimento do Jalap\u00e3o &#8211; Governo do Tocantins&nbsp;<\/em><\/strong><\/p>\n\n\n\n<p><img decoding=\"async\" src=\"https:\/\/central.to.gov.br\/image\/435980?w=670&amp;h=414\"><\/p>\n\n\n\n<p><strong><em>Obras de asfaltamento da TO-030, entre S\u00e3o F\u00e9lix e o Povoado Prata, avan\u00e7am e prometem melhorar o acesso e fortalecer o turismo local &#8211; In\u00e1cio Neto\/Governo do Tocantins&nbsp;<\/em><\/strong><\/p>\n\n\n\n<p><img decoding=\"async\" src=\"https:\/\/central.to.gov.br\/image\/435979?w=670&amp;h=414\"><\/p>\n\n\n\n<p><strong><em>Durante passeio em fam\u00edlia pelo Jalap\u00e3o, empres\u00e1rio Emerson Guerra celebra potencial de crescimento tur\u00edstico com a constru\u00e7\u00e3o do aeroporto &#8211; Ademir dos Anjos\/Governo do Tocantins<\/em><\/strong><\/p>\n\n\n\n<p><img decoding=\"async\" src=\"https:\/\/central.to.gov.br\/image\/435982?w=670&amp;h=414\"><\/p>\n\n\n\n<p><strong><em>Prefeito de S\u00e3o F\u00e9lix, Gercimar Xavier, destaca impacto das obras de infraestrutura para a regi\u00e3o e agradece ao Governo do Tocantins pelas melhorias &#8211; Ademir dos Anjos\/Governo do Tocantins&nbsp;<\/em><\/strong><\/p>\n\n\n\n<p><img decoding=\"async\" src=\"https:\/\/central.to.gov.br\/image\/435983?w=670&amp;h=414\"><\/p>\n\n\n\n<p><strong><em>Morador de S\u00e3o F\u00e9lix desde a inf\u00e2ncia, o empres\u00e1rio Ulisses Tomer aposta na qualifica\u00e7\u00e3o da equipe para atender turistas com a chegada do novo aeroporto &#8211; Ademir dos Anjos \/Governo do Tocantins&nbsp;<\/em><\/strong><\/p>\n\n\n\n<figure class=\"wp-block-image size-full is-resized\"><img loading=\"lazy\" decoding=\"async\" width=\"727\" height=\"184\" src=\"https:\/\/focotocantinense.com.br\/wp-content\/uploads\/2025\/07\/SHOW-DE-HUMOR-DE-VINICIUS-MARTINS-5.jpeg\" alt=\"\" class=\"wp-image-10804\" style=\"width:840px;height:auto\" srcset=\"https:\/\/focotocantinense.com.br\/wp-content\/uploads\/2025\/07\/SHOW-DE-HUMOR-DE-VINICIUS-MARTINS-5.jpeg 727w, https:\/\/focotocantinense.com.br\/wp-content\/uploads\/2025\/07\/SHOW-DE-HUMOR-DE-VINICIUS-MARTINS-5-300x76.jpeg 300w\" sizes=\"auto, (max-width: 727px) 100vw, 727px\" \/><\/figure>\n","protected":false},"excerpt":{"rendered":"<p>A proximidade da entrega do aeroporto no munic\u00edpio de S\u00e3o F\u00e9lix, na regi\u00e3o do Jalap\u00e3o, marcada para dezembro, aumenta a expectativa entre empres\u00e1rios, moradores e turistas, sendo esta uma das obras mais aguardadas para aprimorar a infraestrutura local, impulsionar a economia e fortalecer o turismo tocantinense. O governador do Tocantins, Wanderlei Barbosa, anunciou a entrega &hellip;<\/p>\n","protected":false},"author":5,"featured_media":10813,"comment_status":"open","ping_status":"open","sticky":false,"template":"","format":"standard","meta":{"footnotes":""},"categories":[40],"tags":[],"class_list":["post-10812","post","type-post","status-publish","format-standard","has-post-thumbnail","","category-politica"],"_links":{"self":[{"href":"https:\/\/focotocantinense.com.br\/index.php?rest_route=\/wp\/v2\/posts\/10812","targetHints":{"allow":["GET"]}}],"collection":[{"href":"https:\/\/focotocantinense.com.br\/index.php?rest_route=\/wp\/v2\/posts"}],"about":[{"href":"https:\/\/focotocantinense.com.br\/index.php?rest_route=\/wp\/v2\/types\/post"}],"author":[{"embeddable":true,"href":"https:\/\/focotocantinense.com.br\/index.php?rest_route=\/wp\/v2\/users\/5"}],"replies":[{"embeddable":true,"href":"https:\/\/focotocantinense.com.br\/index.php?rest_route=%2Fwp%2Fv2%2Fcomments&post=10812"}],"version-history":[{"count":4,"href":"https:\/\/focotocantinense.com.br\/index.php?rest_route=\/wp\/v2\/posts\/10812\/revisions"}],"predecessor-version":[{"id":10820,"href":"https:\/\/focotocantinense.com.br\/index.php?rest_route=\/wp\/v2\/posts\/10812\/revisions\/10820"}],"wp:featuredmedia":[{"embeddable":true,"href":"https:\/\/focotocantinense.com.br\/index.php?rest_route=\/wp\/v2\/media\/10813"}],"wp:attachment":[{"href":"https:\/\/focotocantinense.com.br\/index.php?rest_route=%2Fwp%2Fv2%2Fmedia&parent=10812"}],"wp:term":[{"taxonomy":"category","embeddable":true,"href":"https:\/\/focotocantinense.com.br\/index.php?rest_route=%2Fwp%2Fv2%2Fcategories&post=10812"},{"taxonomy":"post_tag","embeddable":true,"href":"https:\/\/focotocantinense.com.br\/index.php?rest_route=%2Fwp%2Fv2%2Ftags&post=10812"}],"curies":[{"name":"wp","href":"https:\/\/api.w.org\/{rel}","templated":true}]}}