{"id":1081,"date":"2021-04-08T14:34:58","date_gmt":"2021-04-08T17:34:58","guid":{"rendered":"https:\/\/focotocantinense.com.br\/?p=1081"},"modified":"2021-04-08T14:35:03","modified_gmt":"2021-04-08T17:35:03","slug":"governador-carlesse-afirma-que-leitos-de-uti-em-porto-nacional-sao-conquista-da-populacao-e-destaca-articulacao-do-deputado-antonio-andrade","status":"publish","type":"post","link":"https:\/\/focotocantinense.com.br\/?p=1081","title":{"rendered":"Governador Carlesse afirma que leitos de UTI em Porto Nacional s\u00e3o conquista da popula\u00e7\u00e3o e destaca articula\u00e7\u00e3o do deputado Antonio Andrade"},"content":{"rendered":"\n<p>O governador do Tocantins, Mauro Carlesse, tem acompanhado diariamente e cobrado da Secretaria de Estado da Sa\u00fade (SES) agilidade na implanta\u00e7\u00e3o dos 10 leitos de UTI no Hospital Regional de Porto Nacional. Nesta semana, a instala\u00e7\u00e3o dos leitos entra na reta final e a previs\u00e3o \u00e9 de que estejam aptos a receber pacientes a partir deste s\u00e1bado, 10. Os 10 novos leitos de UTI em Porto Nacional far\u00e3o a rede implantada pelo Governo do Tocantins chegar a 168 UTIs exclusivos para Covid.<br><br>O governador Mauro Carlesse destaca que os investimentos realizados pelo Governo do Estado na implanta\u00e7\u00e3o desses leitos s\u00e3o uma conquista da popula\u00e7\u00e3o de Porto Nacional, que h\u00e1 d\u00e9cadas aguarda por essa estrutura. \u201cH\u00e1 v\u00e1rios meses, estamos trabalhando para implantar esses leitos em Porto Nacional e, agora, est\u00e1 sendo poss\u00edvel. \u00c9 uma estrutura definitiva que ficar\u00e1 como legado no Hospital Regional, que \u00e9 administrado pelo Estado. Essa foi uma op\u00e7\u00e3o nossa, n\u00e3o fazer estruturas provis\u00f3rias e sim investir na nossa rede hospitalar para seguir melhorando as condi\u00e7\u00f5es de trabalho dos profissionais da Sa\u00fade e tamb\u00e9m para atender melhor a popula\u00e7\u00e3o\u201d, afirma o Governador.<br><br>O Chefe do Poder Executivo tamb\u00e9m destaca a atua\u00e7\u00e3o do presidente da Assembleia Legislativa, deputado Antonio Andrade, na articula\u00e7\u00e3o e na defesa da cidade de Porto Nacional, principalmente, em rela\u00e7\u00e3o aos leitos de UTI. \u201cO deputado Toinho Andrade nos trouxe essa reivindica\u00e7\u00e3o dos leitos de UTI para Porto Nacional&nbsp;e n\u00f3s entendemos ser importante implantar para atender a popula\u00e7\u00e3o da regi\u00e3o\u201d, destaca.<br><br>O deputado Antonio Andrade, que esteve no Pal\u00e1cio Araguaia, na tarde dessa quarta-feira, 7, novamente debatendo a implanta\u00e7\u00e3o dos leitos de UTI em Porto Nacional, afirmou que o in\u00edcio do funcionamento dos leitos cumpre uma etapa, mas que o trabalho para a melhoria dos servi\u00e7os de Sa\u00fade precisa ser constante. \u201cEssa \u00e9 uma luta antiga que agora est\u00e1 se tornando realidade. N\u00e3o \u00e9 uma situa\u00e7\u00e3o para se comemorar, estamos numa pandemia e todos n\u00f3s estamos sofrendo, perdendo amigos e entes queridos. Esses leitos s\u00e3o muito importantes para Porto Nacional, pois ir\u00e3o atender a popula\u00e7\u00e3o de maneira mais \u00e1gil e com qualidade. Ainda assim, \u00e9 preciso que todos continuem tomando todos os cuidados, pois s\u00f3 a vacina garante a imuniza\u00e7\u00e3o\u201d, frisou o presidente Antonio Andrade.<br><br>Para a abertura desses 10 leitos, a Secretaria de Estado da Sa\u00fade realizou a contrata\u00e7\u00e3o da empresa Innmed Gest\u00e3o em Sa\u00fade LTDA, para o gerenciamento e a operacionaliza\u00e7\u00e3o dos leitos de Terapia Intensiva Adulto tipo II. A empresa \u00e9 a respons\u00e1vel pela contrata\u00e7\u00e3o de profissionais de Sa\u00fade, equipamentos e insumos para a operacionaliza\u00e7\u00e3o dos leitos.<\/p>\n\n\n\n<p>Edi\u00e7\u00e3o: Caroline Spricigo<\/p>\n\n\n\n<p>Revis\u00e3o Textual: Marynne Juliate<\/p>\n","protected":false},"excerpt":{"rendered":"<p>O governador do Tocantins, Mauro Carlesse, tem acompanhado diariamente e cobrado da Secretaria de Estado da Sa\u00fade (SES) agilidade na implanta\u00e7\u00e3o dos 10 leitos de UTI no Hospital Regional de Porto Nacional. Nesta semana, a instala\u00e7\u00e3o dos leitos entra na reta final e a previs\u00e3o \u00e9 de que estejam aptos a receber pacientes a partir &hellip;<\/p>\n","protected":false},"author":5,"featured_media":1082,"comment_status":"open","ping_status":"open","sticky":false,"template":"","format":"standard","meta":{"footnotes":""},"categories":[1],"tags":[],"class_list":["post-1081","post","type-post","status-publish","format-standard","has-post-thumbnail","","category-sem-categoria"],"_links":{"self":[{"href":"https:\/\/focotocantinense.com.br\/index.php?rest_route=\/wp\/v2\/posts\/1081","targetHints":{"allow":["GET"]}}],"collection":[{"href":"https:\/\/focotocantinense.com.br\/index.php?rest_route=\/wp\/v2\/posts"}],"about":[{"href":"https:\/\/focotocantinense.com.br\/index.php?rest_route=\/wp\/v2\/types\/post"}],"author":[{"embeddable":true,"href":"https:\/\/focotocantinense.com.br\/index.php?rest_route=\/wp\/v2\/users\/5"}],"replies":[{"embeddable":true,"href":"https:\/\/focotocantinense.com.br\/index.php?rest_route=%2Fwp%2Fv2%2Fcomments&post=1081"}],"version-history":[{"count":1,"href":"https:\/\/focotocantinense.com.br\/index.php?rest_route=\/wp\/v2\/posts\/1081\/revisions"}],"predecessor-version":[{"id":1083,"href":"https:\/\/focotocantinense.com.br\/index.php?rest_route=\/wp\/v2\/posts\/1081\/revisions\/1083"}],"wp:featuredmedia":[{"embeddable":true,"href":"https:\/\/focotocantinense.com.br\/index.php?rest_route=\/wp\/v2\/media\/1082"}],"wp:attachment":[{"href":"https:\/\/focotocantinense.com.br\/index.php?rest_route=%2Fwp%2Fv2%2Fmedia&parent=1081"}],"wp:term":[{"taxonomy":"category","embeddable":true,"href":"https:\/\/focotocantinense.com.br\/index.php?rest_route=%2Fwp%2Fv2%2Fcategories&post=1081"},{"taxonomy":"post_tag","embeddable":true,"href":"https:\/\/focotocantinense.com.br\/index.php?rest_route=%2Fwp%2Fv2%2Ftags&post=1081"}],"curies":[{"name":"wp","href":"https:\/\/api.w.org\/{rel}","templated":true}]}}