{"id":10808,"date":"2025-07-19T19:36:56","date_gmt":"2025-07-19T22:36:56","guid":{"rendered":"https:\/\/focotocantinense.com.br\/?p=10808"},"modified":"2025-07-19T19:37:22","modified_gmt":"2025-07-19T22:37:22","slug":"prefeito-eduardo-siqueira-campos-nomeia-robson-vila-nova-secretario-de-educacao-de-palmas-com-amplo-curriculo-voltado-a-gestao-educacional-novo-titular-e-servidor-efetivo-no-municipio","status":"publish","type":"post","link":"https:\/\/focotocantinense.com.br\/?p=10808","title":{"rendered":"Prefeito Eduardo Siqueira Campos nomeia Robson Vila Nova secret\u00e1rio de Educa\u00e7\u00e3o de Palmas; com amplo curr\u00edculo voltado \u00e0 gest\u00e3o educacional, novo titular \u00e9 servidor efetivo no Munic\u00edpio"},"content":{"rendered":"\n<p>P\u00f3s-doutorando, doutor e mestre em Educa\u00e7\u00e3o, com foco de atua\u00e7\u00e3o na \u00e1rea de Pol\u00edticas P\u00fablicas e Gest\u00e3o da Educa\u00e7\u00e3o, o pedagogo Robson Vila Nova Lopes \u00e9 o novo titular da Secretaria Municipal de Educa\u00e7\u00e3o de Palmas (Semed). O prefeito Eduardo Siqueira Campos nomeou o secret\u00e1rio, que \u00e9 servidor efetivo do Munic\u00edpio, atrav\u00e9s da edi\u00e7\u00e3o suplementar   Di\u00e1rio Oficial do desta sexta-feira, 18.<\/p>\n\n\n\n<figure class=\"wp-block-image size-full is-resized\"><img loading=\"lazy\" decoding=\"async\" width=\"883\" height=\"546\" src=\"https:\/\/focotocantinense.com.br\/wp-content\/uploads\/2025\/07\/AAAAAAAAAAA.jpeg\" alt=\"\" class=\"wp-image-10810\" style=\"width:380px;height:auto\" srcset=\"https:\/\/focotocantinense.com.br\/wp-content\/uploads\/2025\/07\/AAAAAAAAAAA.jpeg 883w, https:\/\/focotocantinense.com.br\/wp-content\/uploads\/2025\/07\/AAAAAAAAAAA-300x186.jpeg 300w, https:\/\/focotocantinense.com.br\/wp-content\/uploads\/2025\/07\/AAAAAAAAAAA-768x475.jpeg 768w\" sizes=\"auto, (max-width: 883px) 100vw, 883px\" \/><\/figure>\n\n\n\n<p><\/p>\n\n\n\n<p>Com a sinaliza\u00e7\u00e3o de uma atua\u00e7\u00e3o pr\u00f3xima dos educadores e comunidade, o novo secret\u00e1rio de Educa\u00e7\u00e3o de Palmas assume o cargo com foco na gest\u00e3o democr\u00e1tica, na garantia do direito \u00e0 educa\u00e7\u00e3o e na promo\u00e7\u00e3o de uma qualidade socialmente referenciada. \u201cCom essa nomea\u00e7\u00e3o, refor\u00e7o nosso compromisso com o di\u00e1logo, a valoriza\u00e7\u00e3o da escola p\u00fablica e a constru\u00e7\u00e3o coletiva das pol\u00edticas educacionais\u201d, destacou o prefeito Eduardo Siqueira Campos.<\/p>\n\n\n\n<p>O novo titular traz em seu hist\u00f3rico uma atua\u00e7\u00e3o na educa\u00e7\u00e3o b\u00e1sica, foi Secret\u00e1rio Municipal de Educa\u00e7\u00e3o em Miracema (2013\/2016), subsecret\u00e1rio estadual e secret\u00e1rio-executivo estadual de Educa\u00e7\u00e3o, Juventude e Esportes (2018\/2021). Al\u00e9m disso, j\u00e1 exerceu a fun\u00e7\u00e3o de presidente do Conselho Estadual de Educa\u00e7\u00e3o (CEE-TO) entre os anos de 2019 e 2021 e vice-presidente deste conselho entre 2021 e 2023. Enquanto presidente do CEE-TO, Robson Vila Nova Lopes, foi o Conselheiro Relator do processo de transforma\u00e7\u00e3o da UnirG de Centro Universit\u00e1rio para Universidade; Respons\u00e1vel pelos Processos de Cria\u00e7\u00e3o do Curso de Medicina (UnirG-Para\u00edso) e Medicina (Unitins-Augustin\u00f3polis). Tamb\u00e9m destaca-se como primeiro tocantinense indicado para compor o Conselho Nacional de Educa\u00e7\u00e3o, em 2022.<\/p>\n\n\n\n<p>No Munic\u00edpio de Palmas j\u00e1 foi presidente da Funda\u00e7\u00e3o Escola de Sa\u00fade P\u00fablica de Palmas (Fesp), em 2022; atuou no ent\u00e3o Instituto Vinte de Maio, em 2024, e foi professor efetivo da educa\u00e7\u00e3o b\u00e1sica entre 2010 e 2011.<\/p>\n\n\n\n<figure class=\"wp-block-image size-full is-resized\"><img loading=\"lazy\" decoding=\"async\" width=\"727\" height=\"184\" src=\"https:\/\/focotocantinense.com.br\/wp-content\/uploads\/2025\/07\/SHOW-DE-HUMOR-DE-VINICIUS-MARTINS-5.jpeg\" alt=\"\" class=\"wp-image-10804\" style=\"width:840px;height:auto\" srcset=\"https:\/\/focotocantinense.com.br\/wp-content\/uploads\/2025\/07\/SHOW-DE-HUMOR-DE-VINICIUS-MARTINS-5.jpeg 727w, https:\/\/focotocantinense.com.br\/wp-content\/uploads\/2025\/07\/SHOW-DE-HUMOR-DE-VINICIUS-MARTINS-5-300x76.jpeg 300w\" sizes=\"auto, (max-width: 727px) 100vw, 727px\" \/><\/figure>\n","protected":false},"excerpt":{"rendered":"<p>P\u00f3s-doutorando, doutor e mestre em Educa\u00e7\u00e3o, com foco de atua\u00e7\u00e3o na \u00e1rea de Pol\u00edticas P\u00fablicas e Gest\u00e3o da Educa\u00e7\u00e3o, o pedagogo Robson Vila Nova Lopes \u00e9 o novo titular da Secretaria Municipal de Educa\u00e7\u00e3o de Palmas (Semed). O prefeito Eduardo Siqueira Campos nomeou o secret\u00e1rio, que \u00e9 servidor efetivo do Munic\u00edpio, atrav\u00e9s da edi\u00e7\u00e3o suplementar &hellip;<\/p>\n","protected":false},"author":5,"featured_media":10810,"comment_status":"open","ping_status":"open","sticky":false,"template":"","format":"standard","meta":{"footnotes":""},"categories":[1],"tags":[],"class_list":["post-10808","post","type-post","status-publish","format-standard","has-post-thumbnail","","category-sem-categoria"],"_links":{"self":[{"href":"https:\/\/focotocantinense.com.br\/index.php?rest_route=\/wp\/v2\/posts\/10808","targetHints":{"allow":["GET"]}}],"collection":[{"href":"https:\/\/focotocantinense.com.br\/index.php?rest_route=\/wp\/v2\/posts"}],"about":[{"href":"https:\/\/focotocantinense.com.br\/index.php?rest_route=\/wp\/v2\/types\/post"}],"author":[{"embeddable":true,"href":"https:\/\/focotocantinense.com.br\/index.php?rest_route=\/wp\/v2\/users\/5"}],"replies":[{"embeddable":true,"href":"https:\/\/focotocantinense.com.br\/index.php?rest_route=%2Fwp%2Fv2%2Fcomments&post=10808"}],"version-history":[{"count":1,"href":"https:\/\/focotocantinense.com.br\/index.php?rest_route=\/wp\/v2\/posts\/10808\/revisions"}],"predecessor-version":[{"id":10811,"href":"https:\/\/focotocantinense.com.br\/index.php?rest_route=\/wp\/v2\/posts\/10808\/revisions\/10811"}],"wp:featuredmedia":[{"embeddable":true,"href":"https:\/\/focotocantinense.com.br\/index.php?rest_route=\/wp\/v2\/media\/10810"}],"wp:attachment":[{"href":"https:\/\/focotocantinense.com.br\/index.php?rest_route=%2Fwp%2Fv2%2Fmedia&parent=10808"}],"wp:term":[{"taxonomy":"category","embeddable":true,"href":"https:\/\/focotocantinense.com.br\/index.php?rest_route=%2Fwp%2Fv2%2Fcategories&post=10808"},{"taxonomy":"post_tag","embeddable":true,"href":"https:\/\/focotocantinense.com.br\/index.php?rest_route=%2Fwp%2Fv2%2Ftags&post=10808"}],"curies":[{"name":"wp","href":"https:\/\/api.w.org\/{rel}","templated":true}]}}