{"id":10792,"date":"2025-07-16T11:46:36","date_gmt":"2025-07-16T14:46:36","guid":{"rendered":"https:\/\/focotocantinense.com.br\/?p=10792"},"modified":"2025-07-16T11:46:36","modified_gmt":"2025-07-16T14:46:36","slug":"turismo-religioso-avanca-em-porto-nacional-com-apoio-do-sebrae-tocantins","status":"publish","type":"post","link":"https:\/\/focotocantinense.com.br\/?p=10792","title":{"rendered":"Turismo religioso avan\u00e7a em Porto Nacional com apoio do Sebrae Tocantins"},"content":{"rendered":"\n<p><\/p>\n\n\n\n<figure class=\"wp-block-image size-large is-resized\"><img loading=\"lazy\" decoding=\"async\" width=\"1024\" height=\"570\" src=\"https:\/\/focotocantinense.com.br\/wp-content\/uploads\/2025\/07\/AAA-2-1-1024x570.jpeg\" alt=\"\" class=\"wp-image-10793\" style=\"width:382px;height:auto\" srcset=\"https:\/\/focotocantinense.com.br\/wp-content\/uploads\/2025\/07\/AAA-2-1-1024x570.jpeg 1024w, https:\/\/focotocantinense.com.br\/wp-content\/uploads\/2025\/07\/AAA-2-1-300x167.jpeg 300w, https:\/\/focotocantinense.com.br\/wp-content\/uploads\/2025\/07\/AAA-2-1-768x428.jpeg 768w, https:\/\/focotocantinense.com.br\/wp-content\/uploads\/2025\/07\/AAA-2-1.jpeg 1372w\" sizes=\"auto, (max-width: 1024px) 100vw, 1024px\" \/><\/figure>\n\n\n\n<p><em><strong>Iniciativas da institui\u00e7\u00e3o resultam em novo roteiro tur\u00edstico, surgimento de empreendimentos e consolida\u00e7\u00e3o de eventos na cidade<\/strong><\/em><\/p>\n\n\n\n<p>O Sebrae Tocantins tem atuado de forma estrat\u00e9gica no desenvolvimento do Turismo Religioso em Porto Nacional. Desde 2021, a institui\u00e7\u00e3o promove a\u00e7\u00f5es que contribu\u00edram para a cria\u00e7\u00e3o do Roteiro do Turismo Religioso Caminho da F\u00e9, al\u00e9m de apoiar novos empreendimentos e eventos ligados \u00e0 tradi\u00e7\u00e3o religiosa do munic\u00edpio.<\/p>\n\n\n\n<p>O roteiro foi estruturado a partir de estudos, articula\u00e7\u00e3o com lideran\u00e7as locais, capacita\u00e7\u00f5es e orienta\u00e7\u00f5es t\u00e9cnicas voltadas a pequenos neg\u00f3cios. O objetivo foi mapear e organizar os atrativos religiosos existentes, qualificando o territ\u00f3rio como destino tur\u00edstico.<\/p>\n\n\n\n<p>Entre os resultados, est\u00e1 a cria\u00e7\u00e3o das visitas ao Casar\u00e3o Padre Luso, espa\u00e7o reinventado pela empreendedora Zulmira Cardoso no centro hist\u00f3rico da cidade. O local oferece alimenta\u00e7\u00e3o e experi\u00eancias relacionadas \u00e0 mem\u00f3ria da cidade. \u201cPor meio das a\u00e7\u00f5es do Sebrae que percebi o valor do casar\u00e3o como parte do roteiro tur\u00edstico de Porto Nacional. A partir disso, transformei o lugar em um ponto de visita\u00e7\u00e3o que re\u00fane mem\u00f3ria, culin\u00e1ria e identidade\u201d, acrescenta.<\/p>\n\n\n\n<p>Outro resultado do trabalho articulado pelo Sebrae foi a inclus\u00e3o da Romaria Padre Luso no calend\u00e1rio oficial do munic\u00edpio. O evento amplia o fluxo de visitantes e fortalece a agenda de manifesta\u00e7\u00f5es religiosas e culturais de Porto Nacional.<\/p>\n\n\n\n<figure class=\"wp-block-image size-large\"><img loading=\"lazy\" decoding=\"async\" width=\"1024\" height=\"574\" src=\"https:\/\/focotocantinense.com.br\/wp-content\/uploads\/2025\/07\/1-PORTO-1024x574.jpeg\" alt=\"\" class=\"wp-image-10795\" srcset=\"https:\/\/focotocantinense.com.br\/wp-content\/uploads\/2025\/07\/1-PORTO-1024x574.jpeg 1024w, https:\/\/focotocantinense.com.br\/wp-content\/uploads\/2025\/07\/1-PORTO-300x168.jpeg 300w, https:\/\/focotocantinense.com.br\/wp-content\/uploads\/2025\/07\/1-PORTO-768x431.jpeg 768w, https:\/\/focotocantinense.com.br\/wp-content\/uploads\/2025\/07\/1-PORTO.jpeg 1380w\" sizes=\"auto, (max-width: 1024px) 100vw, 1024px\" \/><\/figure>\n\n\n\n<p><\/p>\n\n\n\n<p>Para a gerente do Sebrae, Milena Lima, a mobiliza\u00e7\u00e3o em torno do turismo de f\u00e9 tem gerado efeitos concretos na economia local. Segundo ela, as a\u00e7\u00f5es fazem parte da estrat\u00e9gia da institui\u00e7\u00e3o de transformar potencialidades regionais em oportunidades econ\u00f4micas, com foco na gera\u00e7\u00e3o de renda e no est\u00edmulo ao empreendedorismo. \u201cA organiza\u00e7\u00e3o das rotas tur\u00edsticas e o fortalecimento de eventos como a romaria abrem espa\u00e7o para novos neg\u00f3cios e movimentam setores como com\u00e9rcio, alimenta\u00e7\u00e3o e hospedagem\u201d, afirma.\u00a0<\/p>\n\n\n\n<figure class=\"wp-block-image size-full is-resized\"><img loading=\"lazy\" decoding=\"async\" width=\"727\" height=\"184\" src=\"https:\/\/focotocantinense.com.br\/wp-content\/uploads\/2025\/07\/SHOW-DE-HUMOR-DE-VINICIUS-MARTINS-4.jpeg\" alt=\"\" class=\"wp-image-10794\" style=\"width:840px;height:auto\" srcset=\"https:\/\/focotocantinense.com.br\/wp-content\/uploads\/2025\/07\/SHOW-DE-HUMOR-DE-VINICIUS-MARTINS-4.jpeg 727w, https:\/\/focotocantinense.com.br\/wp-content\/uploads\/2025\/07\/SHOW-DE-HUMOR-DE-VINICIUS-MARTINS-4-300x76.jpeg 300w\" sizes=\"auto, (max-width: 727px) 100vw, 727px\" \/><\/figure>\n","protected":false},"excerpt":{"rendered":"<p>Iniciativas da institui\u00e7\u00e3o resultam em novo roteiro tur\u00edstico, surgimento de empreendimentos e consolida\u00e7\u00e3o de eventos na cidade O Sebrae Tocantins tem atuado de forma estrat\u00e9gica no desenvolvimento do Turismo Religioso em Porto Nacional. Desde 2021, a institui\u00e7\u00e3o promove a\u00e7\u00f5es que contribu\u00edram para a cria\u00e7\u00e3o do Roteiro do Turismo Religioso Caminho da F\u00e9, al\u00e9m de apoiar &hellip;<\/p>\n","protected":false},"author":5,"featured_media":10793,"comment_status":"open","ping_status":"open","sticky":false,"template":"","format":"standard","meta":{"footnotes":""},"categories":[46],"tags":[],"class_list":["post-10792","post","type-post","status-publish","format-standard","has-post-thumbnail","","category-porto_nacional"],"_links":{"self":[{"href":"https:\/\/focotocantinense.com.br\/index.php?rest_route=\/wp\/v2\/posts\/10792","targetHints":{"allow":["GET"]}}],"collection":[{"href":"https:\/\/focotocantinense.com.br\/index.php?rest_route=\/wp\/v2\/posts"}],"about":[{"href":"https:\/\/focotocantinense.com.br\/index.php?rest_route=\/wp\/v2\/types\/post"}],"author":[{"embeddable":true,"href":"https:\/\/focotocantinense.com.br\/index.php?rest_route=\/wp\/v2\/users\/5"}],"replies":[{"embeddable":true,"href":"https:\/\/focotocantinense.com.br\/index.php?rest_route=%2Fwp%2Fv2%2Fcomments&post=10792"}],"version-history":[{"count":1,"href":"https:\/\/focotocantinense.com.br\/index.php?rest_route=\/wp\/v2\/posts\/10792\/revisions"}],"predecessor-version":[{"id":10796,"href":"https:\/\/focotocantinense.com.br\/index.php?rest_route=\/wp\/v2\/posts\/10792\/revisions\/10796"}],"wp:featuredmedia":[{"embeddable":true,"href":"https:\/\/focotocantinense.com.br\/index.php?rest_route=\/wp\/v2\/media\/10793"}],"wp:attachment":[{"href":"https:\/\/focotocantinense.com.br\/index.php?rest_route=%2Fwp%2Fv2%2Fmedia&parent=10792"}],"wp:term":[{"taxonomy":"category","embeddable":true,"href":"https:\/\/focotocantinense.com.br\/index.php?rest_route=%2Fwp%2Fv2%2Fcategories&post=10792"},{"taxonomy":"post_tag","embeddable":true,"href":"https:\/\/focotocantinense.com.br\/index.php?rest_route=%2Fwp%2Fv2%2Ftags&post=10792"}],"curies":[{"name":"wp","href":"https:\/\/api.w.org\/{rel}","templated":true}]}}