{"id":10781,"date":"2025-07-15T19:56:16","date_gmt":"2025-07-15T22:56:16","guid":{"rendered":"https:\/\/focotocantinense.com.br\/?p=10781"},"modified":"2025-07-15T19:57:39","modified_gmt":"2025-07-15T22:57:39","slug":"escola-do-legislativo-conclui-primeiro-semestre-de-2025-com-mais-de-8-mil-alunos-atendidos","status":"publish","type":"post","link":"https:\/\/focotocantinense.com.br\/?p=10781","title":{"rendered":"Escola do Legislativo conclui primeiro semestre de 2025 com mais de 8 mil alunos atendidos"},"content":{"rendered":"\n<p>A Escola do Legislativo finalizou o primeiro semestre de 2025 com importantes conquistas em sua miss\u00e3o de promover a capacita\u00e7\u00e3o profissional de servidores e a inclus\u00e3o educacional da comunidade externa.<\/p>\n\n\n\n<p>Entre fevereiro e junho, diversos alunos participaram de cursos nas mais diversas \u00e1reas, sendo 7.456 estudantes \u00e0 dist\u00e2ncia e 778 em cursos presenciais distribu\u00eddos em cinco munic\u00edpios tocantinenses. Ademais, diferentes a\u00e7\u00f5es educativas foram promovidas e servidores integraram cursos de forma\u00e7\u00e3o focados na melhoria de suas fun\u00e7\u00f5es.<\/p>\n\n\n\n<figure class=\"wp-block-image size-large is-resized\"><img loading=\"lazy\" decoding=\"async\" width=\"1024\" height=\"640\" src=\"https:\/\/focotocantinense.com.br\/wp-content\/uploads\/2025\/07\/aaaaaaaaaaaaaaaaaaaaaaaa-1024x640.jpg\" alt=\"\" class=\"wp-image-10782\" style=\"width:390px;height:auto\" srcset=\"https:\/\/focotocantinense.com.br\/wp-content\/uploads\/2025\/07\/aaaaaaaaaaaaaaaaaaaaaaaa-1024x640.jpg 1024w, https:\/\/focotocantinense.com.br\/wp-content\/uploads\/2025\/07\/aaaaaaaaaaaaaaaaaaaaaaaa-300x187.jpg 300w, https:\/\/focotocantinense.com.br\/wp-content\/uploads\/2025\/07\/aaaaaaaaaaaaaaaaaaaaaaaa-768x480.jpg 768w, https:\/\/focotocantinense.com.br\/wp-content\/uploads\/2025\/07\/aaaaaaaaaaaaaaaaaaaaaaaa.jpg 1130w\" sizes=\"auto, (max-width: 1024px) 100vw, 1024px\" \/><\/figure>\n\n\n\n<p><\/p>\n\n\n\n<p>De acordo com o presidente da Assembleia Legislativa do Tocantins (Aleto), Am\u00e9lio Cayres (Republicanos), a Escola do Legislativo cumpre um papel fundamental na qualifica\u00e7\u00e3o e desenvolvimento local. \u201cOs resultados deste semestre deixam claro o nosso compromisso em investir na qualifica\u00e7\u00e3o dos servidores, no fortalecimento das C\u00e2maras de Vereadores e na forma\u00e7\u00e3o de estudantes tocantinenses. Seguiremos ampliando esse trabalho, levando conhecimento e oportunidades e ajudando a transformar a realidade das pessoas\u201d, frisou.<\/p>\n\n\n\n<p>J\u00e1 para o diretor da Escola, J\u00falio Oliveira, a efici\u00eancia das din\u00e2micas desenvolvidas foi destaque. \u201cEste semestre foi marcado por importantes avan\u00e7os, com a realiza\u00e7\u00e3o de diversas iniciativas que refor\u00e7am nosso compromisso. Seguimos avan\u00e7ando com projetos e criando novas oportunidades de aprendizado e crescimento para todos&#8221;, ressaltou.&nbsp;<\/p>\n\n\n\n<p><strong>Iniciativas<\/strong><\/p>\n\n\n\n<p>Projeto Visita Guiada: alunos de todo o Tocantins conhecem a Assembleia Legislativa.<\/p>\n\n\n\n<p>Durante o semestre, diversos alunos participaram de visitas t\u00e9cnicas promovidas pela Escola. Mais de 500 estudantes conheceram espa\u00e7os da Casa de Leis, a exemplo do Plen\u00e1rio e do Plenarinho (Sala das Comiss\u00f5es), locais em que as leis s\u00e3o apresentadas, discutidas e votadas.<\/p>\n\n\n\n<p>De acordo com a pedagoga respons\u00e1vel pela condu\u00e7\u00e3o do projeto, Adriane Caldas, a proposta tem como finalidade o letramento pol\u00edtico, destacando seus reflexos na vida cotidiana. \u201cEles vivenciaram essa rica aprendizagem pol\u00edtica, que tanto nos motiva a participar do processo de constru\u00e7\u00e3o cidad\u00e3 do Estado\u201d, explicou. As atividades estimularam o interesse pela pol\u00edtica, apresentando tamb\u00e9m o papel dos deputados e deputadas estaduais e o funcionamento do Poder Legislativo.<\/p>\n\n\n\n<p><strong>Acolhimento e integra\u00e7\u00e3o<\/strong><\/p>\n\n\n\n<p>A Escola tamb\u00e9m deu boas-vindas aos novos servidores aprovados no \u00faltimo concurso p\u00fablico da Aleto. A chegada desses colaboradores tem como objetivo renovar o quadro efetivo e qualificar ainda mais o servi\u00e7o prestado \u00e0 sociedade.<\/p>\n\n\n\n<p>Os profissionais aprovados trazem experi\u00eancias enriquecedoras e j\u00e1 est\u00e3o contribuindo positivamente para o dia a dia do Legislativo Estadual. \u201cHoje, com os novos servidores j\u00e1 atuando em seus postos de trabalho, \u00e9 poss\u00edvel perceber o impacto positivo do projeto. Eles se sentem integrados ao ambiente institucional, o que contribui diretamente para a efici\u00eancia e a harmonia no funcionamento da Casa\u201d, aponta Suyanne Lemos, integrante da equipe de recep\u00e7\u00e3o dos servidores.<\/p>\n\n\n\n<p><strong>Qualifica\u00e7\u00e3o e treinamento<\/strong><\/p>\n\n\n\n<p>No m\u00eas de junho, a Escola recebeu os novos policiais legislativos para a realiza\u00e7\u00e3o do Curso de Forma\u00e7\u00e3o de Pol\u00edcia Legislativa (CFPL), com a finalidade de garantir a capacita\u00e7\u00e3o dos servidores para o exerc\u00edcio de suas fun\u00e7\u00f5es, assegurando a ordem e a seguran\u00e7a nas depend\u00eancias da Casa.<\/p>\n\n\n\n<p>Jo\u00e3o Victor Borges, policial legislativo rec\u00e9m-empossado, avaliou positivamente a experi\u00eancia: \u201cO n\u00edvel de organiza\u00e7\u00e3o e a qualidade dos instrutores foram algo que n\u00f3s n\u00e3o imagin\u00e1vamos\u201d.&nbsp; A primeira fase contou com a colabora\u00e7\u00e3o da Pol\u00edcia Militar e do Corpo de Bombeiros do Tocantins. A forma\u00e7\u00e3o prossegue agora no segundo m\u00f3dulo.<\/p>\n\n\n\n<p><strong>Caravana do Legislativo<\/strong><\/p>\n\n\n\n<p>Um dos destaques do semestre foi a abertura da Caravana do Legislativo, realizada em Dian\u00f3polis. O programa visa levar cursos \u00e0s C\u00e2maras Municipais de todo o Tocantins.<\/p>\n\n\n\n<p>A atua\u00e7\u00e3o mais qualificada dos parlamentares municipais e o fortalecimento do v\u00ednculo entre o poder p\u00fablico e a sociedade s\u00e3o apontados como destaques da iniciativa. \u201cH\u00e1 uma expectativa grande de que os resultados possam ir al\u00e9m da capacita\u00e7\u00e3o, promovendo legisla\u00e7\u00f5es municipais mais conectadas com as necessidades da sociedade, com vereadores mais preparados e engajados\u201d, frisa Vin\u00edcius Alencar, coordenador de projetos da Escola do Legislativo.<\/p>\n\n\n\n<p>As atividades promovidas ao longo do semestre representam um passo importante na valoriza\u00e7\u00e3o do servi\u00e7o p\u00fablico e no fortalecimento da gest\u00e3o institucional. Com tais iniciativas, a Escola do Legislativo reitera seu compromisso com a capacita\u00e7\u00e3o t\u00e9cnica nas fun\u00e7\u00f5es legislativas&nbsp;\u2013 essenciais para o funcionamento da Aleto&nbsp;\u2013 e com o seu papel de agente de forma\u00e7\u00e3o cidad\u00e3.<\/p>\n\n\n\n<figure class=\"wp-block-image size-full is-resized\"><img loading=\"lazy\" decoding=\"async\" width=\"727\" height=\"184\" src=\"https:\/\/focotocantinense.com.br\/wp-content\/uploads\/2025\/07\/SHOW-DE-HUMOR-DE-VINICIUS-MARTINS-1.jpeg\" alt=\"\" class=\"wp-image-10731\" style=\"width:840px;height:auto\" srcset=\"https:\/\/focotocantinense.com.br\/wp-content\/uploads\/2025\/07\/SHOW-DE-HUMOR-DE-VINICIUS-MARTINS-1.jpeg 727w, https:\/\/focotocantinense.com.br\/wp-content\/uploads\/2025\/07\/SHOW-DE-HUMOR-DE-VINICIUS-MARTINS-1-300x76.jpeg 300w\" sizes=\"auto, (max-width: 727px) 100vw, 727px\" \/><\/figure>\n","protected":false},"excerpt":{"rendered":"<p>A Escola do Legislativo finalizou o primeiro semestre de 2025 com importantes conquistas em sua miss\u00e3o de promover a capacita\u00e7\u00e3o profissional de servidores e a inclus\u00e3o educacional da comunidade externa. Entre fevereiro e junho, diversos alunos participaram de cursos nas mais diversas \u00e1reas, sendo 7.456 estudantes \u00e0 dist\u00e2ncia e 778 em cursos presenciais distribu\u00eddos em &hellip;<\/p>\n","protected":false},"author":5,"featured_media":10782,"comment_status":"open","ping_status":"open","sticky":false,"template":"","format":"standard","meta":{"footnotes":""},"categories":[40,1],"tags":[],"class_list":["post-10781","post","type-post","status-publish","format-standard","has-post-thumbnail","","category-politica","category-sem-categoria"],"_links":{"self":[{"href":"https:\/\/focotocantinense.com.br\/index.php?rest_route=\/wp\/v2\/posts\/10781","targetHints":{"allow":["GET"]}}],"collection":[{"href":"https:\/\/focotocantinense.com.br\/index.php?rest_route=\/wp\/v2\/posts"}],"about":[{"href":"https:\/\/focotocantinense.com.br\/index.php?rest_route=\/wp\/v2\/types\/post"}],"author":[{"embeddable":true,"href":"https:\/\/focotocantinense.com.br\/index.php?rest_route=\/wp\/v2\/users\/5"}],"replies":[{"embeddable":true,"href":"https:\/\/focotocantinense.com.br\/index.php?rest_route=%2Fwp%2Fv2%2Fcomments&post=10781"}],"version-history":[{"count":3,"href":"https:\/\/focotocantinense.com.br\/index.php?rest_route=\/wp\/v2\/posts\/10781\/revisions"}],"predecessor-version":[{"id":10785,"href":"https:\/\/focotocantinense.com.br\/index.php?rest_route=\/wp\/v2\/posts\/10781\/revisions\/10785"}],"wp:featuredmedia":[{"embeddable":true,"href":"https:\/\/focotocantinense.com.br\/index.php?rest_route=\/wp\/v2\/media\/10782"}],"wp:attachment":[{"href":"https:\/\/focotocantinense.com.br\/index.php?rest_route=%2Fwp%2Fv2%2Fmedia&parent=10781"}],"wp:term":[{"taxonomy":"category","embeddable":true,"href":"https:\/\/focotocantinense.com.br\/index.php?rest_route=%2Fwp%2Fv2%2Fcategories&post=10781"},{"taxonomy":"post_tag","embeddable":true,"href":"https:\/\/focotocantinense.com.br\/index.php?rest_route=%2Fwp%2Fv2%2Ftags&post=10781"}],"curies":[{"name":"wp","href":"https:\/\/api.w.org\/{rel}","templated":true}]}}