{"id":10772,"date":"2025-07-14T13:10:33","date_gmt":"2025-07-14T16:10:33","guid":{"rendered":"https:\/\/focotocantinense.com.br\/?p=10772"},"modified":"2025-07-14T13:14:49","modified_gmt":"2025-07-14T16:14:49","slug":"em-peixe-governo-do-tocantins-investe-em-uma-das-maiores-praias-do-estado-e-impulsiona-temporada-turistica","status":"publish","type":"post","link":"https:\/\/focotocantinense.com.br\/?p=10772","title":{"rendered":"Em Peixe, Governo do Tocantins investe em uma das maiores praias do estado e impulsiona temporada tur\u00edstica"},"content":{"rendered":"\n<p><em>Localizada no munic\u00edpio de Peixe, no sul do estado, a Praia da Tartaruga encanta com suas \u00e1guas cristalinas e estrutura acolhedora; a expectativa \u00e9 receber mais de 30 mil visitantes nesta temporada<\/em><\/p>\n\n\n\n<p><strong>D\u00e9bora Gomes\/Governo do Tocantins<\/strong><\/p>\n\n\n\n<p>Com \u00e1guas cristalinas, areia branca e um p\u00f4r do sol que mais parece pintura, a Praia da Tartaruga, localizada no munic\u00edpio de Peixe, a 310 km de Palmas, se consolida como um dos principais destinos tur\u00edsticos do Tocantins durante o m\u00eas de julho. Situada \u00e0s margens do Rio Tocantins, integra o Arquip\u00e9lago do Trope\u00e7o, o terceiro maior do mundo, e atrai visitantes de diversas regi\u00f5es do Brasil, movimentando a economia local e gerando emprego e renda.<br><br>Nesta temporada, a expectativa \u00e9 que mais de 30 mil pessoas visitem a praia. Para garantir o conforto e a seguran\u00e7a dos turistas, o Governo do Tocantins, por meio da Secretaria de Estado do Turismo (Setur), destinou cerca de R$ 30 milh\u00f5es para a realiza\u00e7\u00e3o da temporada de praia em mais de 40 munic\u00edpios, com melhorias na infraestrutura, nas barracas instaladas, refor\u00e7o da seguran\u00e7a e da limpeza, al\u00e9m de uma programa\u00e7\u00e3o cultural diversificada com shows nacionais e regionais, atividades esportivas e a\u00e7\u00f5es de conscientiza\u00e7\u00e3o ambiental.<\/p>\n\n\n\n<p>O prefeito de Peixe, Augusto C\u00e9zar, o Cezinha, destacou a import\u00e2ncia do trabalho coletivo para o sucesso da temporada. \u201cTurismo se faz com todos: investidores, empres\u00e1rios, comerciantes e a popula\u00e7\u00e3o em geral. Precisamos qualificar cada vez mais o nosso atendimento e adaptar o padr\u00e3o do com\u00e9rcio local durante o m\u00eas de julho para acolher bem os visitantes. Agrade\u00e7o a todos os investidores e ao Governo do Tocantins, que est\u00e3o acreditando e abra\u00e7ando o nosso projeto\u201d, ressaltou durante a abertura oficial da Temporada de Praia 2025, realizada na noite dessa sexta-feira, 11, com o lan\u00e7amento do Festival Peixe Ver\u00e3o 2025.<\/p>\n\n\n\n<figure class=\"wp-block-image size-large\"><img loading=\"lazy\" decoding=\"async\" width=\"1024\" height=\"585\" src=\"https:\/\/focotocantinense.com.br\/wp-content\/uploads\/2025\/07\/F7-Travessia-ate-a-Praia-da-Tartaruga-e-feita-por-barqueiros-experientes-com-operacao-24-horas-durante-toda-a-temporada-Foto-GovTO-1024x585.jpg\" alt=\"\" class=\"wp-image-10768\" srcset=\"https:\/\/focotocantinense.com.br\/wp-content\/uploads\/2025\/07\/F7-Travessia-ate-a-Praia-da-Tartaruga-e-feita-por-barqueiros-experientes-com-operacao-24-horas-durante-toda-a-temporada-Foto-GovTO-1024x585.jpg 1024w, https:\/\/focotocantinense.com.br\/wp-content\/uploads\/2025\/07\/F7-Travessia-ate-a-Praia-da-Tartaruga-e-feita-por-barqueiros-experientes-com-operacao-24-horas-durante-toda-a-temporada-Foto-GovTO-300x171.jpg 300w, https:\/\/focotocantinense.com.br\/wp-content\/uploads\/2025\/07\/F7-Travessia-ate-a-Praia-da-Tartaruga-e-feita-por-barqueiros-experientes-com-operacao-24-horas-durante-toda-a-temporada-Foto-GovTO-768x439.jpg 768w, https:\/\/focotocantinense.com.br\/wp-content\/uploads\/2025\/07\/F7-Travessia-ate-a-Praia-da-Tartaruga-e-feita-por-barqueiros-experientes-com-operacao-24-horas-durante-toda-a-temporada-Foto-GovTO.jpg 1260w\" sizes=\"auto, (max-width: 1024px) 100vw, 1024px\" \/><\/figure>\n\n\n\n<p><br><br>A secret\u00e1ria municipal de Turismo, Fabiana Nascimento, enfatizou o potencial tur\u00edstico da praia. \u201cN\u00f3s agradecemos o apoio do Governo do Tocantins, porque a praia precisa desse olhar. A Praia da Tartaruga \u00e9 uma das maiores e melhores praias de \u00e1gua doce do Brasil. E eu me arrisco a dizer que \u00e9 a melhor. A Praia da Tartaruga tem um potencial gigantesco pelas suas belezas naturais. Nossa praia tem uma \u00e1gua cristalina. Todos os turistas que participam dessa festa voltam maravilhados. Al\u00e9m de ser linda, temos dunas de areia que s\u00e3o maravilhosas\u201d, evidenciou a secret\u00e1ria.<br><br><strong>Estrutura e funcionamento<\/strong><br><br>Com cerca de 226 mil metros quadrados, a Praia da Tartaruga oferece infraestrutura completa para receber os visitantes. S\u00e3o 12 barracas de alimenta\u00e7\u00e3o e bebidas, presen\u00e7a do Corpo de Bombeiros Militar e Pol\u00edcia Militar, al\u00e9m da Secretaria Municipal de Sa\u00fade. Tamb\u00e9m est\u00e3o dispon\u00edveis 24 cont\u00eaineres sanit\u00e1rios, cada um com seis banheiros, divididos entre masculinos, femininos e com acessibilidade para pessoas com defici\u00eancia.<\/p>\n\n\n\n<p><br><br>A professora Aline Regina, de Goian\u00e9sia\/GO, veio com a fam\u00edlia e refor\u00e7a o encantamento dos visitantes. \u201c\u00c9 o terceiro ano que visitamos a Praia da Tartaruga. \u00c9 um lugar aconchegante, limpo, tranquilo e com \u00e1guas transparentes. Aqui, criamos mem\u00f3rias. \u00c9 a primeira vez que trago meu neto e tenho certeza de que ele vai voltar muitas vezes\u201d, destacou.<\/p>\n\n\n\n<figure class=\"wp-block-image size-large\"><img loading=\"lazy\" decoding=\"async\" width=\"1024\" height=\"585\" src=\"https:\/\/focotocantinense.com.br\/wp-content\/uploads\/2025\/07\/F9-Aline-Regina-e-familia-curtindo-a-praia-Professora-de-Goianesia-GO-visita-o-local-pelo-terceiro-ano-seguido-e-compartilha-a-experiencia-com-o-neto-pela-primeira-vez-Foto-Marcio-Vieira-GovTO-1024x585.jpg\" alt=\"\" class=\"wp-image-10770\" srcset=\"https:\/\/focotocantinense.com.br\/wp-content\/uploads\/2025\/07\/F9-Aline-Regina-e-familia-curtindo-a-praia-Professora-de-Goianesia-GO-visita-o-local-pelo-terceiro-ano-seguido-e-compartilha-a-experiencia-com-o-neto-pela-primeira-vez-Foto-Marcio-Vieira-GovTO-1024x585.jpg 1024w, https:\/\/focotocantinense.com.br\/wp-content\/uploads\/2025\/07\/F9-Aline-Regina-e-familia-curtindo-a-praia-Professora-de-Goianesia-GO-visita-o-local-pelo-terceiro-ano-seguido-e-compartilha-a-experiencia-com-o-neto-pela-primeira-vez-Foto-Marcio-Vieira-GovTO-300x171.jpg 300w, https:\/\/focotocantinense.com.br\/wp-content\/uploads\/2025\/07\/F9-Aline-Regina-e-familia-curtindo-a-praia-Professora-de-Goianesia-GO-visita-o-local-pelo-terceiro-ano-seguido-e-compartilha-a-experiencia-com-o-neto-pela-primeira-vez-Foto-Marcio-Vieira-GovTO-768x439.jpg 768w, https:\/\/focotocantinense.com.br\/wp-content\/uploads\/2025\/07\/F9-Aline-Regina-e-familia-curtindo-a-praia-Professora-de-Goianesia-GO-visita-o-local-pelo-terceiro-ano-seguido-e-compartilha-a-experiencia-com-o-neto-pela-primeira-vez-Foto-Marcio-Vieira-GovTO-1536x878.jpg 1536w, https:\/\/focotocantinense.com.br\/wp-content\/uploads\/2025\/07\/F9-Aline-Regina-e-familia-curtindo-a-praia-Professora-de-Goianesia-GO-visita-o-local-pelo-terceiro-ano-seguido-e-compartilha-a-experiencia-com-o-neto-pela-primeira-vez-Foto-Marcio-Vieira-GovTO-2048x1170.jpg 2048w\" sizes=\"auto, (max-width: 1024px) 100vw, 1024px\" \/><\/figure>\n\n\n\n<p>A praia funcionar\u00e1 com apresenta\u00e7\u00f5es de DJs e artistas regionais at\u00e9 \u00e0s 17 horas. J\u00e1 os shows de maior porte, com atra\u00e7\u00f5es nacionais, acontecer\u00e3o no palco montado na \u00e1rea urbana do munic\u00edpio.<\/p>\n\n\n\n<p>O comerciante Josemar de Ara\u00fajo Barros, que h\u00e1 15 anos trabalha na praia, est\u00e1 otimista com a temporada deste ano. \u201cA expectativa este ano \u00e9 muito boa. A programa\u00e7\u00e3o come\u00e7ou e j\u00e1 estamos recebendo muitos turistas. Para n\u00f3s, \u00e9 uma oportunidade de renda extra. Agradecemos aos visitantes que escolhem consumir em nossa barraca e ajudam a manter esse ciclo positivo\u201d, comentou.<br><br><strong>Seguran\u00e7a refor\u00e7ada<\/strong><br><br>A seguran\u00e7a dos banhistas \u00e9 uma prioridade durante toda a temporada. A \u00e1rea destinada ao banho est\u00e1 completamente sinalizada e conta com vigil\u00e2ncia realizada por bombeiros militares e guarda-vidas civis. O efetivo, que inclui cinco bombeiros e seis guarda-vidas, \u00e9 ajustado conforme a demanda de cada fim de semana, garantindo a prote\u00e7\u00e3o dos frequentadores em todos os per\u00edodos de maior movimento.<\/p>\n\n\n\n<figure class=\"wp-block-image size-large\"><img loading=\"lazy\" decoding=\"async\" width=\"1024\" height=\"585\" src=\"https:\/\/focotocantinense.com.br\/wp-content\/uploads\/2025\/07\/F10-Comerciantes-celebram-o-aumento-nas-vendas-e-a-geracao-de-emprego-durante-o-mes-de-julho.foto-Marcio-Vieira-GovTO-1024x585.jpg\" alt=\"\" class=\"wp-image-10771\" srcset=\"https:\/\/focotocantinense.com.br\/wp-content\/uploads\/2025\/07\/F10-Comerciantes-celebram-o-aumento-nas-vendas-e-a-geracao-de-emprego-durante-o-mes-de-julho.foto-Marcio-Vieira-GovTO-1024x585.jpg 1024w, https:\/\/focotocantinense.com.br\/wp-content\/uploads\/2025\/07\/F10-Comerciantes-celebram-o-aumento-nas-vendas-e-a-geracao-de-emprego-durante-o-mes-de-julho.foto-Marcio-Vieira-GovTO-300x171.jpg 300w, https:\/\/focotocantinense.com.br\/wp-content\/uploads\/2025\/07\/F10-Comerciantes-celebram-o-aumento-nas-vendas-e-a-geracao-de-emprego-durante-o-mes-de-julho.foto-Marcio-Vieira-GovTO-768x439.jpg 768w, https:\/\/focotocantinense.com.br\/wp-content\/uploads\/2025\/07\/F10-Comerciantes-celebram-o-aumento-nas-vendas-e-a-geracao-de-emprego-durante-o-mes-de-julho.foto-Marcio-Vieira-GovTO-1536x878.jpg 1536w, https:\/\/focotocantinense.com.br\/wp-content\/uploads\/2025\/07\/F10-Comerciantes-celebram-o-aumento-nas-vendas-e-a-geracao-de-emprego-durante-o-mes-de-julho.foto-Marcio-Vieira-GovTO-2048x1171.jpg 2048w\" sizes=\"auto, (max-width: 1024px) 100vw, 1024px\" \/><\/figure>\n\n\n\n<p>O subtenente do Corpo de Bombeiros Militar do Tocantins, Heryko Alves de Souza, explicou que o trabalho preventivo \u00e9 essencial. \u201cEstamos aqui orientando e cuidando dos banhistas, com foco especial nas crian\u00e7as. Toda a extens\u00e3o da praia est\u00e1 sinalizada com placas e bandeiras que indicam as \u00e1reas adequadas para banho e o tr\u00e1fego de embarca\u00e7\u00f5es. Tamb\u00e9m repassamos \u00e1udios com orienta\u00e7\u00f5es \u00e0 equipe de som da organiza\u00e7\u00e3o, refor\u00e7ando as recomenda\u00e7\u00f5es de seguran\u00e7a. \u00c9 fundamental respeitar os limites demarcados e, em caso de ingest\u00e3o de bebida alco\u00f3lica, evitar mergulhos em \u00e1reas profundas. Nosso efetivo est\u00e1 dispon\u00edvel para qualquer necessidade da popula\u00e7\u00e3o\u201d, alertou.<br><br><strong>Travessia e acesso<\/strong><br><br>A travessia at\u00e9 a praia \u00e9 realizada por meio da Associa\u00e7\u00e3o de Barqueiros de Peixe, que opera neste ano com seis embarca\u00e7\u00f5es dispon\u00edveis 24 horas por dia. O valor da travessia \u00e9 de R$ 7,50 ida e R$ 7,50 a volta, sendo gratuita para crian\u00e7as de at\u00e9 5 anos.<br><br>\u201cA expectativa para este ano \u00e9 ainda melhor. J\u00e1 s\u00e3o 31 anos trabalhando durante a temporada de praia, e, gra\u00e7as a Deus, \u00e9 uma oportunidade que faz diferen\u00e7a na nossa vida. A gente aproveita esses 30 dias para garantir uma renda boa em pouco tempo. \u00c9 um valor que ajuda muito no sustento da fam\u00edlia, ent\u00e3o n\u00e3o temos do que reclamar. Sou um dos mais antigos por aqui\u201d, detalhou o barqueiro Narciso Ponce, que h\u00e1 31 anos conduz turistas na travessia at\u00e9 a Praia da Tartaruga, sendo um dos pioneiros na atividade.<\/p>\n\n\n\n<p><br><\/p>\n\n\n\n<p><br><strong>Programa\u00e7\u00e3o cultural<\/strong><br><br>A temporada 2025 foi aberta oficialmente nesta sexta-feira, 11, com show do cantor Tony Salles, marcando o in\u00edcio do Festival Peixe Ver\u00e3o 2025. A festa segue neste s\u00e1bado, 12, com apresenta\u00e7\u00e3o do grupo Papo em Off. No Palco Praia, a anima\u00e7\u00e3o fica por conta de Robinho Estilizado, Deusa Pinheiro e DJ Bonf\u00e1, a partir das 14 horas. Durante todo o m\u00eas de julho, a praia contar\u00e1 com programa\u00e7\u00e3o cultural aos fins de semana.<br><br>Na sexta-feira, 18, sobe ao palco Psirico, DJ Charles Bonf\u00e1 e DJ Lelis. No s\u00e1bado, 19, \u00e9 a vez das bandas Chicote de Luxo e Z\u00e9 Viana &amp; Gabriel animarem o p\u00fablico, seguidos pelo D\u00e9cio Gomes \u00a0DJ. J\u00e1 na sexta-feira, 25, a anima\u00e7\u00e3o fica por conta de Luciano Lins e Z\u00e9 Ot\u00e1vio. A programa\u00e7\u00e3o segue na sexta-feira, 25, com apresenta\u00e7\u00f5es de Luciano Lins e Z\u00e9 Ot\u00e1vio. Encerrando o fim de semana, no s\u00e1bado, 26, o cantor Fl\u00e1vio Pisada Quente promete agitar a praia com muito forr\u00f3 e uma energia contagiante. Al\u00e9m das atra\u00e7\u00f5es j\u00e1 confirmadas, a temporada tamb\u00e9m contar\u00e1 com shows surpresa ao longo da programa\u00e7\u00e3o, garantindo ainda mais emo\u00e7\u00e3o e entretenimento para os visitantes.<\/p>\n\n\n\n<p><strong>Projeto Praia Consciente<\/strong><br><br>Promovido pelo Governo do Tocantins, por meio da Secretaria de Estado do Meio Ambiente e Recursos H\u00eddricos (Semarh), o projeto Praia Consciente tem como objetivo principal educar os usu\u00e1rios das praias, incluindo comerciantes, barqueiros e turistas sobre a import\u00e2ncia do descarte correto de res\u00edduos e a preserva\u00e7\u00e3o do meio ambiente. A a\u00e7\u00e3o esteve no munic\u00edpio de Peixe no primeiro final de semana de julho.<br><br>Entre os dias 11 e 13 de julho, o projeto estar\u00e1 em Tupiratins, Pedro Afonso, Araguacema e Rio Sono. Na sequ\u00eancia, de 18 a 20 de julho, em Itacaj\u00e1, Tocantin\u00f3polis, Araguan\u00e3, Caseara e Marian\u00f3polis. J\u00e1 entre 25 e 27 de julho, o projeto chega \u00e0s praias de Rio dos Bois, Ponte Alta, Paran\u00e3 e Xambio\u00e1. Entre os dias 1\u00ba e 3 de agosto, o Praia Consciente ser\u00e1 promovido em Baba\u00e7ul\u00e2ndia, Itaguatins, Esperantina e Araguatins. A programa\u00e7\u00e3o inclui visita\u00e7\u00e3o in loco, palestras educativas, atividades recreativas, inclus\u00e3o com cadeiras anf\u00edbias para pessoas com defici\u00eancia ou mobilidade reduzida, al\u00e9m do monitoramento das a\u00e7\u00f5es realizadas na praia.<br><br><strong>Selo praia respons\u00e1vel 2025<\/strong><br><br>Em 2025, a Setur est\u00e1 dando continuidade ao Selo Praia Respons\u00e1vel, iniciativa que certifica praias fluviais que adotam pr\u00e1ticas sustent\u00e1veis e promovem o turismo respons\u00e1vel. A novidade deste ano \u00e9 a amplia\u00e7\u00e3o da premia\u00e7\u00e3o, que passa a contemplar n\u00e3o apenas as praias tempor\u00e1rias, mas tamb\u00e9m as permanentes. Os valores s\u00e3o de R$ 150 mil para praias tempor\u00e1rias e R$ 80 mil para praias permanentes que atenderem aos crit\u00e9rios do selo.<\/p>\n","protected":false},"excerpt":{"rendered":"<p>Localizada no munic\u00edpio de Peixe, no sul do estado, a Praia da Tartaruga encanta com suas \u00e1guas cristalinas e estrutura acolhedora; a expectativa \u00e9 receber mais de 30 mil visitantes nesta temporada D\u00e9bora Gomes\/Governo do Tocantins Com \u00e1guas cristalinas, areia branca e um p\u00f4r do sol que mais parece pintura, a Praia da Tartaruga, localizada &hellip;<\/p>\n","protected":false},"author":5,"featured_media":10769,"comment_status":"open","ping_status":"open","sticky":false,"template":"","format":"standard","meta":{"footnotes":""},"categories":[1],"tags":[],"class_list":["post-10772","post","type-post","status-publish","format-standard","has-post-thumbnail","","category-sem-categoria"],"_links":{"self":[{"href":"https:\/\/focotocantinense.com.br\/index.php?rest_route=\/wp\/v2\/posts\/10772","targetHints":{"allow":["GET"]}}],"collection":[{"href":"https:\/\/focotocantinense.com.br\/index.php?rest_route=\/wp\/v2\/posts"}],"about":[{"href":"https:\/\/focotocantinense.com.br\/index.php?rest_route=\/wp\/v2\/types\/post"}],"author":[{"embeddable":true,"href":"https:\/\/focotocantinense.com.br\/index.php?rest_route=\/wp\/v2\/users\/5"}],"replies":[{"embeddable":true,"href":"https:\/\/focotocantinense.com.br\/index.php?rest_route=%2Fwp%2Fv2%2Fcomments&post=10772"}],"version-history":[{"count":2,"href":"https:\/\/focotocantinense.com.br\/index.php?rest_route=\/wp\/v2\/posts\/10772\/revisions"}],"predecessor-version":[{"id":10775,"href":"https:\/\/focotocantinense.com.br\/index.php?rest_route=\/wp\/v2\/posts\/10772\/revisions\/10775"}],"wp:featuredmedia":[{"embeddable":true,"href":"https:\/\/focotocantinense.com.br\/index.php?rest_route=\/wp\/v2\/media\/10769"}],"wp:attachment":[{"href":"https:\/\/focotocantinense.com.br\/index.php?rest_route=%2Fwp%2Fv2%2Fmedia&parent=10772"}],"wp:term":[{"taxonomy":"category","embeddable":true,"href":"https:\/\/focotocantinense.com.br\/index.php?rest_route=%2Fwp%2Fv2%2Fcategories&post=10772"},{"taxonomy":"post_tag","embeddable":true,"href":"https:\/\/focotocantinense.com.br\/index.php?rest_route=%2Fwp%2Fv2%2Ftags&post=10772"}],"curies":[{"name":"wp","href":"https:\/\/api.w.org\/{rel}","templated":true}]}}