{"id":10756,"date":"2025-07-12T19:47:40","date_gmt":"2025-07-12T22:47:40","guid":{"rendered":"https:\/\/focotocantinense.com.br\/?p=10756"},"modified":"2025-07-12T20:34:09","modified_gmt":"2025-07-12T23:34:09","slug":"jornalistas-de-turismo-um-congresso-que-deu-certo","status":"publish","type":"post","link":"https:\/\/focotocantinense.com.br\/?p=10756","title":{"rendered":"JORNALISTAS DE TURISMO &#8211; Um congresso que deu certo"},"content":{"rendered":"\n<p><strong>Por Gil Correia<\/strong><\/p>\n\n\n\n<p>H\u00e1 eventos que acontecem e logo s\u00e3o esquecidos. Outros, por\u00e9m, permanecem. N\u00e3o s\u00f3 na mem\u00f3ria de quem esteve presente, mas tamb\u00e9m nas p\u00e1ginas, nas imagens, nos v\u00eddeos, nas redes, nas conversas e, sobretudo, nos cora\u00e7\u00f5es. O II Congresso Brasileiro dos Jornalistas e Comunicadores de Turismo, realizado em Bel\u00e9m do Par\u00e1, entre os dias 10 e 15, foi desses. Um encontro que deu certo. E deu certo por muitos motivos.<\/p>\n\n\n\n<figure class=\"wp-block-image size-full is-resized\"><img loading=\"lazy\" decoding=\"async\" width=\"698\" height=\"379\" src=\"https:\/\/focotocantinense.com.br\/wp-content\/uploads\/2025\/07\/AAAAAAAAAAAAAAAAAAAAAAAAAAAAAAAAAAAA.jpeg\" alt=\"\" class=\"wp-image-10757\" style=\"width:408px;height:auto\" srcset=\"https:\/\/focotocantinense.com.br\/wp-content\/uploads\/2025\/07\/AAAAAAAAAAAAAAAAAAAAAAAAAAAAAAAAAAAA.jpeg 698w, https:\/\/focotocantinense.com.br\/wp-content\/uploads\/2025\/07\/AAAAAAAAAAAAAAAAAAAAAAAAAAAAAAAAAAAA-300x163.jpeg 300w\" sizes=\"auto, (max-width: 698px) 100vw, 698px\" \/><\/figure>\n\n\n\n<p><strong><em>Abertura do II Congresso, no Teatro Esta\u00e7\u00e3o Gas\u00f4metro (Foto: Eduardo Santana )<\/em><\/strong><\/p>\n\n\n\n<p>Comecemos pela geografia. Bel\u00e9m, guardi\u00e3 da Amaz\u00f4nia, com seu povo acolhedor e uma cultura pulsante, foi mais do que palco. Foi protagonista. Receber profissionais de diversos estados do Brasil e convidados internacionais do Uruguai, Portugal e Espanha n\u00e3o \u00e9 tarefa simples. Mas Bel\u00e9m recebeu a todos com a eleg\u00e2ncia de quem sabe o valor que tem.<\/p>\n\n\n\n<p>A FEBTUR Nacional e a FEBTUR Par\u00e1 acertaram em cheio na curadoria da programa\u00e7\u00e3o, que&nbsp;&nbsp;foi plural, inquieta, necess\u00e1ria. Entre mesas-redondas, palestras e rodas de conversa, os participantes mergulharam em temas urgentes, comunica\u00e7\u00e3o estrat\u00e9gica, turismo sustent\u00e1vel, clima, Amaz\u00f4nia, produ\u00e7\u00e3o tur\u00edstica e o futuro do Par\u00e1 num ano simb\u00f3lico, com a COP 30 se aproximando como marco hist\u00f3rico. O tema central do congresso foi preciso e provocador: \u201cSustentabilidade tamb\u00e9m se faz com informa\u00e7\u00e3o\u201d, um chamado \u00e0 responsabilidade comunicativa diante dos desafios ambientais e sociais.<\/p>\n\n\n\n<figure class=\"wp-block-image is-resized\"><img decoding=\"async\" src=\"https:\/\/blogger.googleusercontent.com\/img\/b\/R29vZ2xl\/AVvXsEjhyphenhyphenAkBTJYJVz43dx-RIPHCV1VfFyq-eHOuQB8PsX7xcj_WjQoahEdT5VtDzggmOEeFelkYvx1nWNqKj6V9q3LCMMfxj6F-T0GlQii-vhoSAVnnnXZAuLbxoMaTKQ5G6S8B1Oi2A7lWloij3VqrV-a3ImgwDrT7q70LK6W2Ox5uHybpqR-UQhAJM95Ph7_o\/w501-h346\/Visita-a-fabrica-de-chocolates-artesanais-Filha-do-Combu-Eduardo-Santana--1536x1061.jpeg\" alt=\"\" style=\"width:840px;height:auto\"\/><\/figure>\n\n\n\n<p><strong><em>Visita \u00e0 f\u00e1brica de chocolates artesanais localizada num belo projeto de agrofloesta na ilha do Combu (Foto: Gil Correia)<\/em><\/strong><\/p>\n\n\n\n<figure class=\"wp-block-image size-large\"><img loading=\"lazy\" decoding=\"async\" width=\"1024\" height=\"335\" src=\"https:\/\/focotocantinense.com.br\/wp-content\/uploads\/2025\/07\/NA-ORLA-DE-AUGUSTO-CORREIA-FOTO-JOAO-RAMID-1024x335.jpg\" alt=\"\" class=\"wp-image-10762\" srcset=\"https:\/\/focotocantinense.com.br\/wp-content\/uploads\/2025\/07\/NA-ORLA-DE-AUGUSTO-CORREIA-FOTO-JOAO-RAMID-1024x335.jpg 1024w, https:\/\/focotocantinense.com.br\/wp-content\/uploads\/2025\/07\/NA-ORLA-DE-AUGUSTO-CORREIA-FOTO-JOAO-RAMID-300x98.jpg 300w, https:\/\/focotocantinense.com.br\/wp-content\/uploads\/2025\/07\/NA-ORLA-DE-AUGUSTO-CORREIA-FOTO-JOAO-RAMID-768x251.jpg 768w, https:\/\/focotocantinense.com.br\/wp-content\/uploads\/2025\/07\/NA-ORLA-DE-AUGUSTO-CORREIA-FOTO-JOAO-RAMID-1536x502.jpg 1536w, https:\/\/focotocantinense.com.br\/wp-content\/uploads\/2025\/07\/NA-ORLA-DE-AUGUSTO-CORREIA-FOTO-JOAO-RAMID-2048x669.jpg 2048w\" sizes=\"auto, (max-width: 1024px) 100vw, 1024px\" \/><\/figure>\n\n\n\n<p><strong><em>Jornalistas na orla da cidade de Augusto Correia (Foto: Jo\u00e3o Ramid)<\/em><\/strong><\/p>\n\n\n\n<p><strong>Experi\u00eancias e viv\u00eancias<\/strong><\/p>\n\n\n\n<p>Al\u00e9m do conte\u00fado te\u00f3rico, o congresso se destacou pelas viv\u00eancias e experi\u00eancias pr\u00e1ticas. Os participantes puderam percorrer roteiros cuidadosamente planejados, com imers\u00f5es em destinos tur\u00edsticos emblem\u00e1ticos da regi\u00e3o amaz\u00f4nica, como Bel\u00e9m (continental e insular), Augusto Corr\u00eaa, Bragan\u00e7a, Salin\u00f3polis, Combu e Mosqueiro. Foi uma oportunidade \u00fanica de conhecer in loco iniciativas de turismo comunit\u00e1rio, projetos culturais, a\u00e7\u00f5es de valoriza\u00e7\u00e3o da gastronomia e das tradi\u00e7\u00f5es locais. Uma aula viva de como o turismo pode e deve caminhar junto com as comunidades, respeitando o bioma, a identidade e os saberes regionais.<\/p>\n\n\n\n<p>Mais do que eventos paralelos, houve encontros profundos entre vis\u00f5es de mundo, entre experi\u00eancias distintas, entre o que somos e o que ainda podemos ser como pa\u00eds que precisa compreender melhor seu potencial tur\u00edstico, natural e comunicacional.<\/p>\n\n\n\n<figure class=\"wp-block-image is-resized\"><img decoding=\"async\" src=\"https:\/\/blogger.googleusercontent.com\/img\/b\/R29vZ2xl\/AVvXsEi5NS6QcWwKo-kGDIu3qV4hvpJ3z82AIMBxOKRurzvLPt1TbUBhzayPWixzStwKj8e1X9smsc1IGzmpWKPylJqI2Wed5eQaz5FC4d4QTYYxreyIr1-IDjzKcy4KNCRw13hywpi845jfdF3c-LKYVdnyUkIojRn8fL8NqsOSkfrOqAfKHJVxOtHTGL-zT3-7\/w536-h243\/FAZENDA%20BACURI%20EM%20ALGUSTO%20%20CORREIA.jpeg\" alt=\"\" style=\"width:840px;height:auto\"\/><\/figure>\n\n\n\n<p><strong><em>Comitiva de jornalistas em visita \u00e0 Fazenda Buriti, no munic\u00edpio de Augusto Correia (Foto: Jo\u00e3o Ramid)<\/em><\/strong><\/p>\n\n\n\n<p><strong>Mobiliza\u00e7\u00e3o e engajamento<\/strong><\/p>\n\n\n\n<p>O congresso tamb\u00e9m cumpriu um papel que vai al\u00e9m da troca t\u00e9cnica, ele mobilizou. O engajamento dos profissionais foi tamanho que, mesmo um m\u00eas ap\u00f3s o encerramento, mais de 1.300 mat\u00e9rias produzidas ou em produ\u00e7\u00e3o, publicadas ou ainda em fase de publica\u00e7\u00e3o, repercutindo o que foi vivido ali. O evento se tornou pauta viva, mat\u00e9ria em movimento, sinal claro de que algo muito maior foi plantado em solo amaz\u00f4nico.<\/p>\n\n\n\n<figure class=\"wp-block-image is-resized\"><img decoding=\"async\" src=\"https:\/\/blogger.googleusercontent.com\/img\/b\/R29vZ2xl\/AVvXsEgyRX8IqEXvGjAryl2_9RAC8DBqONZOXyaoHQSlke6o-cunmtHDhkdT9BYldu7KxaiZP1wbKvS2pNOHuZEWFmSJm0vQ4vrCpXvlff-4NWOIXsHqvJ6lMriAyQwwCB5Ym_kVkkyZsGQzpibobaRgaqJ6pm_TGcAYFsp-HVhTu4TjycTN0FvLTxzvXmS9gFCt\/w489-h652\/ilha%20do%20combu.jpg\" alt=\"\" style=\"width:840px;height:auto\"\/><\/figure>\n\n\n\n<p><em><strong>De Gurupi, no Estado do Tocantinis, o jornalista Zacarias martins ficou encantado ao fazer um regisro especial tendo ao fundo uma bela Sama\u00fama de cerca de 300 anos na Iilha do Combu. Trata-se de uma&nbsp; \u00e1rvore gigante da Amaz\u00f4nia,&nbsp;<\/strong><\/em><strong><em>considerada sagrada por muitos povos ind\u00edgenas e possui grande import\u00e2ncia cultural e ecol\u00f3gica.&nbsp; &nbsp;(Foto: Gil Correia)<\/em><\/strong><\/p>\n\n\n\n<p>Outro ponto alto foi a s\u00f3lida rede de apoio e patroc\u00ednio que viabilizou e fortaleceu o congresso. A parceria entre a FEBTUR, o Minist\u00e9rio do Turismo, Sebrae Par\u00e1, Vale, Equatorial Energia e dezenas de parceiros locais, como a Prefeitura de Bel\u00e9m, Prefeitura de Augusto Corr\u00eaa, Governo do Par\u00e1, Fecom\u00e9rcio\/PA, Sudam, e empresas do setor como Carvalho Tur, Casa de Saulo, Henvil Transportes, Point do A\u00e7a\u00ed e o Bel\u00e9m Convention &amp; Visitors Bureau, mostrou-se exitosa e vitoriosa. O saldo positivo n\u00e3o foi apenas log\u00edstico ou financeiro. Foi institucional, social e humano. A confian\u00e7a no projeto e no seu prop\u00f3sito foi recompensada com resultados concretos e duradouros.<\/p>\n\n\n\n<figure class=\"wp-block-image is-resized\"><a href=\"https:\/\/blogger.googleusercontent.com\/img\/b\/R29vZ2xl\/AVvXsEixLDPi1pbywnfZ9MfTINYUWzuUMI9CTxazhUq_8tU7XiUKwXSytdUxlqGJhbS9fBVJhYl2g-bYK4lSI03GBpzFTpzX43B1tnLlQoSbJb6_TkF607w6Ux5zcMyzi5DKOlIB16vRvVvg0Ztz6BzuazJ6SqTBVtDBJr3AdkzbkGiUqE28HD1mT282HTLpqBsm\/s1300\/ssssssssssssssssssssssssssssss.jpg\"><img decoding=\"async\" src=\"https:\/\/blogger.googleusercontent.com\/img\/b\/R29vZ2xl\/AVvXsEixLDPi1pbywnfZ9MfTINYUWzuUMI9CTxazhUq_8tU7XiUKwXSytdUxlqGJhbS9fBVJhYl2g-bYK4lSI03GBpzFTpzX43B1tnLlQoSbJb6_TkF607w6Ux5zcMyzi5DKOlIB16vRvVvg0Ztz6BzuazJ6SqTBVtDBJr3AdkzbkGiUqE28HD1mT282HTLpqBsm\/w495-h329\/ssssssssssssssssssssssssssssss.jpg\" alt=\"\" style=\"width:840px;height:auto\"\/><\/a><\/figure>\n\n\n\n<p><strong><em>Bel\u00e9m foi o grande palco para a realiza\u00e7\u00e3o do II Congresso da Febtur. (Foto: Bruno Cecim\/ Ag\u00eancia Par\u00e1)<\/em><\/strong><\/p>\n\n\n\n<p>Em um tempo de urg\u00eancias ambientais e desafios comunicacionais, o II Congresso mostrou que \u00e9 poss\u00edvel alinhar \u00e9tica, turismo e jornalismo em torno de um bem maior: o desenvolvimento humano e sustent\u00e1vel. E mostrou, sobretudo, que quando h\u00e1 organiza\u00e7\u00e3o, esp\u00edrito coletivo e compromisso com o futuro, n\u00e3o h\u00e1 fronteiras que nos detenham.<\/p>\n\n\n\n<figure class=\"wp-block-image is-resized\"><a href=\"https:\/\/blogger.googleusercontent.com\/img\/b\/R29vZ2xl\/AVvXsEgGVaV6EzGG5LvtG7kopU3qfN4g2GxE63_wh8vGL1ZmvUUsFD0cO9Ol2q_lqCLVR5NIthOoQlhsthiNcz69ZYLQkB_bFbjC7ArezhfmbpoLctWHJVqyI8Q-oONVreyQ2cpLD2pWxyE6Io1NqBYzLESqLpojfOt8Bhg4u_-4_SU2aFG5X3zELGFW031Taglh\/s593\/Foto%20Eduardo%20Santana%20%E2%80%93%20Visita%20ao%20Mangal%20das%20Gar%C3%A7as%20com%20plantio%20de%20%C3%A1rvores.jpeg\"><img decoding=\"async\" src=\"https:\/\/blogger.googleusercontent.com\/img\/b\/R29vZ2xl\/AVvXsEgGVaV6EzGG5LvtG7kopU3qfN4g2GxE63_wh8vGL1ZmvUUsFD0cO9Ol2q_lqCLVR5NIthOoQlhsthiNcz69ZYLQkB_bFbjC7ArezhfmbpoLctWHJVqyI8Q-oONVreyQ2cpLD2pWxyE6Io1NqBYzLESqLpojfOt8Bhg4u_-4_SU2aFG5X3zELGFW031Taglh\/w480-h321\/Foto%20Eduardo%20Santana%20%E2%80%93%20Visita%20ao%20Mangal%20das%20Gar%C3%A7as%20com%20plantio%20de%20%C3%A1rvores.jpeg\" alt=\"\" style=\"width:840px;height:auto\"\/><\/a><\/figure>\n\n\n\n<p><strong><em>Visita ao Mangal das Gar\u00e7as com plantio de \u00e1rvores&nbsp;(Foto Eduardo Santana)<\/em><\/strong><\/p>\n\n\n\n<p><strong>Novos rumos e a\u00e7\u00f5es<\/strong><\/p>\n\n\n\n<p>Se o II Congresso foi grande, a promessa do que vir\u00e1 \u00e9 ainda maior. Em 2026, o segundo encontro nacional, j\u00e1 em fase de prepara\u00e7\u00e3o. Em 2027, o III Congresso Nacional. Mas se aprendemos algo em Bel\u00e9m, \u00e9 que mais do que planejar datas, precisamos manter o esp\u00edrito aceso da colabora\u00e7\u00e3o, do engajamento, de constru\u00e7\u00e3o conjunta.<\/p>\n\n\n\n<figure class=\"wp-block-image is-resized\"><img decoding=\"async\" src=\"https:\/\/blogger.googleusercontent.com\/img\/b\/R29vZ2xl\/AVvXsEhElcwhOdzdGoLBLVbvlTTbwqSbJWc3gYmKxXGW_BfDkGD44PqdWG_HwQgNF961WByqVuagL5yT2aoH568MvSMuyoJ851Fs6g-rbxBDLgfTOZTGv0_XXJeJ3fvp34pasnkJQqvXGJZIK6_irj1alnAJBBRlDUrxgIDV6jTDTXoZMij76M7E9sOVQDgsMtZo\/w512-h279\/ASSEMBLEIA-GERAL-FEBTUR-1068x580%20foto%20Eduardo%20Santana.jpeg\" alt=\"\" style=\"width:840px;height:auto\"\/><\/figure>\n\n\n\n<p><strong><em>Evento nacional promovido pela Febtur em Bel\u00e9m do Par\u00e1 teve seis dias de atividades intensas, incluindo palestras e pain\u00e9is, visitas t\u00e9cnicas, imers\u00f5es culturais e lan\u00e7amento de ferramentas de comunica\u00e7\u00e3o para o setor (Foto: Eduardo Santana)<\/em><\/strong><\/p>\n\n\n\n<p>O II Congresso foi, enfim, um farol aceso sobre o turismo brasileiro. E n\u00f3s, jornalistas e comunicadores, sa\u00edmos de l\u00e1 n\u00e3o apenas com pautas, mas com prop\u00f3sito renovado de comunicar para transformar. E, por que n\u00e3o, fazer turismo como miss\u00e3o de pertencimento e amor ao que \u00e9 nosso.<\/p>\n\n\n\n<p><strong><em>Miss\u00e3o cumprida. Que venham outras e novas miss\u00f5es. A FEBTUR est\u00e1 preparada.<\/em><\/strong><\/p>\n\n\n\n<figure class=\"wp-block-image is-resized\"><img decoding=\"async\" src=\"https:\/\/blogger.googleusercontent.com\/img\/b\/R29vZ2xl\/AVvXsEjZ1Aqq6oRektr7p4isbZDsuDxxqPDLCjjYTtU3yr2PPdU99KuCgsf80d2W7fXMrQxMVzrrGBQ2L6dSZI6V5ziaWVXOTFRlvu4jWYPWnFFD4VDfGHxmzjLuSq8urmnst0BV_jSa5102ilCN2Bq_vz37F6KsUfxF7vWNFaDbezOuZXT3gG44IBuhiP124YFH\/w553-h334\/PATROCINADORES%20FEBTUR.jpeg\" alt=\"\" style=\"width:840px;height:auto\"\/><\/figure>\n\n\n\n<figure class=\"wp-block-image is-resized\"><a href=\"https:\/\/blogger.googleusercontent.com\/img\/b\/R29vZ2xl\/AVvXsEgo6TqEUzlLurEElbF1lKJeLjCpApEmmjAm_ZW_-53vKroAvmZTe4-W4xSZnz1YUtx6zdt5Pno_gwI3pay4JufYvf6bkLnDkhY6MQVOV2Tkb1Rfjpmm0fPnwZwyWw9cpkv4t8ztIy53fEcEsPwJBtz_Bi13mwF8IpEKoMqZNBImqXkc-4WCNuXLumlESnJw\/s727\/SHOW%20DE%20HUMOR%20DE%20VINICIUS%20MARTINS.jpeg\"><img decoding=\"async\" src=\"https:\/\/blogger.googleusercontent.com\/img\/b\/R29vZ2xl\/AVvXsEgo6TqEUzlLurEElbF1lKJeLjCpApEmmjAm_ZW_-53vKroAvmZTe4-W4xSZnz1YUtx6zdt5Pno_gwI3pay4JufYvf6bkLnDkhY6MQVOV2Tkb1Rfjpmm0fPnwZwyWw9cpkv4t8ztIy53fEcEsPwJBtz_Bi13mwF8IpEKoMqZNBImqXkc-4WCNuXLumlESnJw\/w502-h127\/SHOW%20DE%20HUMOR%20DE%20VINICIUS%20MARTINS.jpeg\" alt=\"\" style=\"width:840px;height:auto\"\/><\/a><\/figure>\n","protected":false},"excerpt":{"rendered":"<p>Por Gil Correia H\u00e1 eventos que acontecem e logo s\u00e3o esquecidos. Outros, por\u00e9m, permanecem. N\u00e3o s\u00f3 na mem\u00f3ria de quem esteve presente, mas tamb\u00e9m nas p\u00e1ginas, nas imagens, nos v\u00eddeos, nas redes, nas conversas e, sobretudo, nos cora\u00e7\u00f5es. O II Congresso Brasileiro dos Jornalistas e Comunicadores de Turismo, realizado em Bel\u00e9m do Par\u00e1, entre os &hellip;<\/p>\n","protected":false},"author":5,"featured_media":10757,"comment_status":"open","ping_status":"open","sticky":false,"template":"","format":"standard","meta":{"footnotes":""},"categories":[103],"tags":[],"class_list":["post-10756","post","type-post","status-publish","format-standard","has-post-thumbnail","","category-brasil"],"_links":{"self":[{"href":"https:\/\/focotocantinense.com.br\/index.php?rest_route=\/wp\/v2\/posts\/10756","targetHints":{"allow":["GET"]}}],"collection":[{"href":"https:\/\/focotocantinense.com.br\/index.php?rest_route=\/wp\/v2\/posts"}],"about":[{"href":"https:\/\/focotocantinense.com.br\/index.php?rest_route=\/wp\/v2\/types\/post"}],"author":[{"embeddable":true,"href":"https:\/\/focotocantinense.com.br\/index.php?rest_route=\/wp\/v2\/users\/5"}],"replies":[{"embeddable":true,"href":"https:\/\/focotocantinense.com.br\/index.php?rest_route=%2Fwp%2Fv2%2Fcomments&post=10756"}],"version-history":[{"count":5,"href":"https:\/\/focotocantinense.com.br\/index.php?rest_route=\/wp\/v2\/posts\/10756\/revisions"}],"predecessor-version":[{"id":10764,"href":"https:\/\/focotocantinense.com.br\/index.php?rest_route=\/wp\/v2\/posts\/10756\/revisions\/10764"}],"wp:featuredmedia":[{"embeddable":true,"href":"https:\/\/focotocantinense.com.br\/index.php?rest_route=\/wp\/v2\/media\/10757"}],"wp:attachment":[{"href":"https:\/\/focotocantinense.com.br\/index.php?rest_route=%2Fwp%2Fv2%2Fmedia&parent=10756"}],"wp:term":[{"taxonomy":"category","embeddable":true,"href":"https:\/\/focotocantinense.com.br\/index.php?rest_route=%2Fwp%2Fv2%2Fcategories&post=10756"},{"taxonomy":"post_tag","embeddable":true,"href":"https:\/\/focotocantinense.com.br\/index.php?rest_route=%2Fwp%2Fv2%2Ftags&post=10756"}],"curies":[{"name":"wp","href":"https:\/\/api.w.org\/{rel}","templated":true}]}}