{"id":10748,"date":"2025-07-12T08:01:18","date_gmt":"2025-07-12T11:01:18","guid":{"rendered":"https:\/\/focotocantinense.com.br\/?p=10748"},"modified":"2025-07-12T08:28:15","modified_gmt":"2025-07-12T11:28:15","slug":"hoje-e-o-aniversario-do-pastor-joao-gomes-da-silva","status":"publish","type":"post","link":"https:\/\/focotocantinense.com.br\/?p=10748","title":{"rendered":"Hoje \u00e9 o anivers\u00e1rio do Pastor Jo\u00e3o Gomes da Silva"},"content":{"rendered":"\n<blockquote class=\"wp-block-quote is-layout-flow wp-block-quote-is-layout-flow\">\n<p><em><strong>Car\u00edssimo Pastor Jo\u00e3o Gomes da Silva<\/strong><\/em><\/p>\n<\/blockquote>\n\n\n\n<p>Hoje, nossos cora\u00e7\u00f5es despertaram sentindo grande alegria e gratid\u00e3o, pois voc\u00ea completa mais um ano de vida. Feliz anivers\u00e1rio!<\/p>\n\n\n\n<p>A Deus agradecemos diariamente por t\u00ea-lo trazido para nossas vidas, pois rapidamente voc\u00ea se tornou algu\u00e9m indispens\u00e1vel para n\u00f3s. N\u00e3o s\u00f3 pelo seu exemplar minist\u00e9rio da f\u00e9, mas tamb\u00e9m como amigo..<\/p>\n\n\n\n<figure class=\"wp-block-image size-full is-resized\"><img loading=\"lazy\" decoding=\"async\" width=\"780\" height=\"530\" src=\"https:\/\/focotocantinense.com.br\/wp-content\/uploads\/2025\/07\/aaaaaaaaaaaaaaaaaa.jpg\" alt=\"\" class=\"wp-image-10749\" style=\"width:373px;height:auto\" srcset=\"https:\/\/focotocantinense.com.br\/wp-content\/uploads\/2025\/07\/aaaaaaaaaaaaaaaaaa.jpg 780w, https:\/\/focotocantinense.com.br\/wp-content\/uploads\/2025\/07\/aaaaaaaaaaaaaaaaaa-300x204.jpg 300w, https:\/\/focotocantinense.com.br\/wp-content\/uploads\/2025\/07\/aaaaaaaaaaaaaaaaaa-768x522.jpg 768w, https:\/\/focotocantinense.com.br\/wp-content\/uploads\/2025\/07\/aaaaaaaaaaaaaaaaaa-110x75.jpg 110w\" sizes=\"auto, (max-width: 780px) 100vw, 780px\" \/><\/figure>\n\n\n\n<p><strong><em>Ao lado da esposa, Ana Oliveira, demais familiares e amigos, o Pastor Jo\u00e3o Gomes da Silva celebra mais uma risonha primavera.<\/em><\/strong><\/p>\n\n\n\n<p>Hoje devemos muito a voc\u00ea e mesmo sabendo que nada nunca nos pedir\u00e1 em troca, queremos retribuir com nossa eterna lealdade, amizade e gratid\u00e3o.<\/p>\n\n\n\n<p>Que Deus lhe conceda muitos anos de vida feliz e saud\u00e1vel, e a conserve sempre junto a n\u00f3s.<\/p>\n\n\n\n<p>Parab\u00e9ns e que o Senhor a aben\u00e7oe com muita sa\u00fade, sabedoria, paz e amor. Fique na paz de Cristo!<\/p>\n\n\n\n<p><\/p>\n\n\n\n<p><strong>Na\u00e7\u00e3o Madureira<\/strong><\/p>\n\n\n\n<figure class=\"wp-block-image size-full is-resized\"><img loading=\"lazy\" decoding=\"async\" width=\"727\" height=\"184\" src=\"https:\/\/focotocantinense.com.br\/wp-content\/uploads\/2025\/07\/SHOW-DE-HUMOR-DE-VINICIUS-MARTINS-2.jpeg\" alt=\"\" class=\"wp-image-10738\" style=\"width:840px;height:auto\" srcset=\"https:\/\/focotocantinense.com.br\/wp-content\/uploads\/2025\/07\/SHOW-DE-HUMOR-DE-VINICIUS-MARTINS-2.jpeg 727w, https:\/\/focotocantinense.com.br\/wp-content\/uploads\/2025\/07\/SHOW-DE-HUMOR-DE-VINICIUS-MARTINS-2-300x76.jpeg 300w\" sizes=\"auto, (max-width: 727px) 100vw, 727px\" \/><\/figure>\n","protected":false},"excerpt":{"rendered":"<p>Car\u00edssimo Pastor Jo\u00e3o Gomes da Silva Hoje, nossos cora\u00e7\u00f5es despertaram sentindo grande alegria e gratid\u00e3o, pois voc\u00ea completa mais um ano de vida. Feliz anivers\u00e1rio! A Deus agradecemos diariamente por t\u00ea-lo trazido para nossas vidas, pois rapidamente voc\u00ea se tornou algu\u00e9m indispens\u00e1vel para n\u00f3s. N\u00e3o s\u00f3 pelo seu exemplar minist\u00e9rio da f\u00e9, mas tamb\u00e9m como &hellip;<\/p>\n","protected":false},"author":5,"featured_media":10749,"comment_status":"open","ping_status":"open","sticky":false,"template":"","format":"standard","meta":{"footnotes":""},"categories":[38],"tags":[],"class_list":["post-10748","post","type-post","status-publish","format-standard","has-post-thumbnail","","category-gurupi"],"_links":{"self":[{"href":"https:\/\/focotocantinense.com.br\/index.php?rest_route=\/wp\/v2\/posts\/10748","targetHints":{"allow":["GET"]}}],"collection":[{"href":"https:\/\/focotocantinense.com.br\/index.php?rest_route=\/wp\/v2\/posts"}],"about":[{"href":"https:\/\/focotocantinense.com.br\/index.php?rest_route=\/wp\/v2\/types\/post"}],"author":[{"embeddable":true,"href":"https:\/\/focotocantinense.com.br\/index.php?rest_route=\/wp\/v2\/users\/5"}],"replies":[{"embeddable":true,"href":"https:\/\/focotocantinense.com.br\/index.php?rest_route=%2Fwp%2Fv2%2Fcomments&post=10748"}],"version-history":[{"count":5,"href":"https:\/\/focotocantinense.com.br\/index.php?rest_route=\/wp\/v2\/posts\/10748\/revisions"}],"predecessor-version":[{"id":10755,"href":"https:\/\/focotocantinense.com.br\/index.php?rest_route=\/wp\/v2\/posts\/10748\/revisions\/10755"}],"wp:featuredmedia":[{"embeddable":true,"href":"https:\/\/focotocantinense.com.br\/index.php?rest_route=\/wp\/v2\/media\/10749"}],"wp:attachment":[{"href":"https:\/\/focotocantinense.com.br\/index.php?rest_route=%2Fwp%2Fv2%2Fmedia&parent=10748"}],"wp:term":[{"taxonomy":"category","embeddable":true,"href":"https:\/\/focotocantinense.com.br\/index.php?rest_route=%2Fwp%2Fv2%2Fcategories&post=10748"},{"taxonomy":"post_tag","embeddable":true,"href":"https:\/\/focotocantinense.com.br\/index.php?rest_route=%2Fwp%2Fv2%2Ftags&post=10748"}],"curies":[{"name":"wp","href":"https:\/\/api.w.org\/{rel}","templated":true}]}}