{"id":10745,"date":"2025-07-11T20:18:34","date_gmt":"2025-07-11T23:18:34","guid":{"rendered":"https:\/\/focotocantinense.com.br\/?p=10745"},"modified":"2025-07-11T20:18:35","modified_gmt":"2025-07-11T23:18:35","slug":"prefeitura-de-gurupi-assina-contrato-de-r-16-milhoes-para-construcao-de-100-moradias-pelo-minha-casa-minha-vida","status":"publish","type":"post","link":"https:\/\/focotocantinense.com.br\/?p=10745","title":{"rendered":"Prefeitura de Gurupi assina contrato de R$ 16 milh\u00f5es para constru\u00e7\u00e3o de 100 moradias pelo Minha Casa Minha Vida"},"content":{"rendered":"\n<p>Na tarde desta sexta-feira, 11, a prefeita de Gurupi, Josi Nunes, assinou um contrato de R$ 16 milh\u00f5es com a Caixa Econ\u00f4mica Federal para a constru\u00e7\u00e3o de 100 unidades habitacionais por meio do Programa Minha Casa Minha Vida. As moradias ser\u00e3o constru\u00eddas pela Sociedade de Apoio \u00e0 Luta pela Moradia no setor Maria Aranha, que integra o Parque Fil\u00f3 Moreira. O munic\u00edpio entra com uma contrapartida de R$ 288 mil. Os cadastros das fam\u00edlias beneficiadas j\u00e1 foram realizados.<\/p>\n\n\n\n<figure class=\"wp-block-image size-large is-resized\"><img loading=\"lazy\" decoding=\"async\" width=\"1024\" height=\"692\" src=\"https:\/\/focotocantinense.com.br\/wp-content\/uploads\/2025\/07\/assinatura-do-contrato-na-CEF-2-1024x692.jpeg\" alt=\"\" class=\"wp-image-10746\" style=\"width:357px;height:auto\" srcset=\"https:\/\/focotocantinense.com.br\/wp-content\/uploads\/2025\/07\/assinatura-do-contrato-na-CEF-2-1024x692.jpeg 1024w, https:\/\/focotocantinense.com.br\/wp-content\/uploads\/2025\/07\/assinatura-do-contrato-na-CEF-2-300x203.jpeg 300w, https:\/\/focotocantinense.com.br\/wp-content\/uploads\/2025\/07\/assinatura-do-contrato-na-CEF-2-768x519.jpeg 768w, https:\/\/focotocantinense.com.br\/wp-content\/uploads\/2025\/07\/assinatura-do-contrato-na-CEF-2-1536x1039.jpeg 1536w, https:\/\/focotocantinense.com.br\/wp-content\/uploads\/2025\/07\/assinatura-do-contrato-na-CEF-2-110x75.jpeg 110w, https:\/\/focotocantinense.com.br\/wp-content\/uploads\/2025\/07\/assinatura-do-contrato-na-CEF-2.jpeg 1584w\" sizes=\"auto, (max-width: 1024px) 100vw, 1024px\" \/><\/figure>\n\n\n\n<p><\/p>\n\n\n\n<p>O secret\u00e1rio municipal de Desenvolvimento Urbano, Eremilson Leite, ressaltou a import\u00e2ncia do momento para a pol\u00edtica habitacional da cidade. \u201cA assinatura deste contrato marca um passo fundamental para o segundo projeto habitacional em Gurupi. Esse avan\u00e7o representa muito mais do que casas: \u00e9 a concretiza\u00e7\u00e3o do compromisso da prefeita Josi e de toda sua equipe em reduzir o d\u00e9ficit habitacional, que afeta cerca de 6 mil fam\u00edlias no munic\u00edpio. \u00c9 fruto de muito trabalho e dedica\u00e7\u00e3o\u201d, afirmou.<\/p>\n\n\n\n<p>O vice-prefeito, Adailton Fonseca, acompanhou a assinatura e destacou o impacto desse avan\u00e7o. \u201cEsse contrato representa um marco importante, pois permite que todo o processo se inicie efetivamente com a constru\u00e7\u00e3o das moradias. O munic\u00edpio continua trabalhando para garantir mais habita\u00e7\u00f5es\u201d, ressaltou.<\/p>\n\n\n\n<p>A prefeita Josi Nunes destacou o esfor\u00e7o da gest\u00e3o em buscar parcerias para ampliar o acesso \u00e0 moradia. \u201cEssa conquista \u00e9 resultado de um trabalho conjunto entre o governo federal, o munic\u00edpio e a associa\u00e7\u00e3o que far\u00e1 a constru\u00e7\u00e3o das unidades. Com a assinatura do contrato, os recursos j\u00e1 come\u00e7am a ser liberados para que as obras se iniciem o quanto antes\u201d, explicou.<\/p>\n\n\n\n<p>Josi lembrou ainda que a gest\u00e3o acompanha de perto as oportunidades abertas pelo Minist\u00e9rio das Cidades. \u201cTemos cerca de 400 unidades j\u00e1 cadastradas no Minist\u00e9rio, e toda vez que h\u00e1 abertura para novos projetos, a&nbsp;Prefeitura prontamente realiza as inscri\u00e7\u00f5es para garantir mais moradias para Gurupi\u201d, enfatizou.<\/p>\n\n\n\n<p>Al\u00e9m das 100 casas anunciadas, a prefeita informou que o munic\u00edpio j\u00e1 conta com 144 apartamentos aprovados, com inscri\u00e7\u00f5es previstas para breve. \u201cEstamos trabalhando firmes para que outros tr\u00eas projetos habitacionais que protocolamos tamb\u00e9m sejam aprovados. Moradia digna \u00e9 prioridade na nossa gest\u00e3o\u201d, finalizou.<\/p>\n\n\n\n<figure class=\"wp-block-image size-full is-resized\"><img loading=\"lazy\" decoding=\"async\" width=\"727\" height=\"184\" src=\"https:\/\/focotocantinense.com.br\/wp-content\/uploads\/2025\/07\/SHOW-DE-HUMOR-DE-VINICIUS-MARTINS-2.jpeg\" alt=\"\" class=\"wp-image-10738\" style=\"width:840px;height:auto\" srcset=\"https:\/\/focotocantinense.com.br\/wp-content\/uploads\/2025\/07\/SHOW-DE-HUMOR-DE-VINICIUS-MARTINS-2.jpeg 727w, https:\/\/focotocantinense.com.br\/wp-content\/uploads\/2025\/07\/SHOW-DE-HUMOR-DE-VINICIUS-MARTINS-2-300x76.jpeg 300w\" sizes=\"auto, (max-width: 727px) 100vw, 727px\" \/><\/figure>\n","protected":false},"excerpt":{"rendered":"<p>Na tarde desta sexta-feira, 11, a prefeita de Gurupi, Josi Nunes, assinou um contrato de R$ 16 milh\u00f5es com a Caixa Econ\u00f4mica Federal para a constru\u00e7\u00e3o de 100 unidades habitacionais por meio do Programa Minha Casa Minha Vida. As moradias ser\u00e3o constru\u00eddas pela Sociedade de Apoio \u00e0 Luta pela Moradia no setor Maria Aranha, que &hellip;<\/p>\n","protected":false},"author":5,"featured_media":10746,"comment_status":"open","ping_status":"open","sticky":false,"template":"","format":"standard","meta":{"footnotes":""},"categories":[38],"tags":[],"class_list":["post-10745","post","type-post","status-publish","format-standard","has-post-thumbnail","","category-gurupi"],"_links":{"self":[{"href":"https:\/\/focotocantinense.com.br\/index.php?rest_route=\/wp\/v2\/posts\/10745","targetHints":{"allow":["GET"]}}],"collection":[{"href":"https:\/\/focotocantinense.com.br\/index.php?rest_route=\/wp\/v2\/posts"}],"about":[{"href":"https:\/\/focotocantinense.com.br\/index.php?rest_route=\/wp\/v2\/types\/post"}],"author":[{"embeddable":true,"href":"https:\/\/focotocantinense.com.br\/index.php?rest_route=\/wp\/v2\/users\/5"}],"replies":[{"embeddable":true,"href":"https:\/\/focotocantinense.com.br\/index.php?rest_route=%2Fwp%2Fv2%2Fcomments&post=10745"}],"version-history":[{"count":1,"href":"https:\/\/focotocantinense.com.br\/index.php?rest_route=\/wp\/v2\/posts\/10745\/revisions"}],"predecessor-version":[{"id":10747,"href":"https:\/\/focotocantinense.com.br\/index.php?rest_route=\/wp\/v2\/posts\/10745\/revisions\/10747"}],"wp:featuredmedia":[{"embeddable":true,"href":"https:\/\/focotocantinense.com.br\/index.php?rest_route=\/wp\/v2\/media\/10746"}],"wp:attachment":[{"href":"https:\/\/focotocantinense.com.br\/index.php?rest_route=%2Fwp%2Fv2%2Fmedia&parent=10745"}],"wp:term":[{"taxonomy":"category","embeddable":true,"href":"https:\/\/focotocantinense.com.br\/index.php?rest_route=%2Fwp%2Fv2%2Fcategories&post=10745"},{"taxonomy":"post_tag","embeddable":true,"href":"https:\/\/focotocantinense.com.br\/index.php?rest_route=%2Fwp%2Fv2%2Ftags&post=10745"}],"curies":[{"name":"wp","href":"https:\/\/api.w.org\/{rel}","templated":true}]}}