{"id":1074,"date":"2021-04-07T17:52:35","date_gmt":"2021-04-07T20:52:35","guid":{"rendered":"http:\/\/focotocantinense.com.br\/?p=1074"},"modified":"2021-04-07T17:52:37","modified_gmt":"2021-04-07T20:52:37","slug":"assembleia-prorroga-indenizacao-para-profissionais-da-policia-civil","status":"publish","type":"post","link":"https:\/\/focotocantinense.com.br\/?p=1074","title":{"rendered":"Assembleia prorroga indeniza\u00e7\u00e3o para profissionais da Pol\u00edcia Civil"},"content":{"rendered":"\n<p>Os deputados estaduais aprovaram na tarde dessa ter\u00e7a-feira, 6, em turno \u00fanico de discuss\u00e3o e aprova\u00e7\u00e3o, Medida Provis\u00f3ria do Executivo prorrogando indeniza\u00e7\u00e3o a alguns profissionais da Seguran\u00e7a P\u00fablica pelo ac\u00famulo de fun\u00e7\u00f5es administrativas.<\/p>\n\n\n\n<p>Definida para at\u00e9 dezembro deste ano, a prorroga\u00e7\u00e3o tem por base artigos previstos na Lei 3.718, de 12 de novembro de 2020. Ela disp\u00f5e sobre a cumula\u00e7\u00e3o de responsabilidades administrativas da Pol\u00edcia Civil.<\/p>\n\n\n\n<p>A lei contempla integrantes da carreira jur\u00eddica de delegado de pol\u00edcia, agente de pol\u00edcia, escriv\u00e3o de pol\u00edcia, agente de necrotomia, papiloscopista e perito oficial da Pol\u00edcia Civil do Estado do Tocantins.<\/p>\n\n\n\n<p><strong>Voto favor\u00e1vel<\/strong><\/p>\n\n\n\n<p>Os deputados manifestaram-se a favor da prorroga\u00e7\u00e3o, justificando n\u00e3o se tratar de gratifica\u00e7\u00e3o aleat\u00f3ria. &#8220;A medida j\u00e1 existe. Estamos apenas prorrogando sua validade, fazendo justi\u00e7a a quem faz ac\u00famulo de fun\u00e7\u00e3o na Pol\u00edcia Civil&#8221;, enfatizou Ivory de Lira (PCdoB), l\u00edder do Governo na Assembleia Legislativa do Tocantins (Aleto).<\/p>\n\n\n\n<p>As designa\u00e7\u00f5es para a cumula\u00e7\u00e3o de responsabilidades administrativas devem seguir normas institu\u00eddas pelo Regimento Interno da Secretaria de Seguran\u00e7a P\u00fablica do Estado do Tocantins.<\/p>\n\n\n\n<p>Para efeitos dessa lei, considera-se o ac\u00famulo de responsabilidades administrativas, dentre outros: o exerc\u00edcio pelos policiais civis em fun\u00e7\u00f5es administrativas de chefia, dire\u00e7\u00e3o e assessoramento, no cumprimento de plant\u00e3o extraordin\u00e1rio, sobreaviso extraordin\u00e1rio.<\/p>\n\n\n\n<p><strong>Percentuais<\/strong><\/p>\n\n\n\n<p>Conforme a Lei 3.178, as indeniza\u00e7\u00f5es variam de 2,7% a 40%, de acordo com os cargos, tipos de cumula\u00e7\u00f5es, plant\u00f5es e outras varia\u00e7\u00f5es espec\u00edficas.<\/p>\n\n\n\n<p><strong>Fazenda e Planejamento<\/strong><\/p>\n\n\n\n<p>Foi tamb\u00e9m aprovado nessa ter\u00e7a-feira o projeto que converte em lei a Medida Provis\u00f3ria 01\/21, em vigor desde 1\u00ba de fevereiro. Segundo a mensagem do Governo, a proposta ajusta a estrutura governamental em raz\u00e3o da pandemia por covid-19.<\/p>\n\n\n\n<p>Entre as altera\u00e7\u00f5es, o texto separa a Secretaria de Planejamento, anteriormente aglutinada \u00e0 Secretaria da Fazenda, \u201ccom a premissa de observar a otimiza\u00e7\u00e3o de recursos\u201d. Como exemplo, a mensagem do governador cita que, ao longo de 2020, a despesa de pessoal caiu de 47,57% para 44,15% do or\u00e7amento.<\/p>\n","protected":false},"excerpt":{"rendered":"<p>Os deputados estaduais aprovaram na tarde dessa ter\u00e7a-feira, 6, em turno \u00fanico de discuss\u00e3o e aprova\u00e7\u00e3o, Medida Provis\u00f3ria do Executivo prorrogando indeniza\u00e7\u00e3o a alguns profissionais da Seguran\u00e7a P\u00fablica pelo ac\u00famulo de fun\u00e7\u00f5es administrativas. Definida para at\u00e9 dezembro deste ano, a prorroga\u00e7\u00e3o tem por base artigos previstos na Lei 3.718, de 12 de novembro de 2020. &hellip;<\/p>\n","protected":false},"author":5,"featured_media":1075,"comment_status":"open","ping_status":"open","sticky":false,"template":"","format":"standard","meta":{"footnotes":""},"categories":[38],"tags":[],"class_list":["post-1074","post","type-post","status-publish","format-standard","has-post-thumbnail","","category-gurupi"],"_links":{"self":[{"href":"https:\/\/focotocantinense.com.br\/index.php?rest_route=\/wp\/v2\/posts\/1074","targetHints":{"allow":["GET"]}}],"collection":[{"href":"https:\/\/focotocantinense.com.br\/index.php?rest_route=\/wp\/v2\/posts"}],"about":[{"href":"https:\/\/focotocantinense.com.br\/index.php?rest_route=\/wp\/v2\/types\/post"}],"author":[{"embeddable":true,"href":"https:\/\/focotocantinense.com.br\/index.php?rest_route=\/wp\/v2\/users\/5"}],"replies":[{"embeddable":true,"href":"https:\/\/focotocantinense.com.br\/index.php?rest_route=%2Fwp%2Fv2%2Fcomments&post=1074"}],"version-history":[{"count":1,"href":"https:\/\/focotocantinense.com.br\/index.php?rest_route=\/wp\/v2\/posts\/1074\/revisions"}],"predecessor-version":[{"id":1076,"href":"https:\/\/focotocantinense.com.br\/index.php?rest_route=\/wp\/v2\/posts\/1074\/revisions\/1076"}],"wp:featuredmedia":[{"embeddable":true,"href":"https:\/\/focotocantinense.com.br\/index.php?rest_route=\/wp\/v2\/media\/1075"}],"wp:attachment":[{"href":"https:\/\/focotocantinense.com.br\/index.php?rest_route=%2Fwp%2Fv2%2Fmedia&parent=1074"}],"wp:term":[{"taxonomy":"category","embeddable":true,"href":"https:\/\/focotocantinense.com.br\/index.php?rest_route=%2Fwp%2Fv2%2Fcategories&post=1074"},{"taxonomy":"post_tag","embeddable":true,"href":"https:\/\/focotocantinense.com.br\/index.php?rest_route=%2Fwp%2Fv2%2Ftags&post=1074"}],"curies":[{"name":"wp","href":"https:\/\/api.w.org\/{rel}","templated":true}]}}